{"id":240698,"date":"2025-11-17T10:31:10","date_gmt":"2025-11-17T10:31:10","guid":{"rendered":"https:\/\/www.europesays.com\/es\/240698\/"},"modified":"2025-11-17T10:31:10","modified_gmt":"2025-11-17T10:31:10","slug":"bruselas-mejora-las-previsiones-de-la-economia-europea-para-2025-y-2026-pese-a-la-guerra-comercial-con-estados-unidos-economia","status":"publish","type":"post","link":"https:\/\/www.europesays.com\/es\/240698\/","title":{"rendered":"Bruselas mejora las previsiones de la econom\u00eda europea para 2025 y 2026 pese a la guerra comercial con Estados Unidos | Econom\u00eda"},"content":{"rendered":"<p class=\"\"><a href=\"https:\/\/elpais.com\/economia\/2025-11-15\/trump-retira-el-arancel-del-15-a-105-bienes-producidos-en-ecuador.html\" target=\"_self\" rel=\"nofollow noopener\" title=\"https:\/\/elpais.com\/economia\/2025-11-15\/trump-retira-el-arancel-del-15-a-105-bienes-producidos-en-ecuador.html\">La econom\u00eda europea va a salir mejor parada de lo previsto de la guerra comercial con Estados Unidos<\/a> y del incremento de aranceles. La zona euro va a crecer este a\u00f1o un 1,3% y un 1,2% el que viene, cuatro y tres d\u00e9cimas mejor de lo previsto la pasada primavera, seg\u00fan la previsi\u00f3n de la propia Comisi\u00f3n Europea. Tambi\u00e9n mejoran los pron\u00f3sticos para el conjunto de la Uni\u00f3n Europea, que se sit\u00faan en el 1,4% para 2025 y para 2026. El buen primer trimestre de este ejercicio, motivado por el adelanto de exportaciones para evitar la guerra arancelaria que se abri\u00f3 en primavera; la resistencia del mercado laboral que sostiene el consumo y unas inversiones impulsadas por el fondo de recuperaci\u00f3n explican los n\u00fameros que el Ejecutivo europeo ha presentado este lunes. <\/p>\n<p class=\"\">No hay un pa\u00eds o varios que expliquen o capitalicen la mejora de las previsiones econ\u00f3micas que presenta la Comisi\u00f3n. La inmensa mayor\u00eda de Estados miembros salen bien parados de la revisi\u00f3n de oto\u00f1o. Solo Estonia, Luxemburgo y Austria ven c\u00f3mo se rebajan sus pron\u00f3sticos. El incremento llega incluso a Alemania, la gran econom\u00eda europea, inmersa en una crisis estructural que la tiene atascada pr\u00e1cticamente desde que el primer soldado ruso invadi\u00f3 oficialmente Ucrania en febrero de 2022. No es una gran subida, apenas dos d\u00e9cimas este a\u00f1o (del 0% al 0,2%) y una el que viene (del 1,1% al 1,2%), pero pone de su parte en la mejora general. <\/p>\n<p class=\"\">Esta mejora tambi\u00e9n alcanza a Espa\u00f1a, que vuelve a erigirse como la gran econom\u00eda de la UE que m\u00e1s crece. Bruselas prev\u00e9 un 2,9% para este a\u00f1o, <a href=\"https:\/\/elpais.com\/economia\/2025-11-17\/el-gobierno-incluira-por-primera-vez-metas-de-reduccion-de-pobreza-y-desigualdad-en-el-cuadro-macroeconomico.html\" target=\"_self\" rel=\"nofollow noopener\" title=\"https:\/\/elpais.com\/economia\/2025-11-17\/el-gobierno-incluira-por-primera-vez-metas-de-reduccion-de-pobreza-y-desigualdad-en-el-cuadro-macroeconomico.html\">lo mismo que el Gobierno espa\u00f1ol en el cuadro macroecon\u00f3mico<\/a> que presentar\u00e1 este martes, seg\u00fan ha adelantado este lunes EL PA\u00cdS. Se enfriar\u00e1 algo la actividad el a\u00f1o que viene: el crecimiento ser\u00e1 del 2,3%. Seis d\u00e9cimas menos (y en todo caso una d\u00e9cima m\u00e1s de lo que prev\u00e9 el Gobierno), pero a\u00fan as\u00ed pr\u00e1cticamente duplicar\u00e1 el previsto para el conjunto del \u00e1rea monetaria. <\/p>\n<p class=\"\">La resistencia del mercado laboral, tanto en Europa como en Espa\u00f1a, ha sido clave para que la econom\u00eda tenga empuje. Mucho m\u00e1s, sin duda, en el caso espa\u00f1ol, donde la llegada de migrantes se ha convertido en un elemento determinante que explica el crecimiento del empleo, pese a que tambi\u00e9n ese a\u00f1o el paro seguir\u00e1 por encima del 10%, y el consumo interno. Y por eso, la Comisi\u00f3n, cuando explica los riesgos a los que podr\u00eda enfrentarse Espa\u00f1a en el futuro, apunta que \u201cuna desaceleraci\u00f3n m\u00e1s pronunciada de lo previsto de los flujos migratorios podr\u00eda reducir el dinamismo del mercado laboral, lo que dar\u00eda lugar a unas perspectivas menos favorables para el consumo privado y la inversi\u00f3n\u201d. <\/p>\n<p class=\"\">Para el conjunto de la Uni\u00f3n, la Comisi\u00f3n destaca que el acuerdo alcanzado en verano entre Washington y Bruselas arroja m\u00e1s certezas sobre el comercio que hace medio a\u00f1o, cuando se elaboraron las previsiones de primavera (el Ejecutivo europeo prepara dos cada a\u00f1o). El arancel general del 15% para las exportaciones que salen de Europa hacia el otro lado del Atl\u00e1ntico es \u201cel nivel m\u00e1s alto en casi un siglo\u201d, explica el documento de la direcci\u00f3n general de Econom\u00eda y Finanzas. Pero tambi\u00e9n apunta con mesura ese texto que esa tarifa aduanera es m\u00e1s baja que las de otros socios comerciales de Estados Unidos, \u201cdando una ventaja relativa a la econom\u00eda europea\u201d. \u201cSin embargo, esta ventaja se enmarca en un concreto de crecimiento moderado de las exportaciones y un euro fuerte\u201d, explica para contextualizar y reducir ese beneficio. <\/p>\n<p class=\"\">Lo que s\u00ed ha ayudado a que el an\u00e9mico comportamiento de la econom\u00eda europea en los \u00faltimos a\u00f1os no fuera peor ha sido la resistencia de los mercados laborales. Las tasas de paro \u2013en la UE y en la zona euro\u2013 seguir\u00e1n movi\u00e9ndose alrededor del 6%. Este es un porcentaje medio, que engloba tasas como la de Espa\u00f1a, donde la tasa de paro bajar\u00e1 del 10% en 2026 por primera vez en unos 15 a\u00f1os, y las de Alemania, donde con una tasa del 3,5% se puede hablar de pleno empleo pese a su estancamiento econ\u00f3mico. <\/p>\n<p class=\"\">Queda ya bastante atr\u00e1s, si nada se tuerce, la inflaci\u00f3n disparada. Los precios ya se mueven en torno al 2% y en esa perspectiva se sit\u00faan hasta 2027. Eso son buenas noticias en el Banco Central Europeo, pues se sit\u00faan en el objetivo que la autoridad tiene marcado y, por tanto, se puede deducir estabilidad en la pol\u00edtica monetaria. Esto beneficia a la concesi\u00f3n de cr\u00e9ditos en condiciones favorables y beneficia a la inversi\u00f3n de las empresas. <\/p>\n<p class=\"\">Por el lado del sector p\u00fablico, destaca el Fondo de Recuperaci\u00f3n y otras herramientas financieras de la UE que \u201cest\u00e1n amortiguando el efecto de la consolidaci\u00f3n fiscal en varios Estados miembros\u201d. \u201cEste apoyo sustenta la demanda interna, que se prev\u00e9 que sea el principal motor del crecimiento durante el horizonte de previsi\u00f3n\u201d, explica Bruselas. <\/p>\n<p class=\"\">Pero la consolidaci\u00f3n fiscal va por barrios&#8230; o por pa\u00edses. En la UE, los hay que est\u00e1n reduciendo su carga de deuda, como Portugal, que la reducir\u00e1 al en torno del 90% en el trienio que va del 2025 al 2027 o Espa\u00f1a, que llegar\u00e1 al 97% dentro de dos a\u00f1os. Son vol\u00famenes muy altos todav\u00eda, pero se trata de grandes avances cuando se compara con las cifras de hace solo cinco a\u00f1os, alrededor del 120%. <\/p>\n<p class=\"\">Los dos pa\u00edses ib\u00e9ricos \u2212mucho m\u00e1s Portugal que Espa\u00f1a\u2212 mejorar\u00e1n ese -3% como objetivo de d\u00e9ficit que recoge el Pacto de Estabilidad y Crecimiento. Y cerrar\u00e1n sus ejercicios en mejor situaci\u00f3n que el conjunto de la UE o la zona euro, donde se superar\u00e1 con holgura ese porcentaje tot\u00e9mico en la Uni\u00f3n desde que en 1992 se firmara el Tratado de Maastricht. En esto pondr\u00e1 mucho de su parte el aumento de los presupuestos de defensa que seg\u00fan los n\u00fameros que maneja la Comisi\u00f3n pasar\u00e1n de un gasto del 1,5% en 2024 del PIB al 2% en 2027. <\/p>\n","protected":false},"excerpt":{"rendered":"La econom\u00eda europea va a salir mejor parada de lo previsto de la guerra comercial con Estados Unidos&hellip;\n","protected":false},"author":2,"featured_media":240699,"comment_status":"","ping_status":"","sticky":false,"template":"","format":"standard","meta":{"footnotes":""},"categories":[80],"tags":[82,1708,95,94,25,24,1847,8064,8066,23,1617],"class_list":{"0":"post-240698","1":"post","2":"type-post","3":"status-publish","4":"format-standard","5":"has-post-thumbnail","7":"category-economia","8":"tag-business","9":"tag-comision-europea","10":"tag-economia","11":"tag-economy","12":"tag-es","13":"tag-espana","14":"tag-inflacion","15":"tag-pib","16":"tag-previsiones-economicas","17":"tag-spain","18":"tag-union-europea"},"share_on_mastodon":{"url":"https:\/\/pubeurope.com\/@es\/115564582302335435","error":""},"_links":{"self":[{"href":"https:\/\/www.europesays.com\/es\/wp-json\/wp\/v2\/posts\/240698","targetHints":{"allow":["GET"]}}],"collection":[{"href":"https:\/\/www.europesays.com\/es\/wp-json\/wp\/v2\/posts"}],"about":[{"href":"https:\/\/www.europesays.com\/es\/wp-json\/wp\/v2\/types\/post"}],"author":[{"embeddable":true,"href":"https:\/\/www.europesays.com\/es\/wp-json\/wp\/v2\/users\/2"}],"replies":[{"embeddable":true,"href":"https:\/\/www.europesays.com\/es\/wp-json\/wp\/v2\/comments?post=240698"}],"version-history":[{"count":0,"href":"https:\/\/www.europesays.com\/es\/wp-json\/wp\/v2\/posts\/240698\/revisions"}],"wp:featuredmedia":[{"embeddable":true,"href":"https:\/\/www.europesays.com\/es\/wp-json\/wp\/v2\/media\/240699"}],"wp:attachment":[{"href":"https:\/\/www.europesays.com\/es\/wp-json\/wp\/v2\/media?parent=240698"}],"wp:term":[{"taxonomy":"category","embeddable":true,"href":"https:\/\/www.europesays.com\/es\/wp-json\/wp\/v2\/categories?post=240698"},{"taxonomy":"post_tag","embeddable":true,"href":"https:\/\/www.europesays.com\/es\/wp-json\/wp\/v2\/tags?post=240698"}],"curies":[{"name":"wp","href":"https:\/\/api.w.org\/{rel}","templated":true}]}}