{"id":240714,"date":"2025-11-17T10:45:08","date_gmt":"2025-11-17T10:45:08","guid":{"rendered":"https:\/\/www.europesays.com\/es\/240714\/"},"modified":"2025-11-17T10:45:08","modified_gmt":"2025-11-17T10:45:08","slug":"que-le-pasa-a-annie-leibovitz-la-fotografa-suma-otra-polemica-por-la-ultima-portada-de-vogue","status":"publish","type":"post","link":"https:\/\/www.europesays.com\/es\/240714\/","title":{"rendered":"\u00bfQu\u00e9 le pasa a Annie Leibovitz? La fot\u00f3grafa suma otra pol\u00e9mica por la \u00faltima portada de Vogue"},"content":{"rendered":"<p>Ser\u00eda absurdo pensar que una fot\u00f3grafa con la trayectoria y cach\u00e9 de <strong>Annie Leibovitz<\/strong> necesita recurrir a la pol\u00e9mica para llamar la atenci\u00f3n. Hace ya muchos a\u00f1os que cualquiera de sus trabajos es noticia por s\u00ed solo, casi independientemente del resultado. Unas fotos de Leibovitz es algo al alcance de pocos medios y que incluso se rifan las casas reales.<\/p>\n<p>No obstante, es verdad que desde hace un tiempo parece abonada a un estilo que, por ser pol\u00edticamente correctos, no todo el mundo parece entender o compartir. <a href=\"https:\/\/photolari.com\/leibovitz-las-fotos-reales-y-las-lineas-torcidas-los-detalles-de-unos-retratos-de-137-000-euros\/\" rel=\"nofollow noopener\" target=\"_blank\">Las fotos que hizo de los reyes de Espa\u00f1a<\/a> ya generaron muchos comentarios pese a su enfoque relativamente cl\u00e1sico. Nada que ver con la colorida y un tanto surrealista propuesta para la portada del \u00faltimo n\u00famero de la revista Vogue y que, por lo visto, tampoco parece gustar a muchos.<\/p>\n<p>\nPublicidad&#13;<br \/>\n  &#13;\n<\/p>\n<p><img fetchpriority=\"high\" decoding=\"async\" data-attachment-id=\"83485\" data-permalink=\"https:\/\/photolari.com\/que-le-pasa-a-annie-leibovitz-la-fotografa-suma-otra-polemica-a-su-particular-lista-por-la-ultima-portada-de-vogue\/vogue_diciembre_2025\/\" data-orig-file=\"https:\/\/www.europesays.com\/es\/wp-content\/uploads\/2025\/11\/vogue-diciembre-2025.jpg\" data-orig-size=\"1200,1040\" data-comments-opened=\"1\" data-image-meta=\"{&quot;aperture&quot;:&quot;0&quot;,&quot;credit&quot;:&quot;&quot;,&quot;camera&quot;:&quot;&quot;,&quot;caption&quot;:&quot;&quot;,&quot;created_timestamp&quot;:&quot;0&quot;,&quot;copyright&quot;:&quot;&quot;,&quot;focal_length&quot;:&quot;0&quot;,&quot;iso&quot;:&quot;0&quot;,&quot;shutter_speed&quot;:&quot;0&quot;,&quot;title&quot;:&quot;&quot;,&quot;orientation&quot;:&quot;0&quot;}\" data-image-title=\"Vogue_diciembre_2025\" data-image-description=\"\" data-image-caption=\"\" data-medium-file=\"https:\/\/photolari.com\/wp-content\/uploads\/2025\/11\/vogue-diciembre-2025-300x260.jpg\" data-large-file=\"https:\/\/photolari.com\/wp-content\/uploads\/2025\/11\/vogue-diciembre-2025-1030x893.jpg\" class=\"alignnone size-full wp-image-83485\" src=\"https:\/\/www.europesays.com\/es\/wp-content\/uploads\/2025\/11\/vogue-diciembre-2025.jpg\" alt=\"Vogue_diciembre_2025\" width=\"1200\" height=\"1040\"  \/><\/p>\n<p>En ella el actor Timoth\u00e9e Chalamet posa sobre un fondo que algunos califican como una plantilla de Power Point y que bien podr\u00eda pasar por una prueba que no ha salido del todo bien con alg\u00fan generador de im\u00e1genes por IA.<\/p>\n<p>No parece tener mucho sentido, pero si el objetivo era dar que hablar, esta claro que se ha conseguido con creces, con un encendido debate en el propio Instagram de la fot\u00f3grafa y el actor entre quienes se preguntan qu\u00e9 le pasa a Leibovitz y los que alaban su visi\u00f3n cinem\u00e1tica.<\/p>\n<blockquote class=\"instagram-media\" data-instgrm-captioned=\"\" data-instgrm-permalink=\"https:\/\/www.instagram.com\/p\/DQt4YHiksnb\/?utm_source=ig_embed&amp;utm_campaign=loading\" data-instgrm-version=\"14\" style=\" background:#FFF; border:0; border-radius:3px; box-shadow:0 0 1px 0 rgba(0,0,0,0.5),0 1px 10px 0 rgba(0,0,0,0.15); margin: 1px; max-width:658px; min-width:326px; padding:0; width:99.375%; width:-webkit-calc(100% - 2px); width:calc(100% - 2px);\">\n<\/blockquote>\n<p>La sesi\u00f3n de fotos fue realizada en el desierto de Nevada en la gigantesca instalaci\u00f3n art\u00edstica City de Michael Heizer. Un gui\u00f1o a las escenas de la pel\u00edcula Dune protagonizada por Chalamet, dicen algunos.<\/p>\n<p>Un aut\u00e9ntico desprop\u00f3sito, opinan otros que, de paso, recuerdan a Vogue que hay muchos fot\u00f3grafos y fot\u00f3grafas menos conocidos que Leibovitz que tambi\u00e9n merecen una oportunidad. El protagonista de las fotos, por cierto, asegura estar encantado con el resultado y con la experiencia \u00abpsicod\u00e9lica\u00bb durante los tres d\u00edas de sesi\u00f3n fotogr\u00e1fica.<\/p>\n<blockquote class=\"instagram-media\" data-instgrm-captioned=\"\" data-instgrm-permalink=\"https:\/\/www.instagram.com\/p\/DLzmd74Ml5s\/?utm_source=ig_embed&amp;utm_campaign=loading\" data-instgrm-version=\"14\" style=\" background:#FFF; border:0; border-radius:3px; box-shadow:0 0 1px 0 rgba(0,0,0,0.5),0 1px 10px 0 rgba(0,0,0,0.15); margin: 1px; max-width:658px; min-width:326px; padding:0; width:99.375%; width:-webkit-calc(100% - 2px); width:calc(100% - 2px);\">\n<\/blockquote>\n<p>No es, como dec\u00edamos, la primera vez que la conocida fot\u00f3grafa se ve envuelta en una pol\u00e9mica por el estilo de sus fotos. De hecho, basta con recordar las que hizo recientemente a la actriz Anne Hathaway tambi\u00e9n para Vogue para entender que \u00faltimamente ha apostado por un tratamiento del color que se aleja mucho de los c\u00e1nones habituales en fotograf\u00eda editorial y de retrato, apostando por dominantes muy marcadas o tonos planos que parecen fundirse con el fondo de la escena.<\/p>\n<p>\n\tRelacionado\n<\/p>\n<p>    <script async src=\"\/\/www.instagram.com\/embed.js\"><\/script><\/p>\n","protected":false},"excerpt":{"rendered":"Ser\u00eda absurdo pensar que una fot\u00f3grafa con la trayectoria y cach\u00e9 de Annie Leibovitz necesita recurrir a la&hellip;\n","protected":false},"author":2,"featured_media":240715,"comment_status":"","ping_status":"","sticky":false,"template":"","format":"standard","meta":{"footnotes":""},"categories":[173],"tags":[37067,229,233,231,230,232,234,146,147,25,24,23],"class_list":{"0":"post-240714","1":"post","2":"type-post","3":"status-publish","4":"format-standard","5":"has-post-thumbnail","7":"category-arte-y-diseno","8":"tag-annie-leibovitz","9":"tag-arte","10":"tag-arte-y-diseno","11":"tag-arts","12":"tag-arts-and-design","13":"tag-design","14":"tag-diseno","15":"tag-entertainment","16":"tag-entretenimiento","17":"tag-es","18":"tag-espana","19":"tag-spain"},"share_on_mastodon":{"url":"https:\/\/pubeurope.com\/@es\/115564637539902013","error":""},"_links":{"self":[{"href":"https:\/\/www.europesays.com\/es\/wp-json\/wp\/v2\/posts\/240714","targetHints":{"allow":["GET"]}}],"collection":[{"href":"https:\/\/www.europesays.com\/es\/wp-json\/wp\/v2\/posts"}],"about":[{"href":"https:\/\/www.europesays.com\/es\/wp-json\/wp\/v2\/types\/post"}],"author":[{"embeddable":true,"href":"https:\/\/www.europesays.com\/es\/wp-json\/wp\/v2\/users\/2"}],"replies":[{"embeddable":true,"href":"https:\/\/www.europesays.com\/es\/wp-json\/wp\/v2\/comments?post=240714"}],"version-history":[{"count":0,"href":"https:\/\/www.europesays.com\/es\/wp-json\/wp\/v2\/posts\/240714\/revisions"}],"wp:featuredmedia":[{"embeddable":true,"href":"https:\/\/www.europesays.com\/es\/wp-json\/wp\/v2\/media\/240715"}],"wp:attachment":[{"href":"https:\/\/www.europesays.com\/es\/wp-json\/wp\/v2\/media?parent=240714"}],"wp:term":[{"taxonomy":"category","embeddable":true,"href":"https:\/\/www.europesays.com\/es\/wp-json\/wp\/v2\/categories?post=240714"},{"taxonomy":"post_tag","embeddable":true,"href":"https:\/\/www.europesays.com\/es\/wp-json\/wp\/v2\/tags?post=240714"}],"curies":[{"name":"wp","href":"https:\/\/api.w.org\/{rel}","templated":true}]}}