{"id":240716,"date":"2025-11-17T10:47:09","date_gmt":"2025-11-17T10:47:09","guid":{"rendered":"https:\/\/www.europesays.com\/es\/240716\/"},"modified":"2025-11-17T10:47:09","modified_gmt":"2025-11-17T10:47:09","slug":"clases-de-canto-mucho-espanol-y-una-actuacion-de-la-perla-con-censura","status":"publish","type":"post","link":"https:\/\/www.europesays.com\/es\/240716\/","title":{"rendered":"clases de canto, mucho espa\u00f1ol y una actuaci\u00f3n de &#8216;La Perla&#8217; con censura"},"content":{"rendered":"<p class=\"article-text\">\n        Tras triunfar en <strong>RTVE <\/strong>con su <a href=\"https:\/\/www.eldiario.es\/vertele\/audiencias-tv\/lunes-10-noviembre-2025-la-revuelta-ve-lux-rosalia-record-historico-meritorio-hormiguero_1_12757239.html\" target=\"_blank\" data-mrf-recirculation=\"links-noticia\" class=\"link\" rel=\"nofollow noopener\">visita de r\u00e9cord<\/a> a <a href=\"https:\/\/www.eldiario.es\/vertele\/noticias\/rosalia-llego-revuelta-reunion-vecinos-famosos-dedicar-broncano-perla-desvelar-significado_1_12756991.html\" target=\"_blank\" data-mrf-recirculation=\"links-noticia\" class=\"link\" rel=\"nofollow noopener\"><strong>La Revuelta<\/strong><\/a>, <strong>Rosal\u00eda <\/strong>arranc\u00f3 este domingo su conquista global acudiendo de promoci\u00f3n a <strong>The Tonight Show Starring Jimmy Fallon<\/strong>, programa estrella de la televisi\u00f3n estadounidense. Una entrevista en la que la artista ense\u00f1\u00f3 a cantar al presentador, y que coron\u00f3 con una impecable actuaci\u00f3n de <strong>La Perla<\/strong> que sufri\u00f3 una peque\u00f1a censura.\n    <\/p>\n<p>    <a href=\"https:\/\/www.eldiario.es\/vertele\/noticias\/receta-bizcocho-14-kilates-rosalia-regalo-broncano-la-revuelta-ingredientes-paso-a-paso_1_12769392.html\" data-mrf-recirculation=\"saber-mas\" data-dl-event=\"saber-mas\" rel=\"nofollow noopener\" target=\"_blank\"><\/p>\n<p class=\"know-more__title\">Rosal\u00eda publica la receta del bizcocho que regal\u00f3 a Broncano en &#8216;La Revuelta&#8217; y da un consejo para su degustaci\u00f3n<\/p>\n<p>            <img decoding=\"async\" class=\"lazy\" loading=\"lazy\" data-src=\"https:\/\/static.eldiario.es\/clip\/a64e57d1-edd4-4058-b8ba-e117f0d22f9f_16-9-aspect-ratio_default_0.jpg\" src=\"data:image\/svg+xml,%3Csvg xmlns=\" http:=\"\" viewbox=\"0 0 880 495\" alt=\"Rosal\u00eda publica la receta del bizcocho que regal\u00f3 a Broncano en 'La Revuelta' y da un consejo para su degustaci\u00f3n\"\/><\/p>\n<p>                        <\/a><\/p>\n<p class=\"article-text\">\n        La cantante catalana, que ya hab\u00eda visitado anteriormente el formato de Jimmy Fallon, se reencontr\u00f3 con el showman en <strong>NBC <\/strong>para presentar su \u00e1lbum <strong>LUX<\/strong>, que est\u00e1 rompiendo r\u00e9cords a nivel nacional e internacional. De hecho, el propio presentador le ley\u00f3 algunas de las rese\u00f1as que avalan su \u00e9xito, ante las que Rosal\u00eda reaccion\u00f3 algo abrumada: \u201c<strong>Es una locura<\/strong>\u201d, dijo la invitada.\n    <\/p>\n<p class=\"article-text\">\n        La artista cont\u00f3 a Fallon c\u00f3mo fue el proceso de creaci\u00f3n y composici\u00f3n de su nuevo disco tras su tambi\u00e9n exitoso <strong>Motomami<\/strong>: \u201cNunca antes hab\u00eda hecho un \u00e1lbum inspirado en la m\u00fasica cl\u00e1sica y quer\u00eda que fuera as\u00ed. <strong>Me ha llevado tres a\u00f1os<\/strong>. Aunque mi principal instrumento es la voz, toco tambi\u00e9n algunos instrumentos. Empec\u00e9 a tocar la guitarra con 9 a\u00f1os, y el piano a los 16\u201d, explic\u00f3 en un fluido ingl\u00e9s, combinado con alg\u00fan t\u00e9rmino en espa\u00f1ol.\n    <\/p>\n<p>    Rosal\u00eda ense\u00f1a a cantar y tocar las palmas a Jimmy Fallon<\/p>\n<p class=\"article-text\">\n        Tal fue la soltura de Rosal\u00eda en el show norteamericano que <strong>se lanz\u00f3 a ense\u00f1ar a Jimmy Fallon algunos ejercicios de t\u00e9cnica vocal <\/strong>para cantar La Perla. El conductor de la NBC sigui\u00f3 todos sus pasos e incluso <strong>enton\u00f3 algunos versos<\/strong> de la canci\u00f3n que, seg\u00fan los rumores, habla de Rauw Alejandro -ex de la cantante-.\n    <\/p>\n<blockquote class=\"twitter-tweet\" data-lang=\"es\"><p><a href=\"https:\/\/twitter.com\/X\/status\/1990277050431627285?ref_src=twsrc%5Etfw\" rel=\"nofollow noopener\" target=\"_blank\"><\/p><\/blockquote>\n<p class=\"article-text\">\n        Esto no fue lo \u00fanico que la artista catalana ense\u00f1\u00f3 a Fallon, ya que tambi\u00e9n le dio algunos consejos para <strong>tocar las palmas<\/strong> con ritmo. Adem\u00e1s, despleg\u00f3 un <strong>buen cat\u00e1logo de palabras y frases en espa\u00f1ol<\/strong> con distintos tonos para que el presentador intentase adivinar su significado.\n    <\/p>\n<p class=\"article-text\">\n        En primer lugar, Rosal\u00eda pronunci\u00f3 \u201ctienes la peluca del rev\u00e9s\u201d en tono seductor, y despu\u00e9s le lanz\u00f3 un<strong> \u201cte quiero comer la boca\u201d <\/strong>enfadada para despistarle. Tambi\u00e9n dijo al conductor de The Tonight Show un \u201cdame la mantequilla de cacahuete, quiero bailar\u201d, dej\u00e1ndole en completo fuera de juego.\n    <\/p>\n<blockquote class=\"twitter-tweet\" data-lang=\"es\"><p><a href=\"https:\/\/twitter.com\/X\/status\/1990289898813931560?ref_src=twsrc%5Etfw\" rel=\"nofollow noopener\" target=\"_blank\"><\/p><\/blockquote>\n<p class=\"article-text\">\n        Durante su charla en NBC Rosal\u00eda tambi\u00e9n habl\u00f3 de su participaci\u00f3n en la nueva temporada de <a href=\"https:\/\/www.eldiario.es\/vertele\/series\/rosalia-habla-trabajo-actriz-serie-euphoria-intentando-no-olvidar-frases_1_12278050.html\" target=\"_blank\" data-mrf-recirculation=\"links-noticia\" class=\"link\" rel=\"nofollow noopener\">Euphoria <\/a>y admiti\u00f3 que tuvo que trabajar duramente para poder compaginar este papel con la composici\u00f3n de LUX: \u201c<strong>Tuve que partirme la cabeza en dos para tratar de estar en ambas cosas<\/strong>. Fue un gran desaf\u00edo, pero pude hacerlo\u201d, cont\u00f3.\n    <\/p>\n<p>    As\u00ed fue la actuaci\u00f3n de Rosal\u00eda con &#8216;La Perla&#8217; en el show de Fallon<\/p>\n<p class=\"article-text\">\n        Para poner el broche a su conquista de la televisi\u00f3n estadounidense, Rosal\u00eda cant\u00f3 en directo La Perla con una <strong>actuaci\u00f3n memorable<\/strong> que est\u00e1 acaparando titulares este lunes. Y es que tras presentar Reliquia en la gala de Los 40 Music Awards, nuestra artista m\u00e1s global apost\u00f3 por <strong>otro de sus nuevos temas<\/strong> para apuntar a todos los mercados.\n    <\/p>\n<p>    <a href=\"https:\/\/www.eldiario.es\/vertele\/noticias\/rosalia-entrevista-informe-semanal-actuacion-jimmy-fallon-the-tonight-show_1_12771952.html\" data-mrf-recirculation=\"saber-mas-abajo\" data-dl-event=\"saber-mas-abajo\" rel=\"nofollow noopener\" target=\"_blank\"><\/p>\n<p class=\"know-more__title\">Rosal\u00eda reaparece en RTVE antes de visitar a Jimmy Fallon: \u201cQu\u00e9 suerte tengo de estar aqu\u00ed\u201d\n<\/p>\n<p>            <img decoding=\"async\" class=\"lazy\" loading=\"lazy\" data-src=\"https:\/\/static.eldiario.es\/clip\/8cea7c8c-f54e-4a34-ba1b-6b3cfa0e0978_16-9-aspect-ratio_default_0.jpg\" src=\"data:image\/svg+xml,%3Csvg xmlns=\" http:=\"\" viewbox=\"0 0 880 495\" alt=\"Rosal\u00eda reaparece en RTVE antes de visitar a Jimmy Fallon: &quot;Qu\u00e9 suerte tengo de estar aqu\u00ed&quot;\"\/><\/p>\n<p>                        <\/a><\/p>\n<p class=\"article-text\">\n        De su interpretaci\u00f3n, que fue impecable en lo vocal y que estuvo acompa\u00f1ada de una cuidada puesta en escena, llam\u00f3 la atenci\u00f3n la censura de la palabra \u201ccabr\u00f3n\u201d en el verso \u201c<strong>medalla ol\u00edmpica de oro al m\u00e1s cabr\u00f3n<\/strong>\u201d, donde introdujeron un pitido.\n    <\/p>\n<p>                                    <script async src=\"https:\/\/platform.twitter.com\/widgets.js\" charset=\"utf-8\"><\/script><\/p>\n","protected":false},"excerpt":{"rendered":"Tras triunfar en RTVE con su visita de r\u00e9cord a La Revuelta, Rosal\u00eda arranc\u00f3 este domingo su conquista&hellip;\n","protected":false},"author":2,"featured_media":240717,"comment_status":"","ping_status":"","sticky":false,"template":"","format":"standard","meta":{"footnotes":""},"categories":[171],"tags":[4641,26544,3374,12275,146,147,25,24,1489,27024,20984,42148,4147,23,214,938],"class_list":{"0":"post-240716","1":"post","2":"type-post","3":"status-publish","4":"format-standard","5":"has-post-thumbnail","7":"category-tv","8":"tag-actuacion","9":"tag-canto","10":"tag-censura","11":"tag-clases","12":"tag-entertainment","13":"tag-entretenimiento","14":"tag-es","15":"tag-espana","16":"tag-espanol","17":"tag-fallon","18":"tag-jimmy","19":"tag-perla","20":"tag-rosalia","21":"tag-spain","22":"tag-tv","23":"tag-visita"},"share_on_mastodon":{"url":"https:\/\/pubeurope.com\/@es\/115564645086278729","error":""},"_links":{"self":[{"href":"https:\/\/www.europesays.com\/es\/wp-json\/wp\/v2\/posts\/240716","targetHints":{"allow":["GET"]}}],"collection":[{"href":"https:\/\/www.europesays.com\/es\/wp-json\/wp\/v2\/posts"}],"about":[{"href":"https:\/\/www.europesays.com\/es\/wp-json\/wp\/v2\/types\/post"}],"author":[{"embeddable":true,"href":"https:\/\/www.europesays.com\/es\/wp-json\/wp\/v2\/users\/2"}],"replies":[{"embeddable":true,"href":"https:\/\/www.europesays.com\/es\/wp-json\/wp\/v2\/comments?post=240716"}],"version-history":[{"count":0,"href":"https:\/\/www.europesays.com\/es\/wp-json\/wp\/v2\/posts\/240716\/revisions"}],"wp:featuredmedia":[{"embeddable":true,"href":"https:\/\/www.europesays.com\/es\/wp-json\/wp\/v2\/media\/240717"}],"wp:attachment":[{"href":"https:\/\/www.europesays.com\/es\/wp-json\/wp\/v2\/media?parent=240716"}],"wp:term":[{"taxonomy":"category","embeddable":true,"href":"https:\/\/www.europesays.com\/es\/wp-json\/wp\/v2\/categories?post=240716"},{"taxonomy":"post_tag","embeddable":true,"href":"https:\/\/www.europesays.com\/es\/wp-json\/wp\/v2\/tags?post=240716"}],"curies":[{"name":"wp","href":"https:\/\/api.w.org\/{rel}","templated":true}]}}