{"id":240718,"date":"2025-11-17T10:49:16","date_gmt":"2025-11-17T10:49:16","guid":{"rendered":"https:\/\/www.europesays.com\/es\/240718\/"},"modified":"2025-11-17T10:49:16","modified_gmt":"2025-11-17T10:49:16","slug":"40-testimonios-reales-de-violencia-vicaria","status":"publish","type":"post","link":"https:\/\/www.europesays.com\/es\/240718\/","title":{"rendered":"40 testimonios reales de violencia vicaria"},"content":{"rendered":"\n<ul class=\"bodyList bodyList--unordered\">\n<li class=\"bodyList__item\"><strong><a href=\"https:\/\/www.elconfidencial.com\/espana\/2025-09-30\/gobierno-anteproyecto-ley-violencia-vicaria-penas-carcel_4219071\/\" target=\"_self\" rel=\"nofollow noopener\">El Gobierno aprueba tipificar la violencia vicaria como delito y penas de hasta tres a\u00f1os<\/a><\/strong><\/li>\n<li class=\"bodyList__item\"><strong><a href=\"https:\/\/www.elconfidencial.com\/cultura\/2025-11-11\/javis-separan-carrera-exito-cine-teatro-tv-1qrt_4245705\/\" target=\"_self\" rel=\"nofollow noopener\">Los Javis se separan: as\u00ed ha sido su exitosa e imparable carrera en cine, teatro y televisi\u00f3n<\/a><\/strong><\/li>\n<\/ul>\n<p> El relato sobre la <strong>violencia vicaria<\/strong>, una de las formas m\u00e1s devastadoras de la <a href=\"https:\/\/www.elconfidencial.com\/tags\/temas\/violencia-de-genero-6790\/\" target=\"_self\" rel=\"nofollow noopener\">violencia de g\u00e9nero<\/a>, ha llegado este fin de semana al cine en formato documental con una propuesta que promete remover conciencias. Con el apoyo de Naciones Unidas y los ministerios de Igualdad y Juventud e Infancia, esta producci\u00f3n busca visibilizar un drama social que durante a\u00f1os ha permanecido silenciado. <\/p>\n<p> Testimonios reales, historias de madres, hijos y expertos dan forma a una obra que trascender\u00e1 lo cinematogr\u00e1fico para convertirse en un grito colectivo de denuncia y esperanza. Dirigido por Mar\u00eda Bestar y con la participaci\u00f3n de <a href=\"https:\/\/www.elconfidencial.com\/tags\/personajes\/luis-tosar-3164\/\" target=\"_self\" rel=\"nofollow noopener\">Luis Tosar<\/a>, <strong>Eduard Fern\u00e1ndez, Maxi Iglesias, Hovik Keuchkerian y Jordi Planas<\/strong>, el documental No est\u00e1s loca. La verdad sobre la violencia vicaria se adentra en cuarenta testimonios que retratan con crudeza el dolor y la resistencia de las v\u00edctimas. <\/p>\n<p>              <img decoding=\"async\" class=\"inTextNews__img\" alt=\"Foto: Cartel promocional del documental. (RTVE)\" src=\"https:\/\/www.europesays.com\/es\/wp-content\/uploads\/2025\/11\/f.elconfidencial.com\/original\/a66\/52a\/62c\/a6652a62c4590f8fd5d8e0c248cdb67a.jpeg\"  \/>     <\/p>\n<p>TE PUEDE INTERESAR<\/p>\n<p>      <a class=\"inTextNews__title\" href=\"https:\/\/www.elconfidencial.com\/television\/programas-tv\/2025-11-07\/david-delfin-documental-donde-ver_4243521\/\" onclick=\"window.ECCO.emit(&#039;amplitude&#039;, { dataEventName: &#039;click_related_article_module&#039;, data: { related_article_url: &#039;https:\/\/www.elconfidencial.com\/television\/programas-tv\/2025-11-07\/david-delfin-documental-donde-ver_4243521\/&#039;, related_article_author: &#039;Berto Molina&#039;, related_article_section: &#039;programas-tv&#039; } })\" rel=\"nofollow noopener\" target=\"_blank\"> &#8216;David Delf\u00edn. Muestra tu herida&#8217;: cu\u00e1ndo y d\u00f3nde ver el documental del dise\u00f1ador fallecido en 2017 <\/a>   <\/p>\n<p>    Berto Molina   <\/p>\n<p> La actriz y directora, que sufri\u00f3 este tipo de violencia en primera persona, transforma su experiencia en una pieza audiovisual profundamente humana, donde el cine se convierte en altavoz de quienes fueron silenciadas por <strong>un sistema que a menudo no supo protegerlas<\/strong>. La pel\u00edcula ofrece una mirada coral a trav\u00e9s de madres como Ruth Ortiz, Itziar Prats o Laura Hern\u00e1ndez, junto a profesionales del \u00e1mbito judicial y psicol\u00f3gico que analizan las fallas estructurales que perpet\u00faan esta violencia. <\/p>\n<p> Tosar y los dem\u00e1s int\u00e9rpretes prestan sus voces a la lectura de los <a href=\"https:\/\/blogs.elconfidencial.com\/mundo\/las-fronteras-de-la-desigualdad\/2023-07-04\/infancia-elecciones-generales-crisis-salud-mental_3685306\/\" target=\"_self\" rel=\"nofollow noopener\">Derechos del Ni\u00f1o<\/a> que se vulneran cada d\u00eda. Rodada en distintas localizaciones de Espa\u00f1a, con m\u00fasica original de Luis Ivars y fotograf\u00eda de C\u00e9sar Maderal, No est\u00e1s loca es una obra comprometida, que ya se plasm\u00f3 en un cortometraje hom\u00f3nimo anterior de la cineasta, y esta vez combina la denuncia social con <strong>una emoci\u00f3n contenida<\/strong>. <\/p>\n<p>Tr\u00e1iler de &#8216;No est\u00e1s loca&#8217;. (39 Escalones Films)<\/p>\n<p> Bestar, que ha aparecido en producciones como La caza: Irati, Raphael y Kraken, describe el proyecto como una herida que \u00abaspira a convertirse en una voz colectiva que ya no puede ser silenciada\u00bb. El filme, que ha llegado a las salas espa\u00f1olas<strong> <\/strong>este 13 de noviembre, busca visibilizar la violencia vicaria e inspirar una conversaci\u00f3n necesaria sobre la justicia, la empat\u00eda y <strong>la capacidad de renacer desde el trauma<\/strong>. <\/p>\n","protected":false},"excerpt":{"rendered":"El Gobierno aprueba tipificar la violencia vicaria como delito y penas de hasta tres a\u00f1os Los Javis se&hellip;\n","protected":false},"author":2,"featured_media":240719,"comment_status":"","ping_status":"","sticky":false,"template":"","format":"standard","meta":{"footnotes":""},"categories":[169],"tags":[177,146,147,25,24,176,175,23],"class_list":{"0":"post-240718","1":"post","2":"type-post","3":"status-publish","4":"format-standard","5":"has-post-thumbnail","7":"category-cine","8":"tag-cine","9":"tag-entertainment","10":"tag-entretenimiento","11":"tag-es","12":"tag-espana","13":"tag-film","14":"tag-movies","15":"tag-spain"},"share_on_mastodon":{"url":"https:\/\/pubeurope.com\/@es\/115564653582338724","error":""},"_links":{"self":[{"href":"https:\/\/www.europesays.com\/es\/wp-json\/wp\/v2\/posts\/240718","targetHints":{"allow":["GET"]}}],"collection":[{"href":"https:\/\/www.europesays.com\/es\/wp-json\/wp\/v2\/posts"}],"about":[{"href":"https:\/\/www.europesays.com\/es\/wp-json\/wp\/v2\/types\/post"}],"author":[{"embeddable":true,"href":"https:\/\/www.europesays.com\/es\/wp-json\/wp\/v2\/users\/2"}],"replies":[{"embeddable":true,"href":"https:\/\/www.europesays.com\/es\/wp-json\/wp\/v2\/comments?post=240718"}],"version-history":[{"count":0,"href":"https:\/\/www.europesays.com\/es\/wp-json\/wp\/v2\/posts\/240718\/revisions"}],"wp:featuredmedia":[{"embeddable":true,"href":"https:\/\/www.europesays.com\/es\/wp-json\/wp\/v2\/media\/240719"}],"wp:attachment":[{"href":"https:\/\/www.europesays.com\/es\/wp-json\/wp\/v2\/media?parent=240718"}],"wp:term":[{"taxonomy":"category","embeddable":true,"href":"https:\/\/www.europesays.com\/es\/wp-json\/wp\/v2\/categories?post=240718"},{"taxonomy":"post_tag","embeddable":true,"href":"https:\/\/www.europesays.com\/es\/wp-json\/wp\/v2\/tags?post=240718"}],"curies":[{"name":"wp","href":"https:\/\/api.w.org\/{rel}","templated":true}]}}