{"id":240760,"date":"2025-11-17T11:19:13","date_gmt":"2025-11-17T11:19:13","guid":{"rendered":"https:\/\/www.europesays.com\/es\/240760\/"},"modified":"2025-11-17T11:19:13","modified_gmt":"2025-11-17T11:19:13","slug":"parla-tendra-una-nueva-estacion-de-alta-velocidad-la-cuarta-de-madrid","status":"publish","type":"post","link":"https:\/\/www.europesays.com\/es\/240760\/","title":{"rendered":"Parla tendr\u00e1 una nueva estaci\u00f3n de alta velocidad, la cuarta de Madrid"},"content":{"rendered":"<p>El ministro de Transportes, \u00d3scar Puente, anunci\u00f3 este lunes la construcci\u00f3n de una <b>nueva estaci\u00f3n de alta velocidad<\/b> en el municipio madrile\u00f1o de <b>Parla<\/b>, al sur de la capital, que dar\u00e1 servicio a \u00e9sta localidad y a todas las localidades vecinas, evitando que m\u00e1s de un mill\u00f3n de residentes en las localidades del &#8216;cintur\u00f3n sur&#8217; de la capital tengan que desplazarse hasta Puerta de Atocha para coger trenes de alta velocidad.<\/p>\n<p>El proyecto, adelantado por el ministro en un desayuno informativo organizado este lunes por Europa Press, contempla la construcci\u00f3n de una nueva estaci\u00f3n aprovechando que<b> las l\u00edneas de alta velocidad del Levante y Andaluc\u00eda ya transitan la zona norte de Parla<\/b>. Se situar\u00e1 muy pr\u00f3xima a la parada de Cercan\u00edas de <b>Parla Norte<\/b>, actualmente en construcci\u00f3n para dar servicio a esta zona de la ciudad, aprovechando que ambas l\u00edneas circulan paralelas a la v\u00eda convencional, que lleva el nombre de C-4 .<\/p>\n<p>De esta manera, el municipio parle\u00f1o, actualmente gobernado por el PSOE, mismo partido que el que ostenta el ministerio de Transportes, se convertir\u00e1 en una <b>parada intermedia<\/b> en los trayectos a <b>Valencia, Alicante, Murcia, Sevilla, Granada o M\u00e1laga<\/b>, y en un futuro <b>Almer\u00eda<\/b>, para reforzar la conectividad en el \u00e1rea metropolitana sur de la capital y facilitar los desplazamientos de sus residentes o visitantes.<\/p>\n<p>Ser\u00e1, en consecuencia, la cuarta estaci\u00f3n de alta velocidad de la Comunidad de Madrid, despu\u00e9s de las actuales <b>Chamart\u00edn <\/b>y <b>Puerta de Atocha<\/b>, y a la que se sumar\u00e1 tambi\u00e9n en el futuro la <b>Terminal 4 de Barajas<\/b>, que contar\u00e1 con una v\u00eda provisional en 2027 y una futura estaci\u00f3n pasante en la pr\u00f3xima d\u00e9cada.<\/p>\n<p>Este proyecto ha sido posible gracias a la buena sinton\u00eda entre ambas administraciones, local y nacional, que han concebido el proyecto de Parla Norte como un <b>intercambiador de modos de transporte<\/b> que ahora crece a\u00fan m\u00e1s para incluir el tranv\u00eda urbano (que conectar\u00e1 con el resto de la ciudad), Cercan\u00edas, alta velocidad, autobuses urbanos e interurbanos, as\u00ed como aparcamientos disuasorios que tambi\u00e9n permitir\u00e1n dar servicio a municipios vecinos como <b>Getafe <\/b>o <b>Pinto<\/b>.<\/p>\n<p>Esta parada tambi\u00e9n est\u00e1 llamada a <b>actuar de cabecera<\/b> en caso de que haya incidencias en la salida sur de Atocha, permitir\u00e1 que sus viajeros puedan llegar hasta el \u00e1rea metropolitana de Madrid y continuar sus trayectos a la capital en otros modos de transporte sin esperar a que se resuelvan los problemas, <a href=\"https:\/\/www.eleconomista.es\/transportes-turismo\/noticias\/13460681\/07\/25\/nuevos-retrasos-en-trenes-con-destino-u-origen-andalucia-por-una-nueva-incidencia-en-la-sagra.html\" title=\"Nuevos retrasos en trenes con destino u origen Andaluc\u00eda por una nueva incidencia en La Sagra\" rel=\"nofollow noopener\" target=\"_blank\">como sucedi\u00f3 en varias ocasiones durante el verano<\/a>.<\/p>\n<p>WhatsApp<a href=\"https:\/\/api.whatsapp.com\/send?text=https:\/\/www.eleconomista.es\/transportes-turismo\/noticias\/13646614\/11\/25\/parla-tendra-una-nueva-estacion-de-alta-velocidad-la-cuarta-de-madrid.html?utm_source%3Dwhatsapp%26utm_medium%3Dshare_button&amp;id=1648118629957_whatsapp\" target=\"_blank\" data-action=\"share\/whatsapp\/share\" aria-label=\"Compartir en Whatsapp\" rel=\"nofollow noopener\"><\/a>Facebook<a id=\"fb-share\" href=\"#\" target=\"_blank\" rel=\"noopener noreferrer\" aria-label=\"Compartir en Facebook\"><\/a>Twitter<a href=\"https:\/\/twitter.com\/share?text=Parla+tendr%C3%A1+una+nueva+estaci%C3%B3n+de+alta+velocidad%2C+la+cuarta+de+Madrid&amp;url=https:\/\/www.eleconomista.es\/transportes-turismo\/noticias\/13646614\/11\/25\/parla-tendra-una-nueva-estacion-de-alta-velocidad-la-cuarta-de-madrid.html&amp;via=elEconomistaes&amp;id=1648118839245_twitter\" target=\"_blank\" aria-label=\"Compartir en Twitter\" rel=\"nofollow noopener\"><\/a>Linkedin<a href=\"https:\/\/linkedin.com\/share?text=https:\/\/www.eleconomista.es\/transportes-turismo\/noticias\/13646614\/11\/25\/parla-tendra-una-nueva-estacion-de-alta-velocidad-la-cuarta-de-madrid.html&amp;via=elEconomistaes\" target=\"_blank\" aria-label=\"Compartir en linkedin\" rel=\"nofollow noopener\"><\/a>Beloud<a href=\"https:\/\/beloud.com\/share?text=Parla+tendr%C3%A1+una+nueva+estaci%C3%B3n+de+alta+velocidad%2C+la+cuarta+de+Madrid&amp;url=https:\/\/www.eleconomista.es\/transportes-turismo\/noticias\/13646614\/11\/25\/parla-tendra-una-nueva-estacion-de-alta-velocidad-la-cuarta-de-madrid.html&amp;via=elEconomistaes&amp;id=1648118839245_beloud\" target=\"_blank\" aria-label=\"Compartir en beloud\" rel=\"nofollow noopener\"><\/a>Bluesky<a href=\"https:\/\/bsky.app\/intent\/compose?text=https:\/\/bsky.app\/intent\/compose?text=https:\/\/www.eleconomista.es\/transportes-turismo\/noticias\/13646614\/11\/25\/parla-tendra-una-nueva-estacion-de-alta-velocidad-la-cuarta-de-madrid.html&amp;url=https:\/\/www.eleconomista.es\/transportes-turismo\/noticias\/13646614\/11\/25\/parla-tendra-una-nueva-estacion-de-alta-velocidad-la-cuarta-de-madrid.html&amp;via=elEconomistaes&amp;id=1648118839245_bluesky\" target=\"_blank\" aria-label=\"Compartir en bluesky\" rel=\"nofollow noopener\"><\/a><\/p>\n<p><script async src=\"https:\/\/platform.twitter.com\/widgets.js\" charset=\"utf-8\"><\/script><\/p>\n","protected":false},"excerpt":{"rendered":"El ministro de Transportes, \u00d3scar Puente, anunci\u00f3 este lunes la construcci\u00f3n de una nueva estaci\u00f3n de alta velocidad&hellip;\n","protected":false},"author":2,"featured_media":240761,"comment_status":"","ping_status":"","sticky":false,"template":"","format":"standard","meta":{"footnotes":""},"categories":[8],"tags":[17,18,25,24,13,14,11,19,20,9,10,15,16,23,12,32147,21,22],"class_list":{"0":"post-240760","1":"post","2":"type-post","3":"status-publish","4":"format-standard","5":"has-post-thumbnail","7":"category-espana","8":"tag-breaking-news","9":"tag-breakingnews","10":"tag-es","11":"tag-espana","12":"tag-featured-news","13":"tag-featurednews","14":"tag-headlines","15":"tag-latest-news","16":"tag-latestnews","17":"tag-news","18":"tag-noticias","19":"tag-noticias-destacadas","20":"tag-noticiasdestacadas","21":"tag-spain","22":"tag-titulares","23":"tag-transportes-y-turismo","24":"tag-ultimas-noticias","25":"tag-ultimasnoticias"},"share_on_mastodon":{"url":"https:\/\/pubeurope.com\/@es\/115564771103115948","error":""},"_links":{"self":[{"href":"https:\/\/www.europesays.com\/es\/wp-json\/wp\/v2\/posts\/240760","targetHints":{"allow":["GET"]}}],"collection":[{"href":"https:\/\/www.europesays.com\/es\/wp-json\/wp\/v2\/posts"}],"about":[{"href":"https:\/\/www.europesays.com\/es\/wp-json\/wp\/v2\/types\/post"}],"author":[{"embeddable":true,"href":"https:\/\/www.europesays.com\/es\/wp-json\/wp\/v2\/users\/2"}],"replies":[{"embeddable":true,"href":"https:\/\/www.europesays.com\/es\/wp-json\/wp\/v2\/comments?post=240760"}],"version-history":[{"count":0,"href":"https:\/\/www.europesays.com\/es\/wp-json\/wp\/v2\/posts\/240760\/revisions"}],"wp:featuredmedia":[{"embeddable":true,"href":"https:\/\/www.europesays.com\/es\/wp-json\/wp\/v2\/media\/240761"}],"wp:attachment":[{"href":"https:\/\/www.europesays.com\/es\/wp-json\/wp\/v2\/media?parent=240760"}],"wp:term":[{"taxonomy":"category","embeddable":true,"href":"https:\/\/www.europesays.com\/es\/wp-json\/wp\/v2\/categories?post=240760"},{"taxonomy":"post_tag","embeddable":true,"href":"https:\/\/www.europesays.com\/es\/wp-json\/wp\/v2\/tags?post=240760"}],"curies":[{"name":"wp","href":"https:\/\/api.w.org\/{rel}","templated":true}]}}