{"id":240800,"date":"2025-11-17T11:53:19","date_gmt":"2025-11-17T11:53:19","guid":{"rendered":"https:\/\/www.europesays.com\/es\/240800\/"},"modified":"2025-11-17T11:53:19","modified_gmt":"2025-11-17T11:53:19","slug":"froilan-se-posiciona-tras-el-dardo-de-su-abuelo-y-elige-entre-juan-carlos-i-y-jaime-de-marichalar","status":"publish","type":"post","link":"https:\/\/www.europesays.com\/es\/240800\/","title":{"rendered":"Froil\u00e1n se posiciona tras el dardo de su abuelo y elige entre Juan Carlos I y Jaime de Marichalar"},"content":{"rendered":"<p><strong>Felipe de Marichalar<\/strong> est\u00e1 pasando una temporada en Espa\u00f1a, primero disfrutando de unos d\u00edas en Galicia y despu\u00e9s en la capital, pernoctando en la casa de su madre, <strong>la infanta Elena<\/strong>. Casualidad o causalidad, lo ha hecho coincidiendo con la resaca de la publicaci\u00f3n de las memorias de su abuelo, Juan Carlos I, el mismo hombre que se ha erigido como la figura paterna que su nieto nunca tuvo. <strong>No s\u00f3lo eso, esta semana el divorcio encubierto de sus padres ha cumplido la mayor\u00eda de edad\u2026<\/strong> Una dualidad contextual que ha hecho reflotar dos fuegos en el presente del enfant terrible de <strong>la Familia del Rey Felipe VI<\/strong>, un joven que ahora parece ser todo un \u00e1ngel, seg\u00fan asegura su abuelo, entendido como nuevo rival de su padre biol\u00f3gico y el gran mentor de su nueva buena vida en Abu Dabi\u2026 Una dualidad frente a la que Felipe ya ha elegido.<\/p>\n<p>Froil\u00e1n en Espa\u00f1a encuentro con Juan Carlos y pasada por Madrid<\/p>\n<p>El \u00faltimo periplo de <strong>Felipe de Marichalar<\/strong> en Espa\u00f1a puede haber pasado como cualquier otro de los que ya ha protagonizado desde que se marchara a <strong>Madrid<\/strong>, pero, si sacamos la lupa, nada m\u00e1s lejos de la realidad. <a href=\"https:\/\/okdiario.com\/look\/casa-real\/froilan-27-anos-punteria-cuestionable-tiro-pie-exilio-dorado-abu-dabi-2339466\" rel=\"nofollow noopener\" target=\"_blank\">El hijo mayor de la infanta Elena<\/a> se dejaba ver el pasado 10 de noviembre en un aeropuerto gallego confirmando la mayor.<\/p>\n<p>\n<img decoding=\"async\" loading=\"lazy\" class=\"size-medium wp-image-2423366\" alt=\"Froil\u00e1n por las calles de Madrid. (Foto: Gtres)\" width=\"413\" height=\"620\"  src=\"https:\/\/www.europesays.com\/es\/wp-content\/uploads\/2025\/10\/placeholder.jpg\"  bad-src=\"https:\/\/www.europesays.com\/es\/wp-content\/uploads\/2025\/10\/placeholder.jpg\"\/><\/p>\n<p><img decoding=\"async\" loading=\"lazy\" class=\"size-medium wp-image-2423366\" src=\"https:\/\/www.europesays.com\/es\/wp-content\/uploads\/2025\/11\/u594547_007-1-413x620.jpg\" alt=\"Froil\u00e1n por las calles de Madrid. (Foto: Gtres)\" width=\"413\" height=\"620\"  \/><\/p>\n<p> Froil\u00e1n por las calles de Madrid. (Foto: Gtres)\n<\/p>\n<p><a href=\"https:\/\/okdiario.com\/look\/actualidad\/froilan-reaparece-madrid-acompanar-juan-carlos-sangenjo-reaccionar-memorias-2423348\" rel=\"nofollow noopener\" target=\"_blank\">Se hab\u00eda reencontrado con su abuelo aprovechando las \u00faltimas regatas del Rey em\u00e9rito<\/a>, en plena promoci\u00f3n de su libro reci\u00e9n estrenado en las librer\u00edas francesas. As\u00ed lo confirmaba el propio Froil\u00e1n al programa de Telecinco El tiempo justo cuando el aguerrido reportero \u00c1lex \u00c1lvarez le preguntaba directamente si se hab\u00eda visto cara a cara con<strong> don Juan Carlos<\/strong>: \u00abMe est\u00e1s viendo aqu\u00ed, \u00bfno?\u00bb, sentenciaba. Cinco palabras con las que el hermano mayor de <strong>Victoria Federica<\/strong> lo dejaba claro en una rotunda traducci\u00f3n emocional: estoy a su lado. Era una fecha importante para el padre del rey de Espa\u00f1a y su nieto no quiso faltar a su lado, mientras su madre, la infanta, Elena acud\u00eda a un campeonato ecuestre con homenaje a Astolfi incluido.<\/p>\n<p>Froil\u00e1n y su abuelo, la biograf\u00eda bomba y un silencio rotundo sobre Marichalar<\/p>\n<p>\n<img decoding=\"async\" loading=\"lazy\" class=\"size-medium wp-image-2420673\" alt=\"Jaime de Marichalar, Rey Juan Carlos\" width=\"620\" height=\"349\"  src=\"https:\/\/www.europesays.com\/es\/wp-content\/uploads\/2025\/10\/placeholder.jpg\"  bad-src=\"https:\/\/www.europesays.com\/es\/wp-content\/uploads\/2025\/10\/placeholder.jpg\"\/><\/p>\n<p><img decoding=\"async\" loading=\"lazy\" class=\"size-medium wp-image-2420673\" src=\"https:\/\/www.europesays.com\/es\/wp-content\/uploads\/2025\/11\/jame2-620x349.jpg\" alt=\"Jaime de Marichalar, Rey Juan Carlos\" width=\"620\" height=\"349\"  \/><\/p>\n<p> Jaime de Marichalar en Madrid. (Foto: Gtres)\n<\/p>\n<p>Durante su encuentro con el periodista, el joven guard\u00f3 su opini\u00f3n sobre las partes m\u00e1s duras de las memorias y algunos cap\u00edtulos que le tocaban de lleno, pero s\u00ed confirm\u00f3 las palabras de Juan Carlos I sobre la ayuda que habr\u00eda recibido por parte de su abuelo para cambiar de vida: \u00ab<strong>Nos ayudamos mutuamente, como cualquier familiar<\/strong>. Eso pasa en todas las familias\u00bb, dec\u00eda olvidando (o no) que su progenitor tambi\u00e9n lo es.<\/p>\n<p>Esta opini\u00f3n de Felipe corroboraba as\u00ed lo que ha dejado escrito en negro sobre blanco el Rey Em\u00e9rito sobre su d\u00edscolo pasado, ahora suavizado en <strong>Abu Dabi<\/strong>: Froil\u00e1n tambi\u00e9n siente que se ha redimido gracias a su ayuda y corrobora con sus palabras que, en el pasado, no goz\u00f3 de la protecci\u00f3n y la gu\u00eda de la figura presente que dice su abuelo, fue el gran ausente en su vida. <strong>\u00bfEn qu\u00e9 lugar deja pues a Jaime de Marichalar la visible actitud de Felipe de Marichalar?<\/strong><\/p>\n<p>El dardo de Juan Carlos a Marichalar, sin pronunciar su nombre<\/p>\n<p>\n<img decoding=\"async\" loading=\"lazy\" class=\"size-medium wp-image-2419553\" alt=\"El Rey Juan Carlos I en Galicia. (Foto: Gtres)\" width=\"413\" height=\"620\"  src=\"https:\/\/www.europesays.com\/es\/wp-content\/uploads\/2025\/10\/placeholder.jpg\"  bad-src=\"https:\/\/www.europesays.com\/es\/wp-content\/uploads\/2025\/10\/placeholder.jpg\"\/><\/p>\n<p><img decoding=\"async\" loading=\"lazy\" class=\"size-medium wp-image-2419553\" src=\"https:\/\/www.europesays.com\/es\/wp-content\/uploads\/2025\/11\/u594215_015-1-413x620.jpg\" alt=\"El Rey Juan Carlos I en Galicia. (Foto: Gtres)\" width=\"413\" height=\"620\"  \/><\/p>\n<p> El Rey Juan Carlos I en Galicia. (Foto: Gtres)\n<\/p>\n<p><strong>Juan Carlos I ha sido conciso, directo y duramente escueto<\/strong> con el que fue en su d\u00eda su yerno favorito y con quien a\u00fan sigue siendo el padre de su nieto cuidador. Casi sin presencia en la totalidad de las casi 450 p\u00e1ginas de la obra literaria que le ha puesto nuevamente en el disparadero, la \u00fanica dedicatoria a la figura del esposo de su primog\u00e9nita durante<strong> 15 a\u00f1os<\/strong> ha sido suficiente para perturbar y enfadar a don Jaime, como todav\u00eda le llaman en su c\u00edrculo personal. Sin decir ni su nombre, el padre del Rey Felipe VI se\u00f1alaba a Marichalar como el causante de la necesidad de su nieto de entregarse a la vida f\u00e1cil: \u00abel divorcio de sus padres y cierta falta de autoridad parental<strong> lo llevaron a una vida desordenada<\/strong>\u00bb. Un desorden que ha dejado claro ya est\u00e1 ordenado gracias a \u00e9l.<\/p>\n<p>Un aniversario que reflota la tensi\u00f3n: La \u00faltima foto padre e hijo<\/p>\n<p><strong>El doloroso dardo de Juan Carlos I al padre de su nieto redimido<\/strong>, con Froil\u00e1n pisando suelo espa\u00f1ol, ha tenido adem\u00e1s otro contexto hist\u00f3rico a tener en cuenta. La pasada semana, el divorcio de la infanta Elena y Jaime de Marichalar, encubierto con el seud\u00f3nimo de \u00abcese temporal de la convivencia conyugal\u00bb cumpl\u00eda la mayor\u00eda de edad. Dieciocho a\u00f1os que, period\u00edsticamente convert\u00edan al padre de Froil\u00e1n en el hombre m\u00e1s buscado. Con Froil\u00e1n en la capital hasta el mi\u00e9rcoles (\u00faltimo d\u00eda en el que fue visto en Madrid instalado en la casa de su madre cerca del barrio del Retiro), y con tiempo para tomar ca\u00f1as con amigos y salir a comer casi a diario, no ha habido ni un encuentro con su padre. De nuevo, <strong>la fotograf\u00eda o la informaci\u00f3n de un encuentro entre padre e hijo ha brillado<\/strong> por su ausencia avivando as\u00ed las tensiones entre ambos que ya vienen del pasado y que, ahora, con un presunto se\u00f1alamiento directo por parte de Juan Carlos a Marichalar, son m\u00e1s evidentes.<\/p>\n<p>\n<img decoding=\"async\" loading=\"lazy\" class=\"size-medium wp-image-2426430\" alt=\"\" width=\"620\" height=\"450\"  src=\"https:\/\/www.europesays.com\/es\/wp-content\/uploads\/2025\/10\/placeholder.jpg\"  bad-src=\"https:\/\/www.europesays.com\/es\/wp-content\/uploads\/2025\/10\/placeholder.jpg\"\/><\/p>\n<p><img decoding=\"async\" loading=\"lazy\" class=\"size-medium wp-image-2426430\" src=\"https:\/\/www.europesays.com\/es\/wp-content\/uploads\/2025\/11\/jaime-de-marichalar-con-sus-dos-hijos-620x450.jpg\" alt=\"\" width=\"620\" height=\"450\"  \/><\/p>\n<p> Jaime de Marichalar con sus dos hijos. (Foto: Gtres)\n<\/p>\n<p><strong>La \u00faltima fotograf\u00eda frente a los medios en la que aparecen padre e hijo es de hace casi 10 a\u00f1os<\/strong>. Concretamente de marzo de 2016, cuando Jaime y sus hijos Felipe y Victoria acud\u00edan a un festival taurino en Illescas. Desde entonces hasta hoy, nada. Una d\u00e9cada en la que Froil\u00e1n fue protagonista de diversos momentos de tensi\u00f3n en<strong> la noche madrile\u00f1a y marbell\u00ed<\/strong>, titulares sobre h\u00e1bitos peligrosos y un exilio a Abu Dabi que ahora pone en relieve su \u2018nueva figura paterna y ahora rival de Marichalar: Juan Carlos I, abuelo de Froil\u00e1n.<\/p>\n<p>\u00bfA qui\u00e9n ha elegido Froil\u00e1n? La postura clara del hijo de la infanta Elena<\/p>\n<p>As\u00ed las cosas, y sin necesidad de confirmaciones v\u00eda comunicado, la elecci\u00f3n de<strong> Felipe de Marichalar<\/strong> es clara y meridiana. El apoyo del joven a su abuelo, junto al silencio y distancia con su padre, muestra que el hijo de la infanta Elena se ha volcado con la figura paternal presente de Juan Carlos I. Una actitud que no s\u00f3lo confirma la ausencia del pasado de la autoridad de su padre,<strong> Jaime de Marichalar<\/strong>, en su vida azarosa y ca\u00f3tica, sino que ofrece un aplauso silencioso al influjo del em\u00e9rito en su nuevo y renovado presente, m\u00e1s organizado al menos frente a la opini\u00f3n p\u00fablica. El joven se convierte as\u00ed, con la actitud a cara vista, en el otro lanzador del dardo m\u00e1s doloroso que ha recibido su progenitor en los \u00faltimos a\u00f1os.<\/p>\n","protected":false},"excerpt":{"rendered":"Felipe de Marichalar est\u00e1 pasando una temporada en Espa\u00f1a, primero disfrutando de unos d\u00edas en Galicia y despu\u00e9s&hellip;\n","protected":false},"author":2,"featured_media":240801,"comment_status":"","ping_status":"","sticky":false,"template":"","format":"standard","meta":{"footnotes":""},"categories":[174],"tags":[255,146,147,25,24,256,20335,23],"class_list":{"0":"post-240800","1":"post","2":"type-post","3":"status-publish","4":"format-standard","5":"has-post-thumbnail","7":"category-famosos","8":"tag-celebrities","9":"tag-entertainment","10":"tag-entretenimiento","11":"tag-es","12":"tag-espana","13":"tag-famosos","14":"tag-froilan","15":"tag-spain"},"share_on_mastodon":{"url":"https:\/\/pubeurope.com\/@es\/115564905273952996","error":""},"_links":{"self":[{"href":"https:\/\/www.europesays.com\/es\/wp-json\/wp\/v2\/posts\/240800","targetHints":{"allow":["GET"]}}],"collection":[{"href":"https:\/\/www.europesays.com\/es\/wp-json\/wp\/v2\/posts"}],"about":[{"href":"https:\/\/www.europesays.com\/es\/wp-json\/wp\/v2\/types\/post"}],"author":[{"embeddable":true,"href":"https:\/\/www.europesays.com\/es\/wp-json\/wp\/v2\/users\/2"}],"replies":[{"embeddable":true,"href":"https:\/\/www.europesays.com\/es\/wp-json\/wp\/v2\/comments?post=240800"}],"version-history":[{"count":0,"href":"https:\/\/www.europesays.com\/es\/wp-json\/wp\/v2\/posts\/240800\/revisions"}],"wp:featuredmedia":[{"embeddable":true,"href":"https:\/\/www.europesays.com\/es\/wp-json\/wp\/v2\/media\/240801"}],"wp:attachment":[{"href":"https:\/\/www.europesays.com\/es\/wp-json\/wp\/v2\/media?parent=240800"}],"wp:term":[{"taxonomy":"category","embeddable":true,"href":"https:\/\/www.europesays.com\/es\/wp-json\/wp\/v2\/categories?post=240800"},{"taxonomy":"post_tag","embeddable":true,"href":"https:\/\/www.europesays.com\/es\/wp-json\/wp\/v2\/tags?post=240800"}],"curies":[{"name":"wp","href":"https:\/\/api.w.org\/{rel}","templated":true}]}}