{"id":240806,"date":"2025-11-17T11:57:10","date_gmt":"2025-11-17T11:57:10","guid":{"rendered":"https:\/\/www.europesays.com\/es\/240806\/"},"modified":"2025-11-17T11:57:10","modified_gmt":"2025-11-17T11:57:10","slug":"z-live-2026-confirma-a-saxon","status":"publish","type":"post","link":"https:\/\/www.europesays.com\/es\/240806\/","title":{"rendered":"Z! LIVE 2026 confirma a SAXON"},"content":{"rendered":"<p>\u00a0<\/p>\n<p><strong>Z! LIVE 2026 confirma a SAXON<\/strong><br \/>\n<img fetchpriority=\"high\" decoding=\"async\" src=\"https:\/\/www.europesays.com\/es\/wp-content\/uploads\/2025\/11\/saxon500x267.jpg\" alt=\"saxon\" width=\"500\" height=\"267\"\/><\/p>\n<p><strong><a href=\"https:\/\/www.saxon747.com\/\" target=\"_blank\" rel=\"noopener nofollow\">SAXON<\/a><\/strong> ser\u00e1n otro de los tres cabezas de cartel del <strong><a href=\"https:\/\/zliverock.com\/\" target=\"_blank\" rel=\"noopener nofollow\"><strong>Z! LIVE<\/strong><\/a> Rock Fest 2026<\/strong><\/p>\n<p>De momento se han confirmado <strong>TWISTED SISTER<\/strong> y <strong>SAXON<\/strong><\/p>\n<p>A\u00f1un queda un hedliner por confirmar y varias bandas m\u00e1s<\/p>\n<p><strong>El <a href=\"https:\/\/zliverock.com\/\" target=\"_blank\" rel=\"noopener nofollow\"><strong>Z! LIVE<\/strong><\/a> Rock Fest 2026<\/strong>, que celebrar\u00e1 su und\u00e9cima edici\u00f3n del <strong>11 al 13 de junio<\/strong> en el recinto ferial <strong>IFEZA (Zamora)<\/strong>,<\/p>\n<ul>\n<li><strong>Z! LIVE ROCK FEST 2026<\/strong><\/li>\n<li><strong>IFEZA (Zamora) \u2013 11 \u00b7 12 \u00b7 13 junio 2026<\/strong><\/li>\n<li>Abonos disponibles en <a href=\"https:\/\/www.zliverock.com\" target=\"_blank\" rel=\"noopener nofollow\">www.zliverock.com<\/a> \u2013 <strong>130 \u20ac + gastos de gesti\u00f3n.<\/strong><\/li>\n<\/ul>\n<p><img loading=\"lazy\" decoding=\"async\" src=\"https:\/\/www.europesays.com\/es\/wp-content\/uploads\/2025\/11\/saxon.jpg\" alt=\"SAXON\" width=\"500\" height=\"624\"\/><\/p>\n<p align=\"center\">El cartel de <strong><a href=\"https:\/\/zliverock.com\/\" target=\"_blank\" rel=\"noopener nofollow\"><strong>Z! LIVE<\/strong><\/a><\/strong> queda asi, de momento:<\/p>\n<ul>\n<li><strong>TWISTED SISTER<\/strong><\/li>\n<li><strong>SAXON<\/strong><\/li>\n<li><strong>H.E.A.T<\/strong><\/li>\n<li><strong>EMPEROR<\/strong><\/li>\n<li><strong>TESSERACT<\/strong><\/li>\n<li><strong>SOZIEDAD ALKOH\u00d3LIKA<\/strong><\/li>\n<li><strong>DELALMA<\/strong><\/li>\n<li><strong>BROTHERS OF METAL<\/strong><\/li>\n<li><strong>SERIOUS BLACK<\/strong><\/li>\n<li><strong>ROMANTHICA<\/strong><\/li>\n<li><strong>NOAH HISTERIA<\/strong><\/li>\n<li><strong>XERIA<\/strong><\/li>\n<li><strong>SU TA GAR<\/strong><\/li>\n<li><strong>LATZEN<\/strong><\/li>\n<li><strong>LEPOKA<\/strong><\/li>\n<li><strong>HEADON<\/strong><\/li>\n<\/ul>\n<p>Pronto se confirmar\u00e1n m\u00e1s bandas, el cabeza de cartel que falta, la distribuci\u00f3n de bandas por d\u00edas y horarios<\/p>\n<p>\u00a0<\/p>\n<p>\u00a0<\/p>\n","protected":false},"excerpt":{"rendered":"\u00a0 Z! LIVE 2026 confirma a SAXON SAXON ser\u00e1n otro de los tres cabezas de cartel del Z!&hellip;\n","protected":false},"author":2,"featured_media":240807,"comment_status":"","ping_status":"","sticky":false,"template":"","format":"standard","meta":{"footnotes":""},"categories":[170],"tags":[146,147,25,24,184,185,38739,23,42228],"class_list":{"0":"post-240806","1":"post","2":"type-post","3":"status-publish","4":"format-standard","5":"has-post-thumbnail","7":"category-musica","8":"tag-entertainment","9":"tag-entretenimiento","10":"tag-es","11":"tag-espana","12":"tag-music","13":"tag-musica","14":"tag-saxon","15":"tag-spain","16":"tag-z-live-rock-fest"},"share_on_mastodon":{"url":"https:\/\/pubeurope.com\/@es\/115564921303609479","error":""},"_links":{"self":[{"href":"https:\/\/www.europesays.com\/es\/wp-json\/wp\/v2\/posts\/240806","targetHints":{"allow":["GET"]}}],"collection":[{"href":"https:\/\/www.europesays.com\/es\/wp-json\/wp\/v2\/posts"}],"about":[{"href":"https:\/\/www.europesays.com\/es\/wp-json\/wp\/v2\/types\/post"}],"author":[{"embeddable":true,"href":"https:\/\/www.europesays.com\/es\/wp-json\/wp\/v2\/users\/2"}],"replies":[{"embeddable":true,"href":"https:\/\/www.europesays.com\/es\/wp-json\/wp\/v2\/comments?post=240806"}],"version-history":[{"count":0,"href":"https:\/\/www.europesays.com\/es\/wp-json\/wp\/v2\/posts\/240806\/revisions"}],"wp:featuredmedia":[{"embeddable":true,"href":"https:\/\/www.europesays.com\/es\/wp-json\/wp\/v2\/media\/240807"}],"wp:attachment":[{"href":"https:\/\/www.europesays.com\/es\/wp-json\/wp\/v2\/media?parent=240806"}],"wp:term":[{"taxonomy":"category","embeddable":true,"href":"https:\/\/www.europesays.com\/es\/wp-json\/wp\/v2\/categories?post=240806"},{"taxonomy":"post_tag","embeddable":true,"href":"https:\/\/www.europesays.com\/es\/wp-json\/wp\/v2\/tags?post=240806"}],"curies":[{"name":"wp","href":"https:\/\/api.w.org\/{rel}","templated":true}]}}