{"id":240830,"date":"2025-11-17T12:17:15","date_gmt":"2025-11-17T12:17:15","guid":{"rendered":"https:\/\/www.europesays.com\/es\/240830\/"},"modified":"2025-11-17T12:17:15","modified_gmt":"2025-11-17T12:17:15","slug":"el-reencuentro-del-baskonia-con-kamar-baldwin-en-el-aire","status":"publish","type":"post","link":"https:\/\/www.europesays.com\/es\/240830\/","title":{"rendered":"El reencuentro del Baskonia con Kamar Baldwin, en el aire"},"content":{"rendered":"<p>\n        El Baskonia dispone de varios d\u00edas para preparar una nueva jornada de Euroliga en la que<strong> los hombres de Galbiati recibir\u00e1n este viernes en el Buesa Arena al Bayern Munich<\/strong>.\n<\/p>\n<p class=\"article-body__text \">\n        Apreciados sus pobres resultados a domicilio, volver a casa se antoja fundamental para que los alaveses se reencuentren con la victoria ante <strong>un visitante como el alem\u00e1n que est\u00e1 viviendo una temporada repleta de altibajos en la presente edici\u00f3n continental<\/strong>. De hecho, ahora mismo se encuentran fuera de puestos de play-in al ser duod\u00e9cimos con un balance de cinco victorias y seis derrotas.\n<\/p>\n<blockquote class=\"twitter-tweet\" data-lang=\"es\" wp_automatic_readability=\"4.6605504587156\">\n<p lang=\"de\" dir=\"ltr\">Kamar Baldwin mit dem guten Auge! \ud83d\udc41\ufe0f <\/p>\n<p>Alle Spiele der <a href=\"https:\/\/twitter.com\/hashtag\/easyCreditBBL?src=hash&amp;ref_src=twsrc%5Etfw\" rel=\"nofollow noopener\" target=\"_blank\">#easyCreditBBL<\/a> live bei <a href=\"https:\/\/twitter.com\/dynsport?ref_src=twsrc%5Etfw\" rel=\"nofollow noopener\" target=\"_blank\">@dynsport<\/a>.<a href=\"https:\/\/twitter.com\/hashtag\/FCBB?src=hash&amp;ref_src=twsrc%5Etfw\" rel=\"nofollow noopener\" target=\"_blank\">#FCBB<\/a> <a href=\"https:\/\/twitter.com\/hashtag\/WeBallTogether?src=hash&amp;ref_src=twsrc%5Etfw\" rel=\"nofollow noopener\" target=\"_blank\">#WeBallTogether<\/a> Kamar Baldwin <a href=\"https:\/\/t.co\/9muy0kGYZY\" rel=\"nofollow\">pic.twitter.com\/9muy0kGYZY<\/a><\/p>\n<p>\u2014 FC Bayern Basketball (@FCBBasketball) <a href=\"https:\/\/twitter.com\/FCBBasketball\/status\/1987542665303310538?ref_src=twsrc%5Etfw\" rel=\"nofollow noopener\" target=\"_blank\">9 de noviembre de 2025<\/a><\/p><\/blockquote>\n<p class=\"article-body__text \">\n        En las filas b\u00e1varas militan dos viejos conocidos de la afici\u00f3n baskonista como <strong>Johannes Voigtmann y Kamar Baldwin<\/strong>. Tras superar una lesi\u00f3n de rodilla que apenas le ha permitido disputar dos partidos en la Euroliga, <strong>el p\u00edvot reapareci\u00f3 este pasado domingo en el partido de cuartos de final de la Copa alemana ante el Romertorm Gladiators Trier<\/strong>, saldado con victoria del Bayern por 80-96.\n<\/p>\n<p class=\"article-body__text \">\n        Quien se mantiene fuera de la din\u00e1mica del equipo desde hace una semana es<strong> Kamar Baldwin, aquejado de una dolencia muscular<\/strong> que le impidi\u00f3 estar dentro de la convocatoria este domingo y tambi\u00e9n ausente en la doble jornada continental de la pasada semana ante el Barcelona y el Anadolu Efes.\n<\/p>\n<p>            <a href=\"https:\/\/www.noticiasdealava.eus\/baskonia\/2025\/08\/05\/baskonia-rompe-kamar-baldwin-9951863.html\" title=\"El Baskonia rompe con Kamar Baldwin\" class=\"new__media\" rel=\"nofollow noopener\" target=\"_blank\"><\/p>\n<p>                <img alt=\"El Baskonia rompe con Kamar Baldwin\" data-src=\"https:\/\/www.europesays.com\/es\/wp-content\/uploads\/2025\/08\/c487abbd-75ba-4323-b495-6710a76e0031_16-9-aspect-ratio_default_0.jpg\" class=\"lozad\"\/><\/p>\n<p>        <\/a><\/p>\n<p>        <a href=\"https:\/\/www.noticiasdealava.eus\/baskonia\/2025\/08\/05\/baskonia-rompe-kamar-baldwin-9951863.html\" title=\"El Baskonia rompe con Kamar Baldwin\" class=\"new__headline\" rel=\"nofollow noopener\" target=\"_blank\"><br \/>\n            El Baskonia rompe con Kamar Baldwin<br \/>\n        <\/a><\/p>\n<p>  Poco revitalizado en M\u00fanich<\/p>\n<p class=\"article-body__text \">\n        En la l\u00ednea de hermetismo de todos los clubes, <strong>el Bayern no ha informado de la lesi\u00f3n exacta ni del tiempo de baja del base nacionalizado georgiano<\/strong>, al que el Baskonia abri\u00f3 el pasado verano la puerta tras una campa\u00f1a decepcionante.\n<\/p>\n<p class=\"article-body__text \">\n        El base-escolta norteamericano dispon\u00eda de un a\u00f1o m\u00e1s de contrato, pero no convenci\u00f3 en las altas esferas azulgranas. <strong>Entonces<\/strong> <strong>se le coloc\u00f3 en el mercado para liberar su sueldo<\/strong> acabando finalmente en las filas del gigante alem\u00e1n.\n<\/p>\n<p>        Con una competencia feroz en su puesto al compartir posici\u00f3n con Jovic, Hollatz, Rathan-Mayes o el reci\u00e9n llegado Dinwiddie, Baldwin tiene incluso menos presencia en pista de la que gozaba en Vitoria con una media de poco m\u00e1s de 16 minutos en la Euroliga<\/p>\n<p class=\"article-body__text \">\n        Su rendimiento hasta la fecha no es, desde luego, para echar cohetes y <strong>est\u00e1 por ver si vuelve a alcanzar ese gran nivel mostrado con la selecci\u00f3n georgiana<\/strong>.\n<\/p>\n<p class=\"article-body__text \">\n        Ni siquiera su valioso pasaporte comunitario, conseguido para las ventanas FIBA de noviembre del a\u00f1o pasado y que <strong>favoreci\u00f3 sus alineaciones en la ACB junto a Trent Forrest y Markus Howard<\/strong>, le vali\u00f3 para prorrogar su estancia como baskonista.\n<\/p>\n<p class=\"article-body__text \">\n        Con una competencia feroz al compartir posici\u00f3n con Jovic, Hollatz, Rathan-Mayes o el reci\u00e9n llegado Dinwiddie, <strong>Baldwin tiene incluso menos presencia en pista de la que gozaba en Vitoria con una media de poco m\u00e1s de 16 minutos en la Euroliga<\/strong>, donde aporta 6,7 puntos y 2,4 asistencias. En la competici\u00f3n dom\u00e9stica, sus n\u00fameros son algo mejores (8,3 puntos y 3,8 pases de canasta).\n<\/p>\n<p>            <script async src=\"https:\/\/platform.twitter.com\/widgets.js\" charset=\"utf-8\"><\/script><\/p>\n","protected":false},"excerpt":{"rendered":"El Baskonia dispone de varios d\u00edas para preparar una nueva jornada de Euroliga en la que los hombres&hellip;\n","protected":false},"author":2,"featured_media":240831,"comment_status":"","ping_status":"","sticky":false,"template":"","format":"standard","meta":{"footnotes":""},"categories":[269],"tags":[4647,14962,299,298,4714,168,25,24,14961,20070,23,167],"class_list":{"0":"post-240830","1":"post","2":"type-post","3":"status-publish","4":"format-standard","5":"has-post-thumbnail","7":"category-baloncesto","8":"tag-aire","9":"tag-baldwin","10":"tag-baloncesto","11":"tag-basketball","12":"tag-baskonia","13":"tag-deportes","14":"tag-es","15":"tag-espana","16":"tag-kamar","17":"tag-reencuentro","18":"tag-spain","19":"tag-sports"},"share_on_mastodon":{"url":"https:\/\/pubeurope.com\/@es\/115564999165520580","error":""},"_links":{"self":[{"href":"https:\/\/www.europesays.com\/es\/wp-json\/wp\/v2\/posts\/240830","targetHints":{"allow":["GET"]}}],"collection":[{"href":"https:\/\/www.europesays.com\/es\/wp-json\/wp\/v2\/posts"}],"about":[{"href":"https:\/\/www.europesays.com\/es\/wp-json\/wp\/v2\/types\/post"}],"author":[{"embeddable":true,"href":"https:\/\/www.europesays.com\/es\/wp-json\/wp\/v2\/users\/2"}],"replies":[{"embeddable":true,"href":"https:\/\/www.europesays.com\/es\/wp-json\/wp\/v2\/comments?post=240830"}],"version-history":[{"count":0,"href":"https:\/\/www.europesays.com\/es\/wp-json\/wp\/v2\/posts\/240830\/revisions"}],"wp:featuredmedia":[{"embeddable":true,"href":"https:\/\/www.europesays.com\/es\/wp-json\/wp\/v2\/media\/240831"}],"wp:attachment":[{"href":"https:\/\/www.europesays.com\/es\/wp-json\/wp\/v2\/media?parent=240830"}],"wp:term":[{"taxonomy":"category","embeddable":true,"href":"https:\/\/www.europesays.com\/es\/wp-json\/wp\/v2\/categories?post=240830"},{"taxonomy":"post_tag","embeddable":true,"href":"https:\/\/www.europesays.com\/es\/wp-json\/wp\/v2\/tags?post=240830"}],"curies":[{"name":"wp","href":"https:\/\/api.w.org\/{rel}","templated":true}]}}