{"id":240834,"date":"2025-11-17T12:19:12","date_gmt":"2025-11-17T12:19:12","guid":{"rendered":"https:\/\/www.europesays.com\/es\/240834\/"},"modified":"2025-11-17T12:19:12","modified_gmt":"2025-11-17T12:19:12","slug":"en-directo-rosalia-deslumbra-a-jimmy-fallon-con-la-perla","status":"publish","type":"post","link":"https:\/\/www.europesays.com\/es\/240834\/","title":{"rendered":"En directo | Rosal\u00eda deslumbra a Jimmy Fallon con \u2018La Perla\u2019"},"content":{"rendered":"<p>\n        Acompa\u00f1ada por una orquesta, <a href=\"https:\/\/www.deia.eus\/tags\/rosalia\/\" title=\"Rosal\u00eda\" class=\"link copy\" rel=\"nofollow noopener\" target=\"_blank\">Rosal\u00eda<\/a> interpret\u00f3 este lunes en el show de <strong>Jimmy Fallon<\/strong> &#8216;La Perla&#8217;, uno de los temas de su nuevo \u00e1lbum &#8216;Lux&#8217;, en la que supone su primera <strong>actuaci\u00f3n en directo <\/strong>en el popular programa estadounidense, donde ya hab\u00eda sido entrevistada en ocasiones anteriores.\n<\/p>\n<p class=\"article-body__text \">\n        El show de Jimmy Fallon, uno de los programas m\u00e1s emblem\u00e1ticos de la televisi\u00f3n estadounidense, arranc\u00f3 con una entrevista en la que Fallon felicit\u00f3 a la catalana por el lanzamiento de su <strong>nuevo \u00e1lbum,<\/strong> \u00abque est\u00e1 rompiendo todos los r\u00e9cords\u00bb, antes de leer las cr\u00edticas de varios diarios internacionales.\n<\/p>\n<p class=\"article-body__text \">\n        Luciendo un vestido blanco, <strong>Rosal\u00eda<\/strong> explic\u00f3 que es su primer trabajo inspirado en la <strong>m\u00fasica cl\u00e1sica <\/strong>y que tard\u00f3 tres a\u00f1os en completarlo porque ten\u00eda \u00ablas ideas muy claras\u00bb sobre c\u00f3mo deb\u00eda sonar, y confes\u00f3 que, aunque en el estudio trabaja con seguridad, siempre se pone nerviosa al compartir el resultado con el p\u00fablico.\n<\/p>\n<p class=\"article-body__text \">\n        La conversaci\u00f3n incluy\u00f3 una referencia a su participaci\u00f3n en la serie &#8216;<strong>Euphoria<\/strong>&#8216;, cuya pr\u00f3xima temporada arranca en la primavera de 2026 y donde se espera que uno de los nuevos personajes sea interpretado por la cantante catalana.\n<\/p>\n<p>            <a href=\"https:\/\/www.deia.eus\/cine-y-series\/2025\/02\/17\/rosalia-fichaje-estrella-tercera-temporada-9288679.html\" title=\"Rosal\u00eda, fichaje estrella de la tercera temporada de &#039;Euphoria&#039;\" class=\"new__media\" rel=\"nofollow noopener\" target=\"_blank\"><\/p>\n<p>                <img alt=\"Rosal\u00eda, fichaje estrella de la tercera temporada de 'Euphoria'\" data-src=\"https:\/\/www.europesays.com\/es\/wp-content\/uploads\/2025\/11\/941093f8-5537-4135-8725-fbcaa6226408_16-9-aspect-ratio_default_0_x529y479.jpg\" class=\"lozad\"\/><\/p>\n<p>        <\/a><\/p>\n<p>        <a href=\"https:\/\/www.deia.eus\/cine-y-series\/2025\/02\/17\/rosalia-fichaje-estrella-tercera-temporada-9288679.html\" title=\"Rosal\u00eda, fichaje estrella de la tercera temporada de &#039;Euphoria&#039;\" class=\"new__headline\" rel=\"nofollow noopener\" target=\"_blank\"><br \/>\n            Rosal\u00eda, fichaje estrella de la tercera temporada de &#8216;Euphoria&#8217;<br \/>\n        <\/a><\/p>\n<p class=\"article-body__text \">\n        Sin revelar detalles, la artista se\u00f1al\u00f3 que \u00abtuvo que partirse la cabeza en dos\u00bb para afrontar el proyecto al tiempo que mostr\u00f3 en el plat\u00f3 distintos patrones de palmas flamencas, animando al presentador y al p\u00fablico a imitarlos y recordando que en <strong>Jerez de la Frontera<\/strong> \u00ablo hacen de forma natural y bell\u00edsima\u00bb.\n<\/p>\n<p class=\"article-body__text \">\n        Fallon mencion\u00f3 que Rosal\u00eda canta en <strong>13 idiomas en &#8216;Lux&#8217; <\/strong>y ella respondi\u00f3 que le gusta aprender y que estudi\u00f3 lenguas en Duolingo mientras trabajaba en el concepto del \u00e1lbum, que re\u00fane historias y figuras femeninas de distintas culturas, lo que la llev\u00f3 a colaborar con traductores para afinar la pronunciaci\u00f3n.\n<\/p>\n<blockquote class=\"twitter-tweet\" data-media-max-width=\"560\" wp_automatic_readability=\"3.1354838709677\">\n<p lang=\"tl\" dir=\"ltr\">ROSAL\u00cdA shows Jimmy how she claps! \ud83d\udc4f <a href=\"https:\/\/twitter.com\/hashtag\/ROSAL%C3%8DAOnFallon?src=hash&amp;ref_src=twsrc%5Etfw\" rel=\"nofollow noopener\" target=\"_blank\">#ROSAL\u00cdAOnFallon<\/a> <a href=\"https:\/\/twitter.com\/hashtag\/FallonTonight?src=hash&amp;ref_src=twsrc%5Etfw\" rel=\"nofollow noopener\" target=\"_blank\">#FallonTonight<\/a> <a href=\"https:\/\/t.co\/OgG1EGKZMs\" rel=\"nofollow\">pic.twitter.com\/OgG1EGKZMs<\/a><\/p>\n<p>\u2014 The Tonight Show (@FallonTonight) <a href=\"https:\/\/twitter.com\/FallonTonight\/status\/1990287539198988559?ref_src=twsrc%5Etfw\" rel=\"nofollow noopener\" target=\"_blank\">November 17, 2025<\/a><\/p><\/blockquote>\n<p>  Lux rompe r\u00e9cords<\/p>\n<p class=\"article-body__text \">\n        Explic\u00f3 como detalle que su aria, &#8216;<strong>Mio Cristo Piange Diamanti<\/strong>&#8216;, le tom\u00f3 un a\u00f1o de preparaci\u00f3n.\n<\/p>\n<p class=\"article-body__text \">\n        La artista ret\u00f3 al presentador a cantar una parte de &#8216;La Perla&#8217; y le indic\u00f3 que deb\u00eda estar \u00absuelto\u00bb antes de interpretar juntos el estribillo. Momentos despu\u00e9s, Rosal\u00eda subi\u00f3 al escenario para interpretar dicha canci\u00f3n acompa\u00f1ada de una orquesta.\n<\/p>\n<p class=\"article-body__text \">\n        Desde su lanzamiento, &#8216;<strong>Lux<\/strong>&#8216; ha roto r\u00e9cords internacionales, encabezando listas de streaming en Spotify y Apple Music en varios pa\u00edses y superando cifras de reproducciones de sus anteriores trabajos, seg\u00fan reportes de la industria musical. Es tambi\u00e9n uno de los discos m\u00e1s vendidos en el Estado espa\u00f1ol y Latinoam\u00e9rica en su primera semana y sus sencillos han alcanzado posiciones destacadas en charts globales.\n<\/p>\n<p>            <script async src=\"https:\/\/platform.twitter.com\/widgets.js\" charset=\"utf-8\"><\/script><\/p>\n","protected":false},"excerpt":{"rendered":"Acompa\u00f1ada por una orquesta, Rosal\u00eda interpret\u00f3 este lunes en el show de Jimmy Fallon &#8216;La Perla&#8217;, uno de&hellip;\n","protected":false},"author":2,"featured_media":240835,"comment_status":"","ping_status":"","sticky":false,"template":"","format":"standard","meta":{"footnotes":""},"categories":[174],"tags":[255,10252,2125,146,147,25,24,27024,256,20984,4147,23],"class_list":{"0":"post-240834","1":"post","2":"type-post","3":"status-publish","4":"format-standard","5":"has-post-thumbnail","7":"category-famosos","8":"tag-celebrities","9":"tag-deslumbra","10":"tag-directo","11":"tag-entertainment","12":"tag-entretenimiento","13":"tag-es","14":"tag-espana","15":"tag-fallon","16":"tag-famosos","17":"tag-jimmy","18":"tag-rosalia","19":"tag-spain"},"share_on_mastodon":{"url":"https:\/\/pubeurope.com\/@es\/115565006906159562","error":""},"_links":{"self":[{"href":"https:\/\/www.europesays.com\/es\/wp-json\/wp\/v2\/posts\/240834","targetHints":{"allow":["GET"]}}],"collection":[{"href":"https:\/\/www.europesays.com\/es\/wp-json\/wp\/v2\/posts"}],"about":[{"href":"https:\/\/www.europesays.com\/es\/wp-json\/wp\/v2\/types\/post"}],"author":[{"embeddable":true,"href":"https:\/\/www.europesays.com\/es\/wp-json\/wp\/v2\/users\/2"}],"replies":[{"embeddable":true,"href":"https:\/\/www.europesays.com\/es\/wp-json\/wp\/v2\/comments?post=240834"}],"version-history":[{"count":0,"href":"https:\/\/www.europesays.com\/es\/wp-json\/wp\/v2\/posts\/240834\/revisions"}],"wp:featuredmedia":[{"embeddable":true,"href":"https:\/\/www.europesays.com\/es\/wp-json\/wp\/v2\/media\/240835"}],"wp:attachment":[{"href":"https:\/\/www.europesays.com\/es\/wp-json\/wp\/v2\/media?parent=240834"}],"wp:term":[{"taxonomy":"category","embeddable":true,"href":"https:\/\/www.europesays.com\/es\/wp-json\/wp\/v2\/categories?post=240834"},{"taxonomy":"post_tag","embeddable":true,"href":"https:\/\/www.europesays.com\/es\/wp-json\/wp\/v2\/tags?post=240834"}],"curies":[{"name":"wp","href":"https:\/\/api.w.org\/{rel}","templated":true}]}}