{"id":240836,"date":"2025-11-17T12:23:11","date_gmt":"2025-11-17T12:23:11","guid":{"rendered":"https:\/\/www.europesays.com\/es\/240836\/"},"modified":"2025-11-17T12:23:11","modified_gmt":"2025-11-17T12:23:11","slug":"victoria-abril-manda-callar-a-letterman-y-rafa-nadal-enumera-las-baleares-los-famosos-espanoles-que-triunfaron-en-un-late-night-antes-que-rosalia-icon","status":"publish","type":"post","link":"https:\/\/www.europesays.com\/es\/240836\/","title":{"rendered":"Victoria Abril manda callar a Letterman y Rafa Nadal enumera las Baleares: los famosos espa\u00f1oles que triunfaron en un \u2018late night\u2019 antes que Rosal\u00eda | ICON"},"content":{"rendered":"<p class=\"\">Rosal\u00eda es, en toda regla, una de las grandes estrellas globales de la m\u00fasica. Esto no es nuevo, pero <a href=\"https:\/\/elpais.com\/television\/2025-11-17\/asi-fue-la-actuacion-de-rosalia-en-el-programa-de-jimmy-fallon-en-la-que-recreo-el-cuento-de-la-princesa-y-el-guisante.html\" target=\"_blank\" rel=\"noreferrer nofollow noopener\" title=\"https:\/\/elpais.com\/television\/2025-11-17\/asi-fue-la-actuacion-de-rosalia-en-el-programa-de-jimmy-fallon-en-la-que-recreo-el-cuento-de-la-princesa-y-el-guisante.html\">la espectacular interpretaci\u00f3n de La perla en el programa de Jimmy Fallon<\/a> parece haber recordado al mundo la genialidad de la artista catalana. En la entrevista, la cantante tambi\u00e9n se revel\u00f3 como una show woman capaz de poner al presentador a cantar en espa\u00f1ol. Y tal vez hablamos tanto de ello porque a\u00fan sorprende que artistas espa\u00f1oles triunfen en la televisi\u00f3n nocturna estadounidense, tan dada, hasta hace no tanto, a perpetuar su propio star system. <\/p>\n<p class=\"\">Sin embargo, la presencia anoche de Rosal\u00eda en un late night estadounidense sigue la estela de otros espa\u00f1oles que han ido antes. En esta lista hemos evitado a los m\u00e1s obvios (estrellas del cine como Pen\u00e9lope Cruz, Javier Bardem o Antonio Banderas, que ya coleccionan entrevistas en programas del mundo entero) para detenernos en otras curiosidades. <\/p>\n<p>Julio Iglesias hace hablar espa\u00f1ol a Johnny Carson<\/p>\n<p class=\"\">\u201cEsta es mi primera entrevista en Estados Unidos y eso explica que mis piernas est\u00e9n temblando\u201d. Julio Iglesias pronunci\u00f3 estas palabras al legendario Johnny Carson en 1983. El artista acababa de instalarse en el pa\u00eds y hab\u00eda publicado su primer \u00e9xito en ingl\u00e9s, el tema Begin the Beguine. A Carson le cont\u00f3 la legendaria historia de c\u00f3mo, tras el accidente de coche que casi lo deja paral\u00edtico, empez\u00f3 a tocar una guitarra para entrenar los dedos y su vida cambi\u00f3. Tambi\u00e9n le explic\u00f3 que cantaba en muchos idiomas, pero \u201cmuy mal\u201d, entre las risas del p\u00fablico, y que estaba intentando dejar de fumar. Por primera vez, el mercado m\u00e1s importante del mundo ve\u00eda entrevistado en directo a ese espa\u00f1ol que hab\u00eda conquistado el mundo entero gracias a mezclar el aura de fucker con el aura de hombre solitario, apocado y humilde. Atendiendo a las cifras de ventas de su siguiente \u00e1lbum, 1100 Bel Air Place, funcion\u00f3. Y adem\u00e1s, consigui\u00f3 que Johnny Carson hablase con \u00e9l en espa\u00f1ol. Volvi\u00f3, ese mismo a\u00f1o, a seguir desplegando encanto. <\/p>\n<p>Victoria Abril le dice a Letterman que en su plat\u00f3 hace mucho fr\u00edo <\/p>\n<p class=\"\">La actriz malague\u00f1a jug\u00f3 a lo del sue\u00f1o americano en Jimmy Hollywood, film de Barry Levinson que se estren\u00f3 en 1994, result\u00f3 ser un fracaso y del que la actriz no guarda buen recuerdo. Pero no fue esta pel\u00edcula la que la llev\u00f3 al legendario late show estadounidense, sino una que hizo un tiempo despu\u00e9s y se convirti\u00f3 en un enorme \u00e9xito en Francia: Felpudo maldito. Era 1996, Abril lleg\u00f3 al plat\u00f3 tras bajarse del Concorde y Letterman la salud\u00f3 con un \u00abbonsoir\u00bb, en vez de con un \u201cbuenas noches\u201d. Abril le cont\u00f3 que la hab\u00edan multado por fumar en el avi\u00f3n y luego alab\u00f3 los dientes de Letterman por ser \u201cnaturales\u201d. Cuando Letterman le pregunta d\u00f3nde vive, ella explica que en Par\u00eds, cerca del r\u00edo \u201cy de las prostitutas y las travestis\u201d. Cuando ella intenta explicar m\u00e1s y \u00e9l la interrumpe, Abril lo manda callar. Al final de la entrevista, Letterman le dice: \u201cVuelve alguna vez\u201d. Pero Victoria no volvi\u00f3. <\/p>\n<p>Rafa Nadal explica a Letterman cu\u00e1ntas islas son las Baleares<\/p>\n<p class=\"\">En 2011 Rafa Nadal acudi\u00f3 al programa de David Letterman a que este le hiciese preguntas muy largas que Nadal, de 25 a\u00f1os entonces y muy t\u00edmido, respond\u00eda con frases muy cortas. Letterman le pregunta por Fernando Alonso. Nadal le habla de Carlos Moya. Pero la parte m\u00e1s interesante de la entrevista llega cuando Nadal explica a Letterman que las Islas Baleares son cinco y no dos, y que en ellas se habla mallorqu\u00edn, \u201cun idioma parecido al catal\u00e1n\u201d. \u201c\u00bfO sea que si un espa\u00f1ol de la pen\u00ednsula viaja a Mallorca no entiende lo que hablan?\u201d, le pregunta Letterman. \u201cSeguro que si le hablan mallorqu\u00edn, no se va a enterar de nada\u201d, responde Nadal.<\/p>\n<p>Almod\u00f3var dice en directo la palabra prohibida<\/p>\n<p class=\"\">Al director le quedaban cinco a\u00f1os para ganar un Oscar por Todo sobre mi madre y convertirse definitivamente en una figura internacional del cine cuando, en 1994, acudi\u00f3 al programa de Conan O\u2019Brien para promocionar Kika. Ya al principio de la entrevista se mete en problemas al hablar de tetas y tiene que intervenir la censura. \u201c\u00bfCu\u00e1l es la palabra prohibida en televisi\u00f3n aqu\u00ed?\u201c, pregunta Almod\u00f3var. \u201dLa que acabas de decir\u00bb, responde O\u2019Brien. La tensi\u00f3n entre el lib\u00e9rrimo director y el c\u00f3mico de la muy controlada televisi\u00f3n estadounidense continua cuando O\u2019Brien le explica que en sus pel\u00edculas hay mucho sexo. \u201cEsa es la raz\u00f3n por la que he venido aqu\u00ed, para que t\u00fa me expliques las pel\u00edculas que yo hago\u201d, responde Pedro entre la risa generalizada del p\u00fablico. \u201c\u00bfC\u00f3mo consigues que una pel\u00edcula con violaciones y asesinatos sea una comedia?\u201c, pregunta O\u2019Brien. \u201dCon mucho talento\u00bb, responde Almod\u00f3var. A los seis minutos, Pedro se tiene que ir. \u201cEse es todo el tiempo que ten\u00edas, \u00a1lo siento!\u201c. <\/p>\n<p>\u00darsula Corber\u00f3, Madonna, el avi\u00f3n y el pasaporte perdido<\/p>\n<p class=\"\">El auge de las plataformas cre\u00f3 una nueva forma de hacerse famoso a nivel mundial sin salir de tu pa\u00eds: simplemente, que tu serie se vuelva popular en el planeta entero. \u00darsula Corber\u00f3 acudi\u00f3 al programa de Jimmy Fallon en 2021 para hablar de esa fama y dej\u00f3 una an\u00e9cdota para los restos: cuando, en un vuelo Los \u00c1ngeles-Madrid con escala en Londres, Madonna se acerc\u00f3 a ella para decirle: \u201cSoy muy fan\u201d. Tambi\u00e9n para decirle que intercambiasen sus tel\u00e9fonos. Al terminar el vuelo, recibi\u00f3 un mensaje de la cantante: \u201cTe has olvidado tu pasaporte en el asiento. La azafata lo ha guardado\u201d. <\/p>\n<p>Charo y la receta de la paella para David Letterman<\/p>\n<p class=\"\">Charo Baeza, natural de Murcia, es una estrella en Estados Unidos y un nombre lejano aqu\u00ed en Espa\u00f1a. Su presencia en la televisi\u00f3n de aquel pa\u00eds es constante desde que, en 1965, toc\u00f3 La cucaracha en el show de Ed Sullivan y conquist\u00f3 a los telespectadores. Desde entonces ha sido esa espa\u00f1ola con un acento ininteligible que canta, baila, act\u00faa y entretiene al mundo con una guitarra (porque, aparte de todo eso, es una guitarrista prodigiosa). En una charla con David Letterman en 1985, una Charo que ya ha triunfado sigue tirando de su sello personal: hacer como que habla mal ingl\u00e9s. As\u00ed, se enzarzan en una discusi\u00f3n sobre la vida de Charo en Hawaii, la comida que sirve en su restaurante y explica la receta de la paella, a la vez que explica que es afrodis\u00edaca. <\/p>\n","protected":false},"excerpt":{"rendered":"Rosal\u00eda es, en toda regla, una de las grandes estrellas globales de la m\u00fasica. Esto no es nuevo,&hellip;\n","protected":false},"author":2,"featured_media":240837,"comment_status":"","ping_status":"","sticky":false,"template":"","format":"standard","meta":{"footnotes":""},"categories":[171],"tags":[3083,146,147,25,24,15751,8216,7669,22111,3439,4147,23,807,214,19421,62038],"class_list":{"0":"post-240836","1":"post","2":"type-post","3":"status-publish","4":"format-standard","5":"has-post-thumbnail","7":"category-tv","8":"tag-antonio-banderas","9":"tag-entertainment","10":"tag-entretenimiento","11":"tag-es","12":"tag-espana","13":"tag-javier-bardem","14":"tag-julio-iglesias","15":"tag-pedro-almodovar","16":"tag-penelope-cruz","17":"tag-rafael-nadal","18":"tag-rosalia","19":"tag-spain","20":"tag-television","21":"tag-tv","22":"tag-ursula-corbero","23":"tag-victoria-abril"},"share_on_mastodon":{"url":"https:\/\/pubeurope.com\/@es\/115565022627269089","error":""},"_links":{"self":[{"href":"https:\/\/www.europesays.com\/es\/wp-json\/wp\/v2\/posts\/240836","targetHints":{"allow":["GET"]}}],"collection":[{"href":"https:\/\/www.europesays.com\/es\/wp-json\/wp\/v2\/posts"}],"about":[{"href":"https:\/\/www.europesays.com\/es\/wp-json\/wp\/v2\/types\/post"}],"author":[{"embeddable":true,"href":"https:\/\/www.europesays.com\/es\/wp-json\/wp\/v2\/users\/2"}],"replies":[{"embeddable":true,"href":"https:\/\/www.europesays.com\/es\/wp-json\/wp\/v2\/comments?post=240836"}],"version-history":[{"count":0,"href":"https:\/\/www.europesays.com\/es\/wp-json\/wp\/v2\/posts\/240836\/revisions"}],"wp:featuredmedia":[{"embeddable":true,"href":"https:\/\/www.europesays.com\/es\/wp-json\/wp\/v2\/media\/240837"}],"wp:attachment":[{"href":"https:\/\/www.europesays.com\/es\/wp-json\/wp\/v2\/media?parent=240836"}],"wp:term":[{"taxonomy":"category","embeddable":true,"href":"https:\/\/www.europesays.com\/es\/wp-json\/wp\/v2\/categories?post=240836"},{"taxonomy":"post_tag","embeddable":true,"href":"https:\/\/www.europesays.com\/es\/wp-json\/wp\/v2\/tags?post=240836"}],"curies":[{"name":"wp","href":"https:\/\/api.w.org\/{rel}","templated":true}]}}