{"id":240842,"date":"2025-11-17T12:27:08","date_gmt":"2025-11-17T12:27:08","guid":{"rendered":"https:\/\/www.europesays.com\/es\/240842\/"},"modified":"2025-11-17T12:27:08","modified_gmt":"2025-11-17T12:27:08","slug":"canas-un-posible-escudo-interno-contra-el-cancer","status":"publish","type":"post","link":"https:\/\/www.europesays.com\/es\/240842\/","title":{"rendered":"Canas: un posible escudo interno contra el c\u00e1ncer"},"content":{"rendered":"<p><strong>\u00bfY si las canas fueran m\u00e1s que un signo de envejecimiento?<\/strong> Nuevas investigaciones sugieren que detr\u00e1s del cabello gris podr\u00eda existir un mecanismo biol\u00f3gico de defensa. Ese proceso ayudar\u00eda al cuerpo a impedir el desarrollo de c\u00e9lulas potencialmente cancerosas. Un estudio reciente ofrece una mirada renovada sobre c\u00f3mo reacciona el organismo ante el da\u00f1o celular y c\u00f3mo act\u00faan las c\u00e9lulas madre que dan color al cabello.\u00a0<\/p>\n<p>A lo largo de la vida, nuestras c\u00e9lulas se exponen a numerosos estresores: radiaci\u00f3n, sustancias qu\u00edmicas y procesos internos del metabolismo. Este desgaste constante est\u00e1 relacionado con el envejecimiento y con enfermedades como el c\u00e1ncer. Aun as\u00ed, quedaban dudas sobre la forma en que ciertas c\u00e9lulas madre responden al da\u00f1o acumulado.\u00a0<\/p>\n<p>Un trabajo cient\u00edfico de la Universidad de Tokio aporta nueva informaci\u00f3n sobre este fen\u00f3meno. El equipo se centr\u00f3 en las c\u00e9lulas madre que producen melanocitos, responsables de la pigmentaci\u00f3n del cabello y la piel. Descubri\u00f3 un comportamiento inesperado que vincula el encanecimiento con la prevenci\u00f3n del c\u00e1ncer.\u00a0<\/p>\n<p><b>El rol oculto de las c\u00e9lulas madre que dan color al cabello<\/b>\u00a0<\/p>\n<p>Estas c\u00e9lulas, conocidas como\u00a0McSCs\u00a0(Melanocyte\u00a0Stem\u00a0Cells), viven dentro de los fol\u00edculos pilosos y act\u00faan como una reserva permanente. Cada vez que el cabello inicia un nuevo ciclo de crecimiento, las\u00a0McSCs\u00a0se activan y generan nuevos melanocitos. Ese proceso mantiene el color natural del pelo.\u00a0<\/p>\n<p>Sin embargo, cuando estas c\u00e9lulas sufren da\u00f1o en su ADN, su destino cambia. El estudio, publicado en\u00a0Nature\u00a0Cell\u00a0Biology, mostr\u00f3 que, ante roturas graves en su material gen\u00e9tico, las\u00a0McSCs\u00a0recurren a un mecanismo conocido como seno-diferenciaci\u00f3n. En t\u00e9rminos simples, maduran y dejan de dividirse. Como resultado, aparecen las canas.\u00a0<\/p>\n<p>Aunque pueda parecer un efecto no deseado del envejecimiento, los cient\u00edficos plantean que este proceso funciona como un sistema de seguridad. Al madurar y abandonar su ciclo reproductivo, las McSCs evitan multiplicarse con informaci\u00f3n gen\u00e9tica da\u00f1ada. As\u00ed reducen el riesgo de convertirse en c\u00e9lulas malignas.\u00a0<\/p>\n<p>Los investigadores tambi\u00e9n observaron que esta respuesta est\u00e1 regulada por la v\u00eda p53\u2013p21. Este \u201cfreno molecular\u201d es clave en la supresi\u00f3n de tumores. Cuando detecta da\u00f1os, detiene la divisi\u00f3n celular para evitar riesgos.\u00a0<\/p>\n<p><b>Cuando el sistema de defensa falla: el riesgo de melanoma<\/b>\u00a0<\/p>\n<p>La historia, sin embargo, no es tan simple. No todos los da\u00f1os activan la protecci\u00f3n. El equipo de Tokio descubri\u00f3 que, cuando las McSCs se exponen a carcin\u00f3genos ambientales como radiaci\u00f3n ultravioleta o qu\u00edmicos t\u00f3xicos, el freno p53\u2013p21 no siempre entra en acci\u00f3n.\u00a0<\/p>\n<p>En esas situaciones, las c\u00e9lulas da\u00f1adas no recurren a la seno-diferenciaci\u00f3n. Siguen multiplic\u00e1ndose y podr\u00edan dar lugar a tumores como el melanoma, uno de los c\u00e1nceres de piel m\u00e1s agresivos.\u00a0<\/p>\n<p>El estudio atribuye esta diferencia a una se\u00f1al qu\u00edmica del entorno celular: el ligando KIT. Esta mol\u00e9cula, producida por la epidermis, env\u00eda instrucciones que pueden bloquear el mecanismo protector y permitir que las c\u00e9lulas da\u00f1adas contin\u00faen activas.\u00a0<\/p>\n<p>Como explica la investigadora Emi Nishimura, \u201clas c\u00e9lulas madre pueden seguir rutas opuestas: agotarse o expandirse, seg\u00fan el tipo de estr\u00e9s y el entorno que las rodea\u201d. Esta dualidad redefine la manera en que interpretamos algo tan com\u00fan como las canas.\u00a0<\/p>\n<p><b>Envejecer para proteger: una conexi\u00f3n inesperada<\/b>\u00a0<\/p>\n<p>Es importante aclarar que el estudio no afirma que las canas prevengan el c\u00e1ncer. Sin embargo, s\u00ed sugiere que la p\u00e9rdida de color puede indicar que el cuerpo est\u00e1 eliminando c\u00e9lulas madre potencialmente peligrosas. En cierto modo, el encanecimiento podr\u00eda reflejar una \u201climpieza biol\u00f3gica\u201d destinada a mantener el equilibrio celular.\u00a0<\/p>\n<p>El hallazgo ofrece una nueva perspectiva sobre la relaci\u00f3n entre envejecimiento, estr\u00e9s celular y c\u00e1ncer. La forma en que nuestras c\u00e9lulas madre reaccionan al da\u00f1o influye en la apariencia externa, pero tambi\u00e9n en nuestra capacidad de evitar enfermedades graves.\u00a0<\/p>\n<p>Este descubrimiento abre la puerta a nuevas investigaciones sobre c\u00f3mo activar o modular estos mecanismos de protecci\u00f3n, sobre todo en tejidos expuestos a agresiones constantes, como la piel.\u00a0<\/p>\n<p>En suma, las canas podr\u00edan ser m\u00e1s que un signo del paso del tiempo. Tambi\u00e9n podr\u00edan representar una decisi\u00f3n estrat\u00e9gica del organismo para cuidarse desde adentro.<\/p>\n<p><strong><\/p>\n<p><a href=\"https:\/\/revistamercado.do\/suscribe\" target=\"_self\" class=\"boton-suscribete-articulos\" rel=\"nofollow noopener\">Suscr\u00edbete a la revista<\/a> y <a href=\"https:\/\/revistamercado.do\/mercado-newsletter\" target=\"_self\" rel=\"nofollow noopener\">reg\u00edstrate a nuestros newsletters<\/a> para recibir el mejor contenido en tu buz\u00f3n de entrada.<\/p>\n<p><\/strong><\/p>\n<p class=\"mb-0 text-center\">Te quedan 3 de 5 accesos gratis.<\/p>\n","protected":false},"excerpt":{"rendered":"\u00bfY si las canas fueran m\u00e1s que un signo de envejecimiento? Nuevas investigaciones sugieren que detr\u00e1s del cabello&hellip;\n","protected":false},"author":2,"featured_media":240843,"comment_status":"","ping_status":"","sticky":false,"template":"","format":"standard","meta":{"footnotes":""},"categories":[92],"tags":[25,24,165,166,23],"class_list":{"0":"post-240842","1":"post","2":"type-post","3":"status-publish","4":"format-standard","5":"has-post-thumbnail","7":"category-salud","8":"tag-es","9":"tag-espana","10":"tag-health","11":"tag-salud","12":"tag-spain"},"share_on_mastodon":{"url":"https:\/\/pubeurope.com\/@es\/115565038517695248","error":""},"_links":{"self":[{"href":"https:\/\/www.europesays.com\/es\/wp-json\/wp\/v2\/posts\/240842","targetHints":{"allow":["GET"]}}],"collection":[{"href":"https:\/\/www.europesays.com\/es\/wp-json\/wp\/v2\/posts"}],"about":[{"href":"https:\/\/www.europesays.com\/es\/wp-json\/wp\/v2\/types\/post"}],"author":[{"embeddable":true,"href":"https:\/\/www.europesays.com\/es\/wp-json\/wp\/v2\/users\/2"}],"replies":[{"embeddable":true,"href":"https:\/\/www.europesays.com\/es\/wp-json\/wp\/v2\/comments?post=240842"}],"version-history":[{"count":0,"href":"https:\/\/www.europesays.com\/es\/wp-json\/wp\/v2\/posts\/240842\/revisions"}],"wp:featuredmedia":[{"embeddable":true,"href":"https:\/\/www.europesays.com\/es\/wp-json\/wp\/v2\/media\/240843"}],"wp:attachment":[{"href":"https:\/\/www.europesays.com\/es\/wp-json\/wp\/v2\/media?parent=240842"}],"wp:term":[{"taxonomy":"category","embeddable":true,"href":"https:\/\/www.europesays.com\/es\/wp-json\/wp\/v2\/categories?post=240842"},{"taxonomy":"post_tag","embeddable":true,"href":"https:\/\/www.europesays.com\/es\/wp-json\/wp\/v2\/tags?post=240842"}],"curies":[{"name":"wp","href":"https:\/\/api.w.org\/{rel}","templated":true}]}}