{"id":240858,"date":"2025-11-17T12:39:24","date_gmt":"2025-11-17T12:39:24","guid":{"rendered":"https:\/\/www.europesays.com\/es\/240858\/"},"modified":"2025-11-17T12:39:24","modified_gmt":"2025-11-17T12:39:24","slug":"la-volta-ciclista-a-catalunya-confirma-todas-sus-sedes","status":"publish","type":"post","link":"https:\/\/www.europesays.com\/es\/240858\/","title":{"rendered":"La Volta Ciclista a Catalunya confirma todas sus sedes"},"content":{"rendered":"<p class=\"ft-text\">La<strong> Volta Ciclista a Catalunya<\/strong> ya ha confirmado<strong> todas sus sedes <\/strong>del recorrido de las ediciones masculina y femenina del 2026, que vuelven a celebrarse con el apoyo del<strong> Departament d&#8217;Esports<\/strong>. Las dos pruebas contar\u00e1n con la participaci\u00f3n de los mejores equipos del mundo y estrellas reconocidas de este deporte.<\/p>\n<p class=\"ft-text\"><strong>La prueba masculina, en su 105\u00aa edici\u00f3n, se celebrar\u00e1 del 23 al 29 de marzo de 2026<\/strong>. La organizaci\u00f3n ha hecho p\u00fablicos todos los puntos de salida y llegada de las siete etapas, que volver\u00e1n a reunir en Catalunya los mejores equipos y ciclistas del panorama internacional.<\/p>\n<p class=\"ft-text\">El trazado<strong> incluir\u00e1 tres finales en altura, varias sedes in\u00e9ditas y un itinerario exigente<\/strong> y variado que recorrer\u00e1 buena parte de la geograf\u00eda catalana. Paralelamente, la Volta femenina tambi\u00e9n ha revelado las tres etapas que disputar\u00e1 el 19, 20 y 21 del mes de junio, con la participaci\u00f3n de algunos de los mejores equipos femeninos del mundo.<\/p>\n<p class=\"ft-text\">Con todas las localidades de salida y llegada confirmadas, la pr\u00f3xima edici\u00f3n de la Volta volver\u00e1 a situar Catalunya en el centro de la atenci\u00f3n ciclista mundial del 23 al 29 de marzo. La carrera, <strong>integrada en el calendario UCI World Tour<\/strong>, vive un momento de plenitud gracias a los \u00e9xitos deportivos y organizativos de los \u00faltimos a\u00f1os, que la consolidan<strong> entre las pruebas m\u00e1s prestigiosas del panorama internacional. <\/strong><\/p>\n<p class=\"ft-text\">Figuras de primer nivel como <strong>Tadej Poga\u010dar, Remco Evenepoel o Primo\u017e Rogli\u010d <\/strong>ya han dejado en los \u00faltimos a\u00f1os momentos memorables en los puertos catalanes. Ahora, el reto contin\u00faa: la organizaci\u00f3n trabaja para que la Volta a Catalunya 2026 vuelva a hacer vibrar al mundo del ciclismo.<\/p>\n<p class=\"ft-text\">Cuando faltan cinco meses para la celebraci\u00f3n de la prueba, la organizaci\u00f3n apuesta por un recorrido exigente y diverso que<strong> atravesar\u00e1 la geograf\u00eda catalana de norte a sur y de la costa a la alta monta\u00f1a<\/strong>, incorporando sedes hasta ahora in\u00e9ditas.<\/p>\n<p class=\"ft-text\">Una de ellas es <strong>Mont-roig del Camp<\/strong>, que acoger\u00e1 la salida de la tercera etapa en un itinerario por la <strong>Costa Daurada <\/strong>que culminar\u00e1 en<strong> Vila-seca<\/strong>. La pr\u00f3xima edici\u00f3n tambi\u00e9n estar\u00e1 marcada por los tres finales en altura, <strong>Vallter<\/strong>, el retorno a <strong>Coll de Pal <\/strong>45 a\u00f1os despu\u00e9s y la muy esperada ascensi\u00f3n a <strong>Queralt<\/strong>, dos escenarios llamados a ser decisivos en la lucha por la general.<\/p>\n<p class=\"ft-text\">Todos los detalles del recorrido exacto, as\u00ed como el kilometraje, los puertos de monta\u00f1a o los esprints intermedios se dar\u00e1n a conocer <strong>en la presentaci\u00f3n oficial que tendr\u00e1 lugar a principios de 2026.<\/strong><\/p>\n<p>Recorrido de la 105\u00aa edici\u00f3n de la Volta Ciclista a Catalunya<\/p>\n<ol class=\"ft-list ft-list--numbered\">\n<li class=\"ft-list__item\">Etapa 1. Lunes 23 de marzo: Sant Feliu de Gu\u00edxols \u2013 Sant Feliu de Gu\u00edxols<\/li>\n<li class=\"ft-list__item\">Etapa 2. Martes 24 de marzo: Figueres &#8211; Banyoles<\/li>\n<li class=\"ft-list__item\">Etapa 3. Mi\u00e9rcoles 25 de marzo: Costa Daurada (Mont-roig del Camp \u2013 Vila-seca)<\/li>\n<li class=\"ft-list__item\">Etapa 4. Jueves 26 de marzo: Matar\u00f3 \u2013 Vallter<\/li>\n<li class=\"ft-list__item\">Etapa 5. Viernes 27 de marzo: La Seu d\u2019Urgell \u2013 La Molina \/ Coll de Pal<\/li>\n<li class=\"ft-list__item\">Etapa 6. S\u00e1bado 28 de marzo: Berga \u2013 Queralt<\/li>\n<li class=\"ft-list__item\">Etapa 7. Domingo 29 de marzo: Barcelona \u2013 Barcelona<\/li>\n<\/ol>\n<p>3\u00aa Volta a Catalunya, prueba femenina: del 19 al 21 de junio 2026<\/p>\n<p class=\"ft-text\">Paralelamente, la prueba femenina ya tiene configurado el recorrido de su tercera edici\u00f3n por etapas. La prueba incluida dentro del calendario internacional 2.1 ha configurado un trazado formado por etapas que incluir\u00e1n una exigente etapa de monta\u00f1a en la segunda jornada:<\/p>\n<p>Recorrido de la 3\u00aa edici\u00f3n de la Volta Ciclista a Catalunya<\/p>\n<ol class=\"ft-list ft-list--numbered\">\n<li class=\"ft-list__item\">Etapa 1. Viernes 19 de junio: Santa Susanna- Santa Susanna<\/li>\n<li class=\"ft-list__item\">Etapa 2. S\u00e1bado 20 de junio: Sant Vicen\u00e7 de Castellet \u2013 La Molina<\/li>\n<li class=\"ft-list__item\">Etapa 3. Domingo 21 de junio: Matar\u00f3 \u2013 Barcelona<\/li>\n<\/ol>\n<p class=\"ft-text\">El consejero de Deportes, Berni \u00c1lvarez, destaca la importancia de la prueba centenaria a nivel internacional: \u201cCon el apoyo del Gobierno en la edici\u00f3n masculina y femenina de la Volta Ciclista a Catalunya,<strong> apostamos para dar continuidad a un acontecimiento deportivo de relevancia mundial que posiciona Catalunya como una potencia deportiva de primer nivel\u201d<\/strong>. Seg\u00fan el consejero, \u201cen el marco del proyecto Esport360, es clave celebrar pruebas como la Volta, que es m\u00e1s que una competici\u00f3n ciclista y un espect\u00e1culo deportivo. <strong>Es sin\u00f3nimo de cohesi\u00f3n social y territorial, econom\u00eda, turismo y proyecci\u00f3n de pa\u00eds al mundo, as\u00ed como un ejemplo de la reconocida capacidad organizativa del sistema deportivo catal\u00e1n<\/strong>\u201c.<\/p>\n<p class=\"ft-text\">El secretario general del Departament d&#8217;Esports, <strong>Abel Garcia<\/strong>, afirma que \u201cel 2026 ser\u00e1 un a\u00f1o muy especial para el ciclismo catal\u00e1n, <strong>con la mirada puesta en las tres etapas iniciales del Tour de Francia en tierras catalanas<\/strong>\u201d. \u201cAntes de esta gran cita, disfrutaremos de la Volta Ciclista a Catalunya, con la 105\u00aa edici\u00f3n masculina y la 3\u00aa femenina, <strong>un acontecimiento que es patrimonio del deporte catal\u00e1n y un orgullo del pa\u00eds.<\/strong> Porque mantiene viva la afici\u00f3n por el ciclismo en nuestra casa, permite ver de bien cerca las grandes figuras mundiales de este deporte y refuerza Catalunya como un destino ciclista de referencia\u201d, concluye.<\/p>\n<p class=\"ft-text\">Por su parte, el presidente de la Volta Ciclista a Catalunya Associaci\u00f3 Esportiva, <strong>Rub\u00e8n Peris<\/strong>, subraya que \u201c<strong>en el 2026 volveremos a tener una Volta a Catalunya espectacular, tanto en su edici\u00f3n masculina como femenina. <\/strong>Prepararemos escenarios exigentes para que los ciclistas puedan brillar y el p\u00fablico vibrar\u201d. \u201cQuiero agradecer muy especialmente el apoyo de la Generalitat de Catalunya, Diputaciones, poblaciones de salida y llegada y de paso, y a los patrocinadores por su apoyo, puesto que con ellos seguimos haciendo camino para ofrecer la mejor Volta posible\u201d, declara.<\/p>\n","protected":false},"excerpt":{"rendered":"La Volta Ciclista a Catalunya ya ha confirmado todas sus sedes del recorrido de las ediciones masculina y&hellip;\n","protected":false},"author":2,"featured_media":240859,"comment_status":"","ping_status":"","sticky":false,"template":"","format":"standard","meta":{"footnotes":""},"categories":[273],"tags":[7800,313,1757,312,168,25,24,23,167,15300],"class_list":{"0":"post-240858","1":"post","2":"type-post","3":"status-publish","4":"format-standard","5":"has-post-thumbnail","7":"category-ciclismo","8":"tag-catalunya","9":"tag-ciclismo","10":"tag-ciclista","11":"tag-cycling","12":"tag-deportes","13":"tag-es","14":"tag-espana","15":"tag-spain","16":"tag-sports","17":"tag-volta"},"share_on_mastodon":{"url":"https:\/\/pubeurope.com\/@es\/115565085584681800","error":""},"_links":{"self":[{"href":"https:\/\/www.europesays.com\/es\/wp-json\/wp\/v2\/posts\/240858","targetHints":{"allow":["GET"]}}],"collection":[{"href":"https:\/\/www.europesays.com\/es\/wp-json\/wp\/v2\/posts"}],"about":[{"href":"https:\/\/www.europesays.com\/es\/wp-json\/wp\/v2\/types\/post"}],"author":[{"embeddable":true,"href":"https:\/\/www.europesays.com\/es\/wp-json\/wp\/v2\/users\/2"}],"replies":[{"embeddable":true,"href":"https:\/\/www.europesays.com\/es\/wp-json\/wp\/v2\/comments?post=240858"}],"version-history":[{"count":0,"href":"https:\/\/www.europesays.com\/es\/wp-json\/wp\/v2\/posts\/240858\/revisions"}],"wp:featuredmedia":[{"embeddable":true,"href":"https:\/\/www.europesays.com\/es\/wp-json\/wp\/v2\/media\/240859"}],"wp:attachment":[{"href":"https:\/\/www.europesays.com\/es\/wp-json\/wp\/v2\/media?parent=240858"}],"wp:term":[{"taxonomy":"category","embeddable":true,"href":"https:\/\/www.europesays.com\/es\/wp-json\/wp\/v2\/categories?post=240858"},{"taxonomy":"post_tag","embeddable":true,"href":"https:\/\/www.europesays.com\/es\/wp-json\/wp\/v2\/tags?post=240858"}],"curies":[{"name":"wp","href":"https:\/\/api.w.org\/{rel}","templated":true}]}}