{"id":240868,"date":"2025-11-17T12:47:10","date_gmt":"2025-11-17T12:47:10","guid":{"rendered":"https:\/\/www.europesays.com\/es\/240868\/"},"modified":"2025-11-17T12:47:10","modified_gmt":"2025-11-17T12:47:10","slug":"warcry-presentan-la-portada-completa-de-su-proximo-album","status":"publish","type":"post","link":"https:\/\/www.europesays.com\/es\/240868\/","title":{"rendered":"WARCRY presentan la portada completa de su pr\u00f3ximo \u00e1lbum"},"content":{"rendered":"<p>&#13;<br \/>\n        &#13;<br \/>\n&#13;<br \/>\n        &#13;<br \/>\n&#13;<\/p>\n<p>\u00a0<\/p>\n<p><strong>WARCRY presentan la portada completa de su pr\u00f3ximo \u00e1lbum<\/strong><br \/>\n<img fetchpriority=\"high\" decoding=\"async\" src=\"https:\/\/www.europesays.com\/es\/wp-content\/uploads\/2025\/11\/entre_la_niebla500x267.jpg\" alt=\"WARCRY\" width=\"500\" height=\"267\"\/><\/p>\n<p>Portada nuevo disco <strong><a href=\"https:\/\/www.warcry.es\/\" target=\"_blank\" rel=\"noopener nofollow\">WARCRY<\/a><\/strong> \u201cEntre la niebla \u201c<\/p>\n<p>Autor : Breo.<\/p>\n<p>Breogan Alvarez nacido en Galicia en 1983, es un artista tradicional enfocado en el uso del oleo sobre lienzo, de tecnica realista, atmosferas densas y pesadas y tematicas fantasticas. Su obra esta fuertemente influencia por el gran maestro del arte fantastico Frank Frazetta.<\/p>\n<p>Esta es la portada, de la que la banda ha ido publicando poco a poco fragmentos. Ya est\u00e1 completa:<\/p>\n<p><img loading=\"lazy\" decoding=\"async\" src=\"https:\/\/www.europesays.com\/es\/wp-content\/uploads\/2025\/11\/entre_la_niebla.jpg\" alt=\"WARCRY\" width=\"500\" height=\"500\"\/><\/p>\n<p><strong><a href=\"https:\/\/www.warcry.es\/\" target=\"_blank\" rel=\"noopener nofollow\">WARCRY<\/a><\/strong> tocar\u00e1n en LEYENDAS DEL ROCK 2026<\/p>\n<p>La banda trabaja en el que ser\u00e1 su nuevo \u00e1lbum, para el que a\u00fan no hay fechas. Pronto habr\u00e1 detalles.<\/p>\n<p>\u00a0<\/p>\n<p>\u00a0<\/p>\n<p>        &#13;<br \/>\n&#13;<br \/>\n&#13;<br \/>\n        &#13;<br \/>\n                        &#13;<br \/>\n            &#13;<br \/>\n&#13;<br \/>\n                        Art\u00edculo anterior<a href=\"https:\/\/www.rafabasa.com\/2025\/11\/17\/z-live-2026-confirma-a-saxon\/\" rel=\"nofollow noopener\" target=\"_blank\">Z! LIVE 2026 confirma a SAXON<\/a>            \t                &#13;<br \/>\n&#13;<\/p>\n","protected":false},"excerpt":{"rendered":"&#13; &#13; &#13; &#13; &#13; \u00a0 WARCRY presentan la portada completa de su pr\u00f3ximo \u00e1lbum Portada nuevo disco&hellip;\n","protected":false},"author":2,"featured_media":240869,"comment_status":"","ping_status":"","sticky":false,"template":"","format":"standard","meta":{"footnotes":""},"categories":[170],"tags":[146,147,25,24,184,185,23,55996],"class_list":{"0":"post-240868","1":"post","2":"type-post","3":"status-publish","4":"format-standard","5":"has-post-thumbnail","7":"category-musica","8":"tag-entertainment","9":"tag-entretenimiento","10":"tag-es","11":"tag-espana","12":"tag-music","13":"tag-musica","14":"tag-spain","15":"tag-warcry"},"share_on_mastodon":{"url":"https:\/\/pubeurope.com\/@es\/115565117169781476","error":""},"_links":{"self":[{"href":"https:\/\/www.europesays.com\/es\/wp-json\/wp\/v2\/posts\/240868","targetHints":{"allow":["GET"]}}],"collection":[{"href":"https:\/\/www.europesays.com\/es\/wp-json\/wp\/v2\/posts"}],"about":[{"href":"https:\/\/www.europesays.com\/es\/wp-json\/wp\/v2\/types\/post"}],"author":[{"embeddable":true,"href":"https:\/\/www.europesays.com\/es\/wp-json\/wp\/v2\/users\/2"}],"replies":[{"embeddable":true,"href":"https:\/\/www.europesays.com\/es\/wp-json\/wp\/v2\/comments?post=240868"}],"version-history":[{"count":0,"href":"https:\/\/www.europesays.com\/es\/wp-json\/wp\/v2\/posts\/240868\/revisions"}],"wp:featuredmedia":[{"embeddable":true,"href":"https:\/\/www.europesays.com\/es\/wp-json\/wp\/v2\/media\/240869"}],"wp:attachment":[{"href":"https:\/\/www.europesays.com\/es\/wp-json\/wp\/v2\/media?parent=240868"}],"wp:term":[{"taxonomy":"category","embeddable":true,"href":"https:\/\/www.europesays.com\/es\/wp-json\/wp\/v2\/categories?post=240868"},{"taxonomy":"post_tag","embeddable":true,"href":"https:\/\/www.europesays.com\/es\/wp-json\/wp\/v2\/tags?post=240868"}],"curies":[{"name":"wp","href":"https:\/\/api.w.org\/{rel}","templated":true}]}}