{"id":240881,"date":"2025-11-17T12:54:09","date_gmt":"2025-11-17T12:54:09","guid":{"rendered":"https:\/\/www.europesays.com\/es\/240881\/"},"modified":"2025-11-17T12:54:09","modified_gmt":"2025-11-17T12:54:09","slug":"la-ex-primera-ministra-de-banglades-sheikh-hasina-culpable-de-crimenes-de-lesa-humanidad","status":"publish","type":"post","link":"https:\/\/www.europesays.com\/es\/240881\/","title":{"rendered":"La ex primera ministra de Banglad\u00e9s Sheikh Hasina culpable de cr\u00edmenes de lesa humanidad"},"content":{"rendered":"<p>La ex primera ministra de Banglad\u00e9s<strong> Sheij Hasina, <\/strong> de 78 a\u00f1os, quien se encuentra en el exilio, ha sido condenada este lunes a la<strong> pena de muerte por cr\u00edmenes contra la humanidad cometidos durante la cruenta represi\u00f3n de las protestas<\/strong> de  julio y agosto de 2024, que cost\u00f3 la vida a unas 1.400 personas, seg\u00fan la ONU; la mayor\u00eda eran civiles. La presi\u00f3n finalmente provoc\u00f3 su ca\u00edda, tras quince a\u00f1os de mandato. Hasina ha denunciado de inmediato el veredicto como<strong> \u00abpol\u00edticamente motivado<\/strong>\u00ab.<\/p>\n<p>Tras un juicio de cinco meses, un tribunal de la capital, Daca, declara culpable a la <strong>\u00abBegum de Hierro\u00bb <\/strong>de cr\u00edmenes de lesa humanidad, incluyendo incitaci\u00f3n y orden de asesinato. \u00abSe encuentran presentes todos los elementos (&#8230;) que constituyen un crimen de lesa humanidad\u00bb, ha dicho el juez Golam Mortuza Mozumder al dictar su veredicto. \u00ab<strong>Hemos decidido imponer una sola sentencia: la pena de muerte<\/strong>\u00ab, ha zanjado.<\/p>\n<p>El Tribunal Internacional de Cr\u00edmenes de Banglad\u00e9s ha dictado tambi\u00e9n pena de muerte para quien fuera ministro del Interior durante  aquellos hechos, <strong>Asaduzaman Jan Kamal<\/strong>, mientras que al ex inspector  general de Polic\u00eda <strong>Choudri Abdul\u00e1 al Mamun<\/strong>, quien ha colaborado en el  proceso judicial, le ha impuesto cinco a\u00f1os de prisi\u00f3n. <\/p>\n<p>El tribunal ha dictaminado la confiscaci\u00f3n de los bienes de  Hasina, huida a India y que tiene otros tres casos pendientes en esta  misma corte, establecida en 2009 para investigar y enjuiciar cr\u00edmenes de genocidio y de lesa humanidad: dos <strong>por desaparici\u00f3n forzada y otro  por la represi\u00f3n de unas protestas de 2013<\/strong>. <\/p>\n<p>\u00abPor un solo asesinato, la pena de muerte es la norma. Por 1400 asesinatos, la merece multiplicada por 1400\u00bb, ha dicho ante los jueces. \u00abEs una criminal despiadada y no ha mostrado ning\u00fan remordimiento por su brutalidad\u00bb, ha a\u00f1adido.<\/p>\n<p>El fallo contra Asaduzaman, que se encuentra tambi\u00e9n pr\u00f3fugo de la  Justicia, tambi\u00e9n contempla que se le retiren sus propiedades. <strong>La  Fiscal\u00eda solicit\u00f3 que en caso de que fueran declarados culpables se  utilizaran estos bienes para reparar a las v\u00edctimas<\/strong>, seg\u00fan ha  informado el diario bangladesh\u00ed &#8216;The Daily Star&#8217;. <\/p>\n<p>Hasina: \u00abSon parciales y est\u00e1n motivados pol\u00edticamente\u00bb<\/p>\n<p>Hasina, quien siempre ha negado los cargos en su contra, ha denunciado de inmediato la sentencia como \u00abpol\u00edticamente motivada\u00bb, dictada por \u00abun tribunal ilegal, designado y presidido por un gobierno no electo sin mandato democr\u00e1tico\u00bb. Considera que condenarla a muerte responde a un proceso pol\u00edtico dirigido por el Gobierno interino de <strong>Muhammad Yunus<\/strong>, al que acusa de emplear un tribunal parcial para intentar <strong>eliminarla a ella y a su partido<\/strong>.<\/p>\n<p>En un comunicado emitido, Sheij Hasina ha rechazado las pruebas presentadas en su contra por la fiscal\u00eda, incluidas grabaciones que suger\u00edan que hab\u00eda autorizado el uso de \u201carmas letales\u201d contra la multitud.<\/p>\n<p>\u00abLos veredictos anunciados en mi contra han sido dictados por un tribunal manipulado, establecido y presidido por un gobierno no elegido y sin mandato democr\u00e1tico. <strong>Son parciales y est\u00e1n motivados pol\u00edticamente<\/strong>\u00ab, ha declarado en un comunicado difundido por la L<strong>iga Awami<\/strong>, la formaci\u00f3n pol\u00edtica que lidera.<\/p>\n<p>Los problemas legales de Hasina no terminan <\/p>\n<p>Hasina ya fue condenada a principios de julio a seis meses de c\u00e1rcel por desacato tras ser imputada por <strong>cr\u00edmenes contra la  humanidad al ordenar la represi\u00f3n de las protestas<\/strong>, convocadas contra  un pol\u00e9mico sistema de cuotas que reservaba m\u00e1s de la mitad de los  puestos p\u00fablicos a familiares de veteranos de guerra. <\/p>\n<p>Los problemas legales de Sheikh Hasina no terminan con este juicio. Tambi\u00e9n es objeto de numerosas denuncias por asesinatos, secuestros y raptos de los que ha sido acusada durante sus mandatos por sus opositores pol\u00edticos y ONG.<\/p>\n<p>Una comisi\u00f3n de investigaci\u00f3n estim\u00f3 recientemente que su gobierno orden\u00f3 la desaparici\u00f3n de m\u00e1s de 250 miembros de la oposici\u00f3n.<\/p>\n<p>Todo esto en un pa\u00eds sumido en una intensa tensi\u00f3n pol\u00edtica y ya centrado en las elecciones parlamentarias previstas para dentro de tres meses, la decisi\u00f3n del tribunal, protegida por un fuerte dispositivo policial, era muy esperada.<\/p>\n","protected":false},"excerpt":{"rendered":"La ex primera ministra de Banglad\u00e9s Sheij Hasina, de 78 a\u00f1os, quien se encuentra en el exilio, ha&hellip;\n","protected":false},"author":2,"featured_media":240882,"comment_status":"","ping_status":"","sticky":false,"template":"","format":"standard","meta":{"footnotes":""},"categories":[42],"tags":[17,18,13,14,11,61,62,63,64,19,20,9,10,15,16,12,21,22,65,66,67],"class_list":{"0":"post-240881","1":"post","2":"type-post","3":"status-publish","4":"format-standard","5":"has-post-thumbnail","7":"category-internacional","8":"tag-breaking-news","9":"tag-breakingnews","10":"tag-featured-news","11":"tag-featurednews","12":"tag-headlines","13":"tag-internacional","14":"tag-international","15":"tag-international-news","16":"tag-internationalnews","17":"tag-latest-news","18":"tag-latestnews","19":"tag-news","20":"tag-noticias","21":"tag-noticias-destacadas","22":"tag-noticiasdestacadas","23":"tag-titulares","24":"tag-ultimas-noticias","25":"tag-ultimasnoticias","26":"tag-world","27":"tag-world-news","28":"tag-worldnews"},"share_on_mastodon":{"url":"https:\/\/pubeurope.com\/@es\/115565144596674566","error":""},"_links":{"self":[{"href":"https:\/\/www.europesays.com\/es\/wp-json\/wp\/v2\/posts\/240881","targetHints":{"allow":["GET"]}}],"collection":[{"href":"https:\/\/www.europesays.com\/es\/wp-json\/wp\/v2\/posts"}],"about":[{"href":"https:\/\/www.europesays.com\/es\/wp-json\/wp\/v2\/types\/post"}],"author":[{"embeddable":true,"href":"https:\/\/www.europesays.com\/es\/wp-json\/wp\/v2\/users\/2"}],"replies":[{"embeddable":true,"href":"https:\/\/www.europesays.com\/es\/wp-json\/wp\/v2\/comments?post=240881"}],"version-history":[{"count":0,"href":"https:\/\/www.europesays.com\/es\/wp-json\/wp\/v2\/posts\/240881\/revisions"}],"wp:featuredmedia":[{"embeddable":true,"href":"https:\/\/www.europesays.com\/es\/wp-json\/wp\/v2\/media\/240882"}],"wp:attachment":[{"href":"https:\/\/www.europesays.com\/es\/wp-json\/wp\/v2\/media?parent=240881"}],"wp:term":[{"taxonomy":"category","embeddable":true,"href":"https:\/\/www.europesays.com\/es\/wp-json\/wp\/v2\/categories?post=240881"},{"taxonomy":"post_tag","embeddable":true,"href":"https:\/\/www.europesays.com\/es\/wp-json\/wp\/v2\/tags?post=240881"}],"curies":[{"name":"wp","href":"https:\/\/api.w.org\/{rel}","templated":true}]}}