{"id":240893,"date":"2025-11-17T13:05:17","date_gmt":"2025-11-17T13:05:17","guid":{"rendered":"https:\/\/www.europesays.com\/es\/240893\/"},"modified":"2025-11-17T13:05:17","modified_gmt":"2025-11-17T13:05:17","slug":"el-zaragoza-se-agarra-a-la-vida","status":"publish","type":"post","link":"https:\/\/www.europesays.com\/es\/240893\/","title":{"rendered":"El Zaragoza se agarra a la vida"},"content":{"rendered":"<p class=\"\">Un golazo de Mart\u00edn Aguirregabiria decidi\u00f3 el derbi aragon\u00e9s y le dio al Real Zaragoza su primera victoria del campeonato en el Ibercaja Estadio, un triunfo tan sufrido como imprescindible que le permite agarrarse con u\u00f1as y dientes a la vida, despu\u00e9s de seis derrotas consecutivas. El partido mantuvo la emoci\u00f3n hasta el final, especialmente tras la expulsi\u00f3n de Radovanovic en el minuto 89, pero el resultado le hizo justicia al equipo de Sell\u00e9s frente a un Huesca que, en el estreno de Bolo, suma su sexta derrota consecutiva fuera de casa y cae por primera vez al descenso.<\/p>\n<p class=\"\">Rub\u00e9n Sell\u00e9s le dio otro giro a su alineaci\u00f3n con hasta cinco cambios, incluido otro relevo en la porter\u00eda con el regreso del argentino Andrada, adem\u00e1s de la vuelta de Ra\u00fal Guti al mediocentro, su demarcaci\u00f3n natural, y la reaparici\u00f3n providencial de Keidi Bare, mientras Bolo present\u00f3 un once con cuatro novedades: Carrillo, Alonso, Portillo y Sergi Enrich.<\/p>\n<p class=\"\">El Zaragoza sali\u00f3 al partido al galope y puso r\u00e1pidamente coto al \u00e1rea del Huesca, presionando con eficacia, disputando cada bal\u00f3n como si fuera el \u00faltimo y percutiendo con insistencia por los costados, especialmente por el derecho, donde Francho exhibi\u00f3 todo su despliegue. Una verdadera avalancha al mando de un renacido Keidi Bare que coron\u00f3 a los doce minutos el lateral Aguirregabiria con un derechazo monumental desde veinte metros que se col\u00f3 por toda la escuadra de Dani Jim\u00e9nez. Un gol de bandera que acab\u00f3 con cuatro encuentros de sequ\u00eda del Zaragoza en el Ibercaja Estadio y que le puso el duelo de cara a los de Sell\u00e9s frente a un Huesca al que le falt\u00f3 respuesta. Su \u00fanica ocasi\u00f3n fue un disparo mordido del colombiano Luna a siete minutos del descanso que Andrada mand\u00f3 a saque de esquina. Poco m\u00e1s.<\/p>\n<p><a href=\"https:\/\/as.com\/resultados\/ficha\/equipo\/real_zaragoza\/20\/\" rel=\"nofollow noopener\" target=\"_blank\"><img decoding=\"async\" src=\"https:\/\/www.europesays.com\/es\/wp-content\/uploads\/2025\/11\/1763384715_235_20.png\" alt=\"El Zaragoza se agarra a la vida\" height=\"80\" width=\"80\"  loading=\"lazy\" data-error-image=\"https:\/\/static.as.com\/dist\/resources\/images\/placeholder-team.png\"\/><\/a><\/p>\n<p class=\"\">El Zaragoza, siempre compacto, mantuvo el control del juego tras el descanso, pero sin acabar de descubrirse, nadando y guardando la ropa a la vez frente a un Huesca que durante un cuarto de hora largo no se anim\u00f3 a dar un paso adelante definitivo, pese a ir por detr\u00e1s en el marcador. La entrada de Enol por Sergi Enrich afil\u00f3 un tanto al equipo altoaragon\u00e9s, que tuvo un pasaje de dominio y amenaza al que contrarrest\u00f3 Sell\u00e9s con la entrada de Saidu por un agotado Keidi Bare, al que se le hizo largo el partido despu\u00e9s de un mes de baja por su operaci\u00f3n de apendicitis.<\/p>\n<p><a href=\"https:\/\/as.com\/resultados\/ficha\/equipo\/huesca\/864\/\" rel=\"nofollow noopener\" target=\"_blank\"><img decoding=\"async\" src=\"https:\/\/www.europesays.com\/es\/wp-content\/uploads\/2025\/11\/864.png\" alt=\"El Zaragoza se agarra a la vida\" height=\"80\" width=\"80\"  loading=\"lazy\" data-error-image=\"https:\/\/static.as.com\/dist\/resources\/images\/placeholder-team.png\"\/><\/a><\/p>\n<p class=\"\">El encuentro mantuvo su emoci\u00f3n hasta el final y el Zaragoza tuvo que afrontar el tiempo a\u00f1adido con uno menos por expulsi\u00f3n por doble tarjeta amarilla de Radovanovic, pero el triunfo se acab\u00f3 quedando en casa y ahora la distancia con la permanencia se reduce a seis puntos. La desventaja es todav\u00eda enorme, pero el Real Zaragoza se resiste a morir.<\/p>\n<p>Noticias relacionadas<a href=\"https:\/\/as.com\/futbol\/videos\/resumen-y-goles-del-real-zaragoza-vs-huesca-jornada-14-de-laliga-hypermotion-25-26-f202511-v\/\" class=\"s_m_w _rt-16x9\" title=\"Un gol de Aguirregabiria en el 12\u2032 devuelve la ilusi\u00f3n al colista tras 6 jornadas sin puntura en Liga. Radovanovic vio la tarjeta roja al final del partido. \" data-tb-link=\"\" rel=\"nofollow noopener\" target=\"_blank\"><img decoding=\"async\" src=\"https:\/\/www.europesays.com\/es\/wp-content\/uploads\/2025\/11\/UJQRIEHUMFKKRF5GYHQ7TBFKAM.jpg\" alt=\"Resumen y goles del Real Zaragoza vs Huesca, jornada 14 de LaLiga Hypermotion 25-26\" class=\"\" height=\"9\" width=\"16\"   loading=\"lazy\" data-tb-thumbnail=\"\"\/><\/a><a href=\"https:\/\/as.com\/futbol\/segunda\/selles-hemos-dado-un-par-de-pasos-adelante-en-competitividad-f202511-n\/\" class=\"s_m_w _rt-16x9\" title=\"El t\u00e9cnico celebra su primer triunfo, considera determinante el apoyo de la afici\u00f3n y subraya que los rivales lo van a tener muy dif\u00edcil para ganar jugando as\u00ed: \u201cSe ha visto un grupo cohesionado. No s\u00e9 si ser\u00e1 mejor, pero no es peor que nadie\u201d. \" data-tb-link=\"\" rel=\"nofollow noopener\" target=\"_blank\"><img decoding=\"async\" src=\"https:\/\/www.europesays.com\/es\/wp-content\/uploads\/2025\/11\/YJZFZDHTEZHHDH7H5YMVXRVRJU.JPG\" alt=\"Sell\u00e9s: \u201cHemos dado un par de pasos adelante en competitividad\u201d\" class=\"\" height=\"9\" width=\"16\"   loading=\"lazy\" data-tb-thumbnail=\"\"\/><\/a><\/p>\n<p class=\"\"><b>\u00a1Tus opiniones importan!<\/b> <\/p>\n<p class=\"\">Comenta en los art\u00edculos y suscr\u00edbete gratis a nuestra <a href=\"https:\/\/asfan.as.com\/newsletters\/\" target=\"_blank\" rel=\"nofollow noopener\" title=\"https:\/\/asfan.as.com\/newsletters\/\">newsletter<\/a> y a las alertas informativas en la <a href=\"https:\/\/as.com\/aplicacion-de-as-n\/\" target=\"_blank\" rel=\"nofollow noopener\" title=\"https:\/\/as.com\/aplicacion-de-as-n\/\">App<\/a> o el canal de <a href=\"https:\/\/www.whatsapp.com\/channel\/0029VaAasdA7j6g745nz9M10\" target=\"_blank\" rel=\"nofollow noopener\" title=\"https:\/\/www.whatsapp.com\/channel\/0029VaAasdA7j6g745nz9M10\">WhatsApp<\/a>. \u00bfBuscas licenciar contenido? Haz clic <a href=\"https:\/\/profesional.elpais.com\/landing-sindicacion?utm_medium=interno&amp;utm_source=crosslinking&amp;utm_campaign=sindicacion_as_pie_articulos\" target=\"_blank\" rel=\"nofollow noopener\" title=\"https:\/\/profesional.elpais.com\/landing-sindicacion?utm_medium=interno&amp;utm_source=crosslinking&amp;utm_campaign=sindicacion_as_pie_articulos\">aqu\u00ed<\/a><\/p>\n<p class=\"stat-tl ev-fw-tl\"><strong>Cambios<\/strong><\/p>\n<p class=\"ev-text-aux\">\n                            <strong>Enol Rodr\u00edguez<\/strong> (67&#8242;, Sergi Enrich),                             <strong>Yussif Saidu<\/strong> (71&#8242;, Keidi Bare),                             <strong>\u00c1ngel P\u00e9rez<\/strong> (77&#8242;, Jes\u00fas \u00c1lvarez),                             <strong>Dani Ojeda<\/strong> (77&#8242;, Daniel Luna),                             <strong>Sebas Moyano<\/strong> (79&#8242;, Mario Sober\u00f3n),                             <strong>Sinan Bakis<\/strong> (79&#8242;, Kenan Kodro),                             <strong>Samuel Ntamack<\/strong> (83&#8242;, \u00c1lvaro Carrillo),                             <strong>Ro Abajas<\/strong> (83&#8242;, Julio Alonso),                             <strong>Dani Tasende<\/strong> (83&#8242;, Valery Fern\u00e1ndez),                             <strong>Toni Moya<\/strong> (83&#8242;, Ra\u00fal Guti)                        <\/p>\n<p class=\"stat-tl ev-fw-tl\"><strong>Goles<\/strong><\/p>\n<p class=\"ev-text-aux\">\n                                                                                                        1-0, 11&#8242;: <strong>Mart\u00edn Aguirregabiria<\/strong>                        <\/p>\n<p class=\"stat-tl ev-fw-tl\"><strong>Tarjetas<\/strong><\/p>\n<p class=\"ev-text-aux\">\n                Arbitro: Salvador Lax Franco<br \/>Arbitro VAR: David G\u00e1lvez Rasc\u00f3n, Ra\u00fal Mart\u00edn Gonz\u00e1lez Franc\u00e9s<br \/><strong>Keidi<\/strong> (44&#8242;,Amarilla),                                     <strong>Aleksandar Radovanovic<\/strong> (59&#8242;,Amarilla),                                     <strong>Valery Fern\u00e1ndez<\/strong> (80&#8242;,Amarilla),                                     <strong>\u00c1ngel P\u00e9rez<\/strong> (87&#8242;,Amarilla),                                     <strong>Aleksandar Radovanovic<\/strong> (88&#8242;,Roja)                            <\/p>\n","protected":false},"excerpt":{"rendered":"Un golazo de Mart\u00edn Aguirregabiria decidi\u00f3 el derbi aragon\u00e9s y le dio al Real Zaragoza su primera victoria&hellip;\n","protected":false},"author":2,"featured_media":240894,"comment_status":"","ping_status":"","sticky":false,"template":"","format":"standard","meta":{"footnotes":""},"categories":[268],"tags":[168,25,24,280,282,281,23,167],"class_list":{"0":"post-240893","1":"post","2":"type-post","3":"status-publish","4":"format-standard","5":"has-post-thumbnail","7":"category-futbol","8":"tag-deportes","9":"tag-es","10":"tag-espana","11":"tag-football","12":"tag-futbol","13":"tag-soccer","14":"tag-spain","15":"tag-sports"},"share_on_mastodon":{"url":"https:\/\/pubeurope.com\/@es\/115565188262564045","error":""},"_links":{"self":[{"href":"https:\/\/www.europesays.com\/es\/wp-json\/wp\/v2\/posts\/240893","targetHints":{"allow":["GET"]}}],"collection":[{"href":"https:\/\/www.europesays.com\/es\/wp-json\/wp\/v2\/posts"}],"about":[{"href":"https:\/\/www.europesays.com\/es\/wp-json\/wp\/v2\/types\/post"}],"author":[{"embeddable":true,"href":"https:\/\/www.europesays.com\/es\/wp-json\/wp\/v2\/users\/2"}],"replies":[{"embeddable":true,"href":"https:\/\/www.europesays.com\/es\/wp-json\/wp\/v2\/comments?post=240893"}],"version-history":[{"count":0,"href":"https:\/\/www.europesays.com\/es\/wp-json\/wp\/v2\/posts\/240893\/revisions"}],"wp:featuredmedia":[{"embeddable":true,"href":"https:\/\/www.europesays.com\/es\/wp-json\/wp\/v2\/media\/240894"}],"wp:attachment":[{"href":"https:\/\/www.europesays.com\/es\/wp-json\/wp\/v2\/media?parent=240893"}],"wp:term":[{"taxonomy":"category","embeddable":true,"href":"https:\/\/www.europesays.com\/es\/wp-json\/wp\/v2\/categories?post=240893"},{"taxonomy":"post_tag","embeddable":true,"href":"https:\/\/www.europesays.com\/es\/wp-json\/wp\/v2\/tags?post=240893"}],"curies":[{"name":"wp","href":"https:\/\/api.w.org\/{rel}","templated":true}]}}