{"id":240913,"date":"2025-11-17T13:16:13","date_gmt":"2025-11-17T13:16:13","guid":{"rendered":"https:\/\/www.europesays.com\/es\/240913\/"},"modified":"2025-11-17T13:16:13","modified_gmt":"2025-11-17T13:16:13","slug":"reapertura-del-gobierno-americano-y-a-la-espera-de-resultados-de-nvidia-repasamos-algunos-de-los-elementos-directores-de-mercado","status":"publish","type":"post","link":"https:\/\/www.europesays.com\/es\/240913\/","title":{"rendered":"Reapertura del gobierno americano y a la espera de resultados de Nvidia: repasamos algunos de los elementos directores de mercado"},"content":{"rendered":"<p>\/ Acerc\u00e1ndonos al final de la temporada de resultados (&gt;88% de las empresas), muy positiva la publicaci\u00f3n de las cifras del tercer trimestre en Estados Unidos, mixta en Europa. Atentos a las ambiciosas expectativas de crecimiento BpA 2026, tanto en Estados Unidos (SP500: +14%), como en Europa (Stoxx 600: +12,4%) y emergentes (+17%) <strong>Solidez empresarial como claro soporte de los mercados.<\/strong><\/p>\n<p>\/ Bajada de tipos que los impl\u00edcitos ven menos clara para diciembre, descontando una probabilidad cercana al 50%. Pesa la falta de datos y los mensajes de que algunos de ellos podr\u00edan no llegar a publicarse, as\u00ed como las declaraciones m\u00e1s hawkish de los miembros de la FED.<strong> M\u00e1s all\u00e1 de esta incertidumbre, recortes de la FED para los que la duda no es tanto si se van a producir,<\/strong> como cu\u00e1ndo, con una pol\u00edtica monetaria que consideramos ser\u00e1 m\u00e1s relajada en 2026. En la agenda de la pr\u00f3xima semana, Actas de la FED.<\/p>\n<p><img fetchpriority=\"high\" decoding=\"async\" width=\"911\" height=\"379\" src=\"https:\/\/www.europesays.com\/es\/wp-content\/uploads\/2025\/11\/1763385372_255_image-1.png\" alt=\"\" class=\"wp-image-42134\"  \/><\/p>\n<p>\/ \u201cPatada hacia adelante\u201d con el final del shutdown americano. Reapertura de las agencias, aunque su financiaci\u00f3n s\u00f3lo est\u00e1 garantizada hasta finales de enero. <strong>Esperado, positivo de corto plazo por recuperaci\u00f3n al menos parcial de consumo\/confianza, pero tema no totalmente zanjado.<\/strong><\/p>\n<p>\/ Desde China, datos decepcionantes de demanda interna (ventas al por menor, inversi\u00f3n), que se suman a un sector exterior que parece perder br\u00edo. Aunque no parece haber intenci\u00f3n de m\u00e1s est\u00edmulo fiscal inmediato, algunos apuntan a que una <strong>nueva ronda de medidas podr\u00eda anunciarse el primer trimestre de 2026.<\/strong><\/p>\n<p><img loading=\"lazy\" decoding=\"async\" width=\"1024\" height=\"314\" src=\"https:\/\/www.europesays.com\/es\/wp-content\/uploads\/2025\/11\/image-2-1024x314.png\" alt=\"\" class=\"wp-image-42135\"  \/><\/p>\n<p>\/ Crecimiento europeo que sigue sorprendiendo positivamente (PIB 3t2025 preliminar. 1,4% YoY vs. 1,3% YoY est.). A la espera de los PMIs adelantados, previsiones que apuntan a ligera mejora en noviembre tras las muy positivas cifras de octubre, niveles consistentes con <strong>crecimientos por encima de la media en la eurozona.<\/strong><\/p>\n<p>\/ Consolidaci\u00f3n fiscal en Reino Unido. El gobierno brit\u00e1nico daba marcha atr\u00e1s en el plan de aumentar el impuesto a la renta, temiendo que la medida fuere percibida de manera negativa por los contribuyentes, y pese al menor impacto potencial en PIB. <strong>Presentaci\u00f3n de presupuestos brit\u00e1nicos para el 26 de noviembre, en un momento delicado desde el punto de vista de crecimiento<\/strong>. Importante el mensaje que se traslade a los mercados, con una r<strong>enta fija brit\u00e1nica que reaccionaba negativamente al anuncio, y en la que el peso del inversor extranjero es elevado (33%).<\/strong><\/p>\n<p><img loading=\"lazy\" decoding=\"async\" width=\"1024\" height=\"312\" src=\"https:\/\/www.europesays.com\/es\/wp-content\/uploads\/2025\/11\/image-3-1024x312.png\" alt=\"\" class=\"wp-image-42136\"  \/><\/p>\n","protected":false},"excerpt":{"rendered":"\/ Acerc\u00e1ndonos al final de la temporada de resultados (&gt;88% de las empresas), muy positiva la publicaci\u00f3n de&hellip;\n","protected":false},"author":2,"featured_media":240914,"comment_status":"","ping_status":"","sticky":false,"template":"","format":"standard","meta":{"footnotes":""},"categories":[80],"tags":[82,95,94,115,25,24,921,114,34078,23],"class_list":{"0":"post-240913","1":"post","2":"type-post","3":"status-publish","4":"format-standard","5":"has-post-thumbnail","7":"category-economia","8":"tag-business","9":"tag-economia","10":"tag-economy","11":"tag-eeuu","12":"tag-es","13":"tag-espana","14":"tag-inversion","15":"tag-mercados","16":"tag-renta-fija","17":"tag-spain"},"share_on_mastodon":{"url":"https:\/\/pubeurope.com\/@es\/115565231268360486","error":""},"_links":{"self":[{"href":"https:\/\/www.europesays.com\/es\/wp-json\/wp\/v2\/posts\/240913","targetHints":{"allow":["GET"]}}],"collection":[{"href":"https:\/\/www.europesays.com\/es\/wp-json\/wp\/v2\/posts"}],"about":[{"href":"https:\/\/www.europesays.com\/es\/wp-json\/wp\/v2\/types\/post"}],"author":[{"embeddable":true,"href":"https:\/\/www.europesays.com\/es\/wp-json\/wp\/v2\/users\/2"}],"replies":[{"embeddable":true,"href":"https:\/\/www.europesays.com\/es\/wp-json\/wp\/v2\/comments?post=240913"}],"version-history":[{"count":0,"href":"https:\/\/www.europesays.com\/es\/wp-json\/wp\/v2\/posts\/240913\/revisions"}],"wp:featuredmedia":[{"embeddable":true,"href":"https:\/\/www.europesays.com\/es\/wp-json\/wp\/v2\/media\/240914"}],"wp:attachment":[{"href":"https:\/\/www.europesays.com\/es\/wp-json\/wp\/v2\/media?parent=240913"}],"wp:term":[{"taxonomy":"category","embeddable":true,"href":"https:\/\/www.europesays.com\/es\/wp-json\/wp\/v2\/categories?post=240913"},{"taxonomy":"post_tag","embeddable":true,"href":"https:\/\/www.europesays.com\/es\/wp-json\/wp\/v2\/tags?post=240913"}],"curies":[{"name":"wp","href":"https:\/\/api.w.org\/{rel}","templated":true}]}}