{"id":240921,"date":"2025-11-17T13:24:19","date_gmt":"2025-11-17T13:24:19","guid":{"rendered":"https:\/\/www.europesays.com\/es\/240921\/"},"modified":"2025-11-17T13:24:19","modified_gmt":"2025-11-17T13:24:19","slug":"me-va-a-permitir-saber-realmente-mi-nivel","status":"publish","type":"post","link":"https:\/\/www.europesays.com\/es\/240921\/","title":{"rendered":"Me va a permitir saber realmente mi nivel"},"content":{"rendered":"<p data-mrf-recirculation=\"Links P\u00e1rrafos\" class=\"ue-c-article__paragraph paragraph ue-c-article--first-letter-highlighted\"><strong>Jannik Sinner<\/strong> es el primer finalista de las ATP Finals tras su victoria este s\u00e1bado ante Alex de Mi\u00f1aur en dos sets. El italiano ha valorado su buen momento de juego y la posibilidad de volver a enfrentarse a <strong>Carlos Alcaraz este domingo por la corona de maestro<\/strong>.\u00a0<\/p>\n<p data-mrf-recirculation=\"Links P\u00e1rrafos\" class=\"ue-c-article__paragraph paragraph\">\u00ab<strong>Si juego con Carlos me servir\u00e1 para saber realmente d\u00f3nde est\u00e1 mi nivel. Todav\u00eda tiene un partido que ganar a Aliassime, que le encanta jugar en este tipo de condiciones<\/strong>\u00ab, se sincera el n\u00famero dos mundial.\u00a0<\/p>\n<p data-mrf-recirculation=\"Links P\u00e1rrafos\" class=\"ue-c-article__paragraph paragraph\">Sobre su racha de 30 partidos ganados en dura bajo techo, Jannik confiesa que <strong>\u00abclaro que me siento c\u00f3modo en este tipo de pista. Vengo de jugar Viena y Par\u00eds, estoy rodado, y aqu\u00ed no tienes que luchar contra elementos como el viento y el sol. Mi estilo es pegarle bastante plano y a ritmo y es c\u00f3mo se juega en estas superficies<\/strong>\u00ab.\u00a0<\/p>\n","protected":false},"excerpt":{"rendered":"Jannik Sinner es el primer finalista de las ATP Finals tras su victoria este s\u00e1bado ante Alex de&hellip;\n","protected":false},"author":2,"featured_media":240922,"comment_status":"","ping_status":"","sticky":false,"template":"","format":"standard","meta":{"footnotes":""},"categories":[274],"tags":[168,25,24,23,167,327,326],"class_list":{"0":"post-240921","1":"post","2":"type-post","3":"status-publish","4":"format-standard","5":"has-post-thumbnail","7":"category-tenis","8":"tag-deportes","9":"tag-es","10":"tag-espana","11":"tag-spain","12":"tag-sports","13":"tag-tenis","14":"tag-tennis"},"share_on_mastodon":{"url":"https:\/\/pubeurope.com\/@es\/115565262636377660","error":""},"_links":{"self":[{"href":"https:\/\/www.europesays.com\/es\/wp-json\/wp\/v2\/posts\/240921","targetHints":{"allow":["GET"]}}],"collection":[{"href":"https:\/\/www.europesays.com\/es\/wp-json\/wp\/v2\/posts"}],"about":[{"href":"https:\/\/www.europesays.com\/es\/wp-json\/wp\/v2\/types\/post"}],"author":[{"embeddable":true,"href":"https:\/\/www.europesays.com\/es\/wp-json\/wp\/v2\/users\/2"}],"replies":[{"embeddable":true,"href":"https:\/\/www.europesays.com\/es\/wp-json\/wp\/v2\/comments?post=240921"}],"version-history":[{"count":0,"href":"https:\/\/www.europesays.com\/es\/wp-json\/wp\/v2\/posts\/240921\/revisions"}],"wp:featuredmedia":[{"embeddable":true,"href":"https:\/\/www.europesays.com\/es\/wp-json\/wp\/v2\/media\/240922"}],"wp:attachment":[{"href":"https:\/\/www.europesays.com\/es\/wp-json\/wp\/v2\/media?parent=240921"}],"wp:term":[{"taxonomy":"category","embeddable":true,"href":"https:\/\/www.europesays.com\/es\/wp-json\/wp\/v2\/categories?post=240921"},{"taxonomy":"post_tag","embeddable":true,"href":"https:\/\/www.europesays.com\/es\/wp-json\/wp\/v2\/tags?post=240921"}],"curies":[{"name":"wp","href":"https:\/\/api.w.org\/{rel}","templated":true}]}}