{"id":240923,"date":"2025-11-17T13:25:09","date_gmt":"2025-11-17T13:25:09","guid":{"rendered":"https:\/\/www.europesays.com\/es\/240923\/"},"modified":"2025-11-17T13:25:09","modified_gmt":"2025-11-17T13:25:09","slug":"el-mundial-sera-solo-la-punta-del-iceberg","status":"publish","type":"post","link":"https:\/\/www.europesays.com\/es\/240923\/","title":{"rendered":"El Mundial ser\u00e1 solo la punta del iceberg"},"content":{"rendered":"<p data-mrf-recirculation=\"Links P\u00e1rrafos\" class=\"ue-c-article__paragraph paragraph ue-c-article--first-letter-highlighted\">La escena parec\u00eda sacada de un gran evento tradicional del calendario UCI: focos, p\u00fablico en directo, pantallas gigantes, narradores, invitados especiales <strong>\u2014como Peter Sagan y Tadej Pogacar\u2014<\/strong> y un nivel competitivo que ya no sorprende a nadie. El <strong>Campeonato del Mundo de Ciclismo Esports 2025 celebrado en Abu Dabi<\/strong> confirm\u00f3 lo que muchos intu\u00edan: el ciclismo virtual ha dejado de ser una promesa para convertirse en una disciplina estable, regulada y con ambici\u00f3n de futuro.<\/p>\n<p data-mrf-recirculation=\"Links P\u00e1rrafos\" class=\"ue-c-article__paragraph paragraph\">As\u00ed lo resume <strong>Jacob Fraser<\/strong><strong>(UCI Esports coordinator)<\/strong> en conversaci\u00f3n con <strong>MARCA<\/strong>: <strong>\u201cEsta edici\u00f3n demuestra que los eSports han llegado para quedarse. Estamos hablando de un Mundial con una estructura federativa detr\u00e1s, con inversi\u00f3n real y con una progresi\u00f3n enorme en solo cinco a\u00f1os\u201d.<\/strong> La UCI, MyWhoosh y Abu Dabi han empujado en la misma direcci\u00f3n para que lo que empez\u00f3 como un experimento durante los a\u00f1os de pandemia se haya convertido en un campeonato global con una identidad clara.<\/p>\n<p data-mrf-recirculation=\"Links P\u00e1rrafos\" class=\"ue-c-article__paragraph paragraph\"><strong>Sagan, Pogacar y el altavoz de los embajadores<\/strong><\/p>\n<p data-mrf-recirculation=\"Links P\u00e1rrafos\" class=\"ue-c-article__paragraph paragraph\">La presencia de figuras como <strong>Peter Sagan y Tadej Pogacar fue mucho m\u00e1s que un gui\u00f1o comercial.<\/strong> En palabras del protagonista, su papel ha sido decisivo para acercar el ciclismo virtual a un p\u00fablico que todav\u00eda lo ve\u00eda con recelo: \u201cSon embajadores generacionales. Peter ya usaba estas plataformas al final de su carrera para entrenar y para hacer salidas sociales. Ver a gente as\u00ed normaliza una disciplina que, para muchos, era desconocida\u201d. Y Pogacar, icono del ciclismo total, se ha convertido en el mejor ejemplo de un corredor multidisciplinar que entiende el entrenamiento m\u00e1s all\u00e1 de la carretera.<\/p>\n<p data-mrf-recirculation=\"Links P\u00e1rrafos\" class=\"ue-c-article__paragraph paragraph\"><strong>Un formato propio y una innovaci\u00f3n constante<\/strong><\/p>\n<p data-mrf-recirculation=\"Links P\u00e1rrafos\" class=\"ue-c-article__paragraph paragraph\">El Mundial 2025 present\u00f3 un formato de tres pruebas que mezcl\u00f3 explosividad, escalada y velocidad, con una novedad muy celebrada: la eliminaci\u00f3n, un gui\u00f1o al ciclismo en pista que a\u00f1adi\u00f3 tensi\u00f3n a cada golpe de pedal. Para Fraser, esa innovaci\u00f3n es imprescindible: <strong>\u201cQueremos que el campeonato tenga personalidad. Que se entienda en un minuto, pero que ofrezca algo distinto. La combinaci\u00f3n de datos, gr\u00e1ficos en tiempo real y un formato reconocible es clave para conectar con el espectador\u201d.<\/strong><\/p>\n<p data-mrf-recirculation=\"Links P\u00e1rrafos\" class=\"ue-c-article__paragraph paragraph\">La tecnolog\u00eda manda. Los rodillos Elite Justo 2 verificados por la UCI, el control total de potencia, cadencia, peso, arrastre aerodin\u00e1mico o altitud y la verificaci\u00f3n antes y despu\u00e9s de cada carrera garantizan que nadie compita fuera de los l\u00edmites.<strong> \u201cEl dato es nuestra arma. Podemos ver todo y eso nos permite filtrar, verificar y entender el rendimiento como en ninguna otra disciplina\u201d,<\/strong> explica.<\/p>\n<p data-mrf-recirculation=\"Links P\u00e1rrafos\" class=\"ue-c-article__paragraph paragraph\"><strong>Inclusi\u00f3n real: paridad total y un Mundial global<\/strong><\/p>\n<p data-mrf-recirculation=\"Links P\u00e1rrafos\" class=\"ue-c-article__paragraph paragraph\">Una de las obsesiones del proyecto es la accesibilidad. No hay invitaciones: cualquiera puede clasificarse desde las semifinales si es miembro de su federaci\u00f3n nacional. Y, una vez dentro, hombres y mujeres compiten con id\u00e9nticas distancias, premios y n\u00famero de participantes. <strong>\u201cTenemos paridad absoluta. Este a\u00f1o, adem\u00e1s, hemos tenido representaci\u00f3n de seis continentes y 17 pa\u00edses. La inclusividad no es un lema, se ve en la l\u00ednea de salida\u201d, afirma.<\/strong><\/p>\n<p data-mrf-recirculation=\"Links P\u00e1rrafos\" class=\"ue-c-article__paragraph paragraph\">Esa apertura tambi\u00e9n ha permitido que aparezcan corredores que jam\u00e1s habr\u00edan tenido un hueco en el ciclismo tradicional. Un nuevo perfil de atleta que mezcla horas de rodillo, frescura t\u00e1ctica y una lectura privilegiada del dato.<\/p>\n<p data-mrf-recirculation=\"Links P\u00e1rrafos\" class=\"ue-c-article__paragraph paragraph\"><strong>Abu Dabi, un laboratorio global<\/strong><\/p>\n<p data-mrf-recirculation=\"Links P\u00e1rrafos\" class=\"ue-c-article__paragraph paragraph\">La elecci\u00f3n de Abu Dabi no es casual. El emirato se est\u00e1 posicionando como un polo deportivo a escala mundial, con inversiones multimillonarias en eventos de atletismo, ciclismo, nataci\u00f3n o artes marciales.<strong> \u201cSu compromiso con el deporte es evidente. Est\u00e1n apostando fuerte por el ciclismo, tanto en carretera como en su versi\u00f3n virtual. Y este Mundial encaja en esa estrategia\u201d<\/strong>, se\u00f1ala Fraser.<\/p>\n<p data-mrf-recirculation=\"Links P\u00e1rrafos\" class=\"ue-c-article__paragraph paragraph\">La organizaci\u00f3n, los tests, el despliegue t\u00e9cnico y la producci\u00f3n televisiva dejaron clara la ambici\u00f3n: que este campeonato sea una referencia mundial tanto en la parte competitiva como en la tecnol\u00f3gica.<\/p>\n<p data-mrf-recirculation=\"Links P\u00e1rrafos\" class=\"ue-c-article__paragraph paragraph\"><strong>\u00bfVirtual vs real? No hay choque, hay complemento<\/strong><\/p>\n<p data-mrf-recirculation=\"Links P\u00e1rrafos\" class=\"ue-c-article__paragraph paragraph\">Fraser lo deja claro: \u201cNadie pretende sustituir el ciclismo de carretera. Esto es una disciplina diferente, standalone, con su propio idioma y su propio entrenamiento\u201d. Pero su utilidad es evidente: permite a corredores con poco tiempo, con clima adverso o con cargas familiares entrenar con precisi\u00f3n quir\u00fargica. Incluso varios equipos WorldTour lo han integrado ya en sus programas de preparaci\u00f3n.<\/p>\n<p data-mrf-recirculation=\"Links P\u00e1rrafos\" class=\"ue-c-article__paragraph paragraph\">Tambi\u00e9n menciona un factor clave: la sostenibilidad. \u201cPuedes competir sin viajar, sin gastar dinero en vuelos o equipaje. Y, a nivel de federaciones, reduce huella de carbono y abre la puerta a que m\u00e1s gente participe\u201d.<\/p>\n<p data-mrf-recirculation=\"Links P\u00e1rrafos\" class=\"ue-c-article__paragraph paragraph\"><strong>El futuro: m\u00e1s carreras, m\u00e1s ligas y un calendario propio<\/strong><\/p>\n<p data-mrf-recirculation=\"Links P\u00e1rrafos\" class=\"ue-c-article__paragraph paragraph\">\u00bfQu\u00e9 ser\u00e1 el ciclismo virtual dentro de cinco a\u00f1os? \u00c9l no duda: \u201cHabr\u00e1 un calendario m\u00e1s grande, nuevas carreras, rankings globales y m\u00e1s oportunidades de clasificaci\u00f3n. El Mundial seguir\u00e1 siendo el gran evento, pero la disciplina crecer\u00e1 mucho m\u00e1s all\u00e1 de \u00e9l\u201d. Ya se trabaja en hardware m\u00e1s verificable, en nuevos formatos televisivos y en ligas estables que funcionen en paralelo a la temporada de carretera. La disciplina no para de crecer.<\/p>\n","protected":false},"excerpt":{"rendered":"La escena parec\u00eda sacada de un gran evento tradicional del calendario UCI: focos, p\u00fablico en directo, pantallas gigantes,&hellip;\n","protected":false},"author":2,"featured_media":240924,"comment_status":"","ping_status":"","sticky":false,"template":"","format":"standard","meta":{"footnotes":""},"categories":[273],"tags":[313,312,168,25,24,23,167],"class_list":{"0":"post-240923","1":"post","2":"type-post","3":"status-publish","4":"format-standard","5":"has-post-thumbnail","7":"category-ciclismo","8":"tag-ciclismo","9":"tag-cycling","10":"tag-deportes","11":"tag-es","12":"tag-espana","13":"tag-spain","14":"tag-sports"},"share_on_mastodon":{"url":"https:\/\/pubeurope.com\/@es\/115565266396382684","error":""},"_links":{"self":[{"href":"https:\/\/www.europesays.com\/es\/wp-json\/wp\/v2\/posts\/240923","targetHints":{"allow":["GET"]}}],"collection":[{"href":"https:\/\/www.europesays.com\/es\/wp-json\/wp\/v2\/posts"}],"about":[{"href":"https:\/\/www.europesays.com\/es\/wp-json\/wp\/v2\/types\/post"}],"author":[{"embeddable":true,"href":"https:\/\/www.europesays.com\/es\/wp-json\/wp\/v2\/users\/2"}],"replies":[{"embeddable":true,"href":"https:\/\/www.europesays.com\/es\/wp-json\/wp\/v2\/comments?post=240923"}],"version-history":[{"count":0,"href":"https:\/\/www.europesays.com\/es\/wp-json\/wp\/v2\/posts\/240923\/revisions"}],"wp:featuredmedia":[{"embeddable":true,"href":"https:\/\/www.europesays.com\/es\/wp-json\/wp\/v2\/media\/240924"}],"wp:attachment":[{"href":"https:\/\/www.europesays.com\/es\/wp-json\/wp\/v2\/media?parent=240923"}],"wp:term":[{"taxonomy":"category","embeddable":true,"href":"https:\/\/www.europesays.com\/es\/wp-json\/wp\/v2\/categories?post=240923"},{"taxonomy":"post_tag","embeddable":true,"href":"https:\/\/www.europesays.com\/es\/wp-json\/wp\/v2\/tags?post=240923"}],"curies":[{"name":"wp","href":"https:\/\/api.w.org\/{rel}","templated":true}]}}