{"id":240939,"date":"2025-11-17T13:37:09","date_gmt":"2025-11-17T13:37:09","guid":{"rendered":"https:\/\/www.europesays.com\/es\/240939\/"},"modified":"2025-11-17T13:37:09","modified_gmt":"2025-11-17T13:37:09","slug":"una-de-las-mayores-expertas-de-espana-en-salud-mental-analiza-en-santiago-como-evoluciona-el-tdah","status":"publish","type":"post","link":"https:\/\/www.europesays.com\/es\/240939\/","title":{"rendered":"Una de las mayores expertas de Espa\u00f1a en salud mental analiza en Santiago c\u00f3mo evoluciona el TDAH"},"content":{"rendered":"<p><img decoding=\"async\" width=\"1280\" height=\"732\" fetchpriority=\"high\" alt=\"La psiquiatra Mar\u00eda del Pilar de Castro Manglano, ponente de las conferencias sobre TDAH organizadas por Afundaci\u00f3n en Santiago\" src=\"https:\/\/www.europesays.com\/es\/wp-content\/uploads\/2025\/11\/691b1ec156845.r_d.684-633-6403.jpeg\"\/><\/p>\n<p>La psiquiatra Mar\u00eda del Pilar de Castro Manglano, ponente de las conferencias sobre TDAH organizadas por Afundaci\u00f3n en Santiago<\/p>\n<p>Cedida<\/p>\n<p class=\"\">El ciclo <b>Educaci\u00f3n S. XXI<\/b>, impulsado por <b>Afundaci\u00f3n<\/b>, celebra este martes una nueva sesi\u00f3n centrada en la comprensi\u00f3n del <b>Trastorno por D\u00e9ficit de Atenci\u00f3n e Hiperactividad (TDAH)<\/b> y su evoluci\u00f3n m\u00e1s all\u00e1 de la infancia. La especialista en Psiquiatr\u00eda Infantil y de la Adolescencia <b>Mar\u00eda del Pilar de Castro Manglano<\/b> ser\u00e1 la encargada de impartir dos conferencias bajo el t\u00edtulo <b>El TDAH a lo largo de la vida<\/b>.<\/p>\n<p class=\"\">La jornada arrancar\u00e1 a las <b>11.00 horas<\/b> con un encuentro dirigido a <b>estudiantes de Secundaria, Bachillerato y Ciclos Formativos<\/b>, en el que la investigadora compartir\u00e1 inquietudes y resolver\u00e1 dudas del alumnado. Por la tarde, a las <b>19.00 horas<\/b>, ofrecer\u00e1 una <b>charla abierta al p\u00fablico<\/b> en el <b>Auditorio ABANCA<\/b> (Preguntoiro, 23). Los pases, gratuitos, pueden retirarse a trav\u00e9s de <b>Ataquilla.com<\/b>.<\/p>\n<p>Una mirada amplia sobre un trastorno frecuente<\/p>\n<p class=\"\">Horas antes de la sesi\u00f3n, a las <b>11.00 horas<\/b>, la especialista mantendr\u00e1 un encuentro espec\u00edfico con estudiantes de <b>Educaci\u00f3n Secundaria, Bachillerato y Ciclos Formativos<\/b>, con el objetivo de fomentar el di\u00e1logo y la comprensi\u00f3n sobre un trastorno que contin\u00faa siendo objeto de dudas, estigma y confusi\u00f3n.<\/p>\n<p class=\"\">Afundaci\u00f3n subraya que este ciclo pretende <b>impulsar el intercambio entre profesionales, docentes, familias y j\u00f3venes<\/b>, con tem\u00e1ticas que abarcan desde la relaci\u00f3n entre la dieta y la salud mental hasta el an\u00e1lisis actualizado del TDAH.<\/p>\n<p>Evoluci\u00f3n del TDAH y eficacia de los tratamientos<\/p>\n<p class=\"\">De Castro Manglano centrar\u00e1 su intervenci\u00f3n en explicar c\u00f3mo el TDAH, cuyos s\u00edntomas centrales son <b>inatenci\u00f3n, hiperactividad e impulsividad<\/b>, se mantiene en la <b>edad adulta en el 60% de los casos diagnosticados<\/b> en la infancia o adolescencia.<\/p>\n<p class=\"\">Los tratamientos actuales, adaptados a cada perfil cl\u00ednico, muestran una <b>alta eficacia y buena tolerancia<\/b>, y contribuyen a favorecer un <b>desarrollo neurol\u00f3gico, cognitivo y conductual<\/b> m\u00e1s ajustado a los patrones esperados. La especialista abordar\u00e1 tambi\u00e9n las claves para una convivencia m\u00e1s favorable cuando el trastorno persiste en etapas posteriores de la vida.<\/p>\n<p>Un evento con fin solidario<\/p>\n<p class=\"\">Todas las actividades de <b>Educaci\u00f3n S. XXI<\/b> forman parte del programa <b>Cultura por Alimentos<\/b>, impulsado por Afundaci\u00f3n y la <b>Federaci\u00f3n Espa\u00f1ola de Bancos de Alimentos (FESBAL)<\/b>. En el Auditorio ABANCA se habilitar\u00e1n contenedores para recoger <b>alimentos no perecederos<\/b> que ser\u00e1n distribuidos entre familias en riesgo de exclusi\u00f3n en Santiago y su \u00e1rea.<\/p>\n","protected":false},"excerpt":{"rendered":"La psiquiatra Mar\u00eda del Pilar de Castro Manglano, ponente de las conferencias sobre TDAH organizadas por Afundaci\u00f3n en&hellip;\n","protected":false},"author":2,"featured_media":240940,"comment_status":"","ping_status":"","sticky":false,"template":"","format":"standard","meta":{"footnotes":""},"categories":[92],"tags":[25,24,165,166,23],"class_list":{"0":"post-240939","1":"post","2":"type-post","3":"status-publish","4":"format-standard","5":"has-post-thumbnail","7":"category-salud","8":"tag-es","9":"tag-espana","10":"tag-health","11":"tag-salud","12":"tag-spain"},"share_on_mastodon":{"url":"https:\/\/pubeurope.com\/@es\/115565314293117818","error":""},"_links":{"self":[{"href":"https:\/\/www.europesays.com\/es\/wp-json\/wp\/v2\/posts\/240939","targetHints":{"allow":["GET"]}}],"collection":[{"href":"https:\/\/www.europesays.com\/es\/wp-json\/wp\/v2\/posts"}],"about":[{"href":"https:\/\/www.europesays.com\/es\/wp-json\/wp\/v2\/types\/post"}],"author":[{"embeddable":true,"href":"https:\/\/www.europesays.com\/es\/wp-json\/wp\/v2\/users\/2"}],"replies":[{"embeddable":true,"href":"https:\/\/www.europesays.com\/es\/wp-json\/wp\/v2\/comments?post=240939"}],"version-history":[{"count":0,"href":"https:\/\/www.europesays.com\/es\/wp-json\/wp\/v2\/posts\/240939\/revisions"}],"wp:featuredmedia":[{"embeddable":true,"href":"https:\/\/www.europesays.com\/es\/wp-json\/wp\/v2\/media\/240940"}],"wp:attachment":[{"href":"https:\/\/www.europesays.com\/es\/wp-json\/wp\/v2\/media?parent=240939"}],"wp:term":[{"taxonomy":"category","embeddable":true,"href":"https:\/\/www.europesays.com\/es\/wp-json\/wp\/v2\/categories?post=240939"},{"taxonomy":"post_tag","embeddable":true,"href":"https:\/\/www.europesays.com\/es\/wp-json\/wp\/v2\/tags?post=240939"}],"curies":[{"name":"wp","href":"https:\/\/api.w.org\/{rel}","templated":true}]}}