{"id":240970,"date":"2025-11-17T14:01:09","date_gmt":"2025-11-17T14:01:09","guid":{"rendered":"https:\/\/www.europesays.com\/es\/240970\/"},"modified":"2025-11-17T14:01:09","modified_gmt":"2025-11-17T14:01:09","slug":"la-perla-en-directo-palmas-flamencas-una-invitacion-a-jerez-de-la-frontera","status":"publish","type":"post","link":"https:\/\/www.europesays.com\/es\/240970\/","title":{"rendered":"&#8216;La perla&#8217; en directo, palmas flamencas, una invitaci\u00f3n a Jerez de la Frontera"},"content":{"rendered":"<p style=\"\"><a href=\"https:\/\/www.abc.es\/estilo\/moda\/vestido-novia-rosalia-actuado-show-jimmy-fallon-20251117122115-nt.html\" target=\"_self\" data-voc-vtm-id=\"in-text-traffic\" title=\"Rosal\u00eda\" data-mrf-link=\"www.abc.es\" rel=\"nofollow noopener\">Rosal\u00eda<\/a> visit\u00f3 el plat\u00f3 del conocido programado estadounidense &#8216;The Tonight Show&#8217; con <a href=\"https:\/\/www.abc.es\/cultura\/musica\/andrew-lloyd-weber-lanza-piropo-definitivo-rosalia-20251117112327-nt.html\" target=\"_self\" data-voc-vtm-id=\"in-text-traffic\" title=\"Jimmy Fallon\" data-mrf-link=\"www.abc.es\" rel=\"nofollow noopener\">Jimmy Fallon<\/a>, para presentar su cuarto disco &#8216;Lux&#8217;. La visita de la cantante no solo confirm\u00f3 el impacto global de su m\u00fasica, sino que dej\u00f3 al popular presentador practicando escalas vocales,  &#8230; palmas flamencas e incluso aceptando una invitaci\u00f3n para visitar Jerez de la Frontera. <\/p>\n<p class=\"voc-p\" style=\"\">Cabe resaltar que esta era la segunda vez que la int\u00e9prete de &#8216;La Perla&#8217; visitaba los estudios de &#8216;NBC&#8217;. Fallon la recibi\u00f3 resaltando que el \u00e1lbum ya es \u00abn\u00famero 4 en Billboard\u00bb, algo hist\u00f3rico para un artista espa\u00f1ol. Visiblemente orgullosa de sus logros, Rosal\u00eda explic\u00f3 por qu\u00e9 este era su proyecto m\u00e1s ambicioso hasta la fecha: un disco inspirado en la m\u00fasica cl\u00e1sica y construido alrededor de relatos femeninos de diferentes culturas, por lo cual le tom\u00f3 tres a\u00f1os completos hacerlo.<\/p>\n<p class=\"voc-p\" style=\"\">Fallon no escondi\u00f3 su sorpresa cuando revel\u00f3 que en el disco canta en 13 idiomas. Rosal\u00eda detall\u00f3 que empez\u00f3 a estudiar con Duolingo mientras daba forma al concepto, y que trabaj\u00f3 mano a mano con traductores para ajustar pronunciaciones y matices culturales: \u00abHablo catal\u00e1n, espa\u00f1ol y un poco de ingl\u00e9s\u2026 pero me encanta aprender\u00bb, expres\u00f3.<\/p>\n<p>\nClase magitral de cante&#8230; y de palmas flamencas\n<\/p>\n<p class=\"voc-p\" style=\"\">El tono de la conversaci\u00f3n cambi\u00f3 cuando Fallon, intrigado por c\u00f3mo es capaz de cantar con tanta precisi\u00f3n en idiomas tan dispares, le pidi\u00f3 descubrir su \u00absecreto\u00bb. Rosal\u00eda acept\u00f3 encantada y lo puso a trabajar desde el primer segundo: \u00abTienes que estar suelto\u00bb, le indic\u00f3 mientras lo hac\u00eda colocarse de pie y correg\u00eda su postura.<\/p>\n<p class=\"voc-p\" style=\"\">A partir de ah\u00ed, comenzaron los ejercicios de calentamiento, las escalas y, finalmente, un intento conjunto de cantar un fragmento de &#8216;La Perla&#8217;. Fallon repet\u00eda el estribillo mientras el p\u00fablico coreaba la escena.<\/p>\n<p class=\"voc-p\" style=\"\">Pero el momento m\u00e1s viral lleg\u00f3 cuando Rosal\u00eda, sin previo aviso, decidi\u00f3 ense\u00f1arle palmas flamencas. Marc\u00f3 varios patrones en plena mesa del plat\u00f3 y anim\u00f3 tanto al presentador como a la audiencia a seguirle el ritmo: \u00abEn Jerez lo hacen de forma natural y bell\u00edsima<\/p>\n<p>\nLa actuaci\u00f3n: una puesta en escena cinematogr\u00e1fica\n<\/p>\n<p class=\"voc-p\" style=\"\">Cuando lleg\u00f3 el momento de cantar, Rosal\u00eda apareci\u00f3 tumbada sobre una estructura de colchones y comenz\u00f3 &#8216;La Perla&#8217; en un registro \u00edntimo, para incorporarse despu\u00e9s rodeada de una veintena de m\u00fasicos y coristas.<\/p>\n<p class=\"voc-p\" style=\"\">La visita cerr\u00f3 con la sensaci\u00f3n de que la catalana hab\u00eda vuelto a aprovechar cada minuto para mostrar su ambici\u00f3n art\u00edstica, su humor y, de forma inesperada, su capacidad para poner a uno de los presentadores m\u00e1s influyentes de EE.UU. a marcar comp\u00e1s\u2026 flamenco.<\/p>\n","protected":false},"excerpt":{"rendered":"Rosal\u00eda visit\u00f3 el plat\u00f3 del conocido programado estadounidense &#8216;The Tonight Show&#8217; con Jimmy Fallon, para presentar su cuarto&hellip;\n","protected":false},"author":2,"featured_media":240971,"comment_status":"","ping_status":"","sticky":false,"template":"","format":"standard","meta":{"footnotes":""},"categories":[91],"tags":[24154,2125,146,147,25,24,27024,62043,5621,15643,20984,556,42148,4147,526,23,938],"class_list":{"0":"post-240970","1":"post","2":"type-post","3":"status-publish","4":"format-standard","5":"has-post-thumbnail","7":"category-entretenimiento","8":"tag-directa","9":"tag-directo","10":"tag-entertainment","11":"tag-entretenimiento","12":"tag-es","13":"tag-espana","14":"tag-fallon","15":"tag-flamencas","16":"tag-invitacion","17":"tag-jerez","18":"tag-jimmy","19":"tag-palmas","20":"tag-perla","21":"tag-rosalia","22":"tag-show","23":"tag-spain","24":"tag-visita"},"share_on_mastodon":{"url":"https:\/\/pubeurope.com\/@es\/115565408328944155","error":""},"_links":{"self":[{"href":"https:\/\/www.europesays.com\/es\/wp-json\/wp\/v2\/posts\/240970","targetHints":{"allow":["GET"]}}],"collection":[{"href":"https:\/\/www.europesays.com\/es\/wp-json\/wp\/v2\/posts"}],"about":[{"href":"https:\/\/www.europesays.com\/es\/wp-json\/wp\/v2\/types\/post"}],"author":[{"embeddable":true,"href":"https:\/\/www.europesays.com\/es\/wp-json\/wp\/v2\/users\/2"}],"replies":[{"embeddable":true,"href":"https:\/\/www.europesays.com\/es\/wp-json\/wp\/v2\/comments?post=240970"}],"version-history":[{"count":0,"href":"https:\/\/www.europesays.com\/es\/wp-json\/wp\/v2\/posts\/240970\/revisions"}],"wp:featuredmedia":[{"embeddable":true,"href":"https:\/\/www.europesays.com\/es\/wp-json\/wp\/v2\/media\/240971"}],"wp:attachment":[{"href":"https:\/\/www.europesays.com\/es\/wp-json\/wp\/v2\/media?parent=240970"}],"wp:term":[{"taxonomy":"category","embeddable":true,"href":"https:\/\/www.europesays.com\/es\/wp-json\/wp\/v2\/categories?post=240970"},{"taxonomy":"post_tag","embeddable":true,"href":"https:\/\/www.europesays.com\/es\/wp-json\/wp\/v2\/tags?post=240970"}],"curies":[{"name":"wp","href":"https:\/\/api.w.org\/{rel}","templated":true}]}}