{"id":240988,"date":"2025-11-17T14:15:12","date_gmt":"2025-11-17T14:15:12","guid":{"rendered":"https:\/\/www.europesays.com\/es\/240988\/"},"modified":"2025-11-17T14:15:12","modified_gmt":"2025-11-17T14:15:12","slug":"gorrotxategi-entre-los-mejores-centrocampistas-de-europa","status":"publish","type":"post","link":"https:\/\/www.europesays.com\/es\/240988\/","title":{"rendered":"Gorrotxategi, entre los mejores centrocampistas de Europa"},"content":{"rendered":"<p>\n        Una de las grandes noticias de la temporada en clave <a href=\"https:\/\/www.noticiasdegipuzkoa.eus\/tags\/real-sociedad\/\" title=\"Real\" class=\"link copy\" rel=\"nofollow noopener\" target=\"_blank\">Real<\/a> es la consagraci\u00f3n, que no irrupci\u00f3n, de <strong>Jon Gorrotxategi<\/strong> como uno de los mejores pivotes del futuro. El de Eibar ya fue uno de los mejores futbolistas de la pasada Segunda Divisi\u00f3n, y ahora, en su primera temporada en la m\u00e1xima \u00e9lite, est\u00e1, seg\u00fan los datos, entre los mejores pivotes defensivos del f\u00fatbol europeo. El nuevo &#8216;4&#8217; txuri-urdin es el <strong>segundo centrocampista de las cinco grandes ligas que m\u00e1s duelos defensivos gana (54)<\/strong>, solo superado por Adrien Thomasson, del Lens.\n<\/p>\n<p class=\"article-body__text \">\n        Tras la <strong>salida de Martin Zubimendi<\/strong>, probablemente uno de los cinco mejores pivotes del planeta, la mina de oro que es <strong>Zubieta<\/strong> ha sacado a un nuevo maestro: Gorrotxategi. El club acert\u00f3 con su cesi\u00f3n a Miranda de Ebro, y la calidad y las ganas del jugador de hacerse un hueco en la Real ha hecho el resto. Tras la salida del mediocentro de Ulia, <strong>Sergio Francisco dio las llaves del equipo a un joven novato de la categor\u00eda<\/strong>, y sin haber llegado todav\u00eda al tercio del campeonato, el tiempo ya le ha dado la raz\u00f3n.\n<\/p>\n<p>  En defensa y en ataque<\/p>\n<p class=\"article-body__text \">\n        Seg\u00fan los datos que ha publicado DataMB, una cuenta con m\u00e1s de 110.000 seguidores en X, Gorrotxa es el segundo centrocampista con m\u00e1s duelos defensivos ganados (54) de las cinco grandes ligas europeas. En esa misma cantidad est\u00e1n tambi\u00e9n <strong>Elliot Anderson<\/strong> (Nottingman Forest) y <strong>Patrizio Masini<\/strong> (Genoa), y solo es superado por el franc\u00e9s <strong>Adrien Thomasson<\/strong>, del Lens, con 58 duelos ganados.\n<\/p>\n<blockquote class=\"twitter-tweet\" data-lang=\"es\">\n<p lang=\"en\" dir=\"ltr\">\ud83c\uddea\ud83c\uddfa Top 5 League Midfielders : Defensive duels won<\/p>\n<p>\ud83e\udd47 A. Thomasson (Lens, 31) \u2014 58<br \/>\ud83e\udd48 E. Anderson (Nottingham Forest, 22) \u2014 54<br \/>\ud83e\udd48 Jon Gorrotxategi (Real Sociedad, 23) \u2014 54<br \/>\ud83e\udd48 P. Masini (Genoa, 24) \u2014 54<br \/>\ud83c\udfc5 Florentino (Burnley, 26) \u2014 51<\/p>\n<p>\ud83d\udcca <a href=\"https:\/\/t.co\/McR5zrPkTO\" rel=\"nofollow\">https:\/\/t.co\/McR5zrPkTO<\/a> <a href=\"https:\/\/t.co\/s9i903DRa1\" rel=\"nofollow\">pic.twitter.com\/s9i903DRa1<\/a><\/p>\n<p>\u2014 DataMB (@DataMB_) <a href=\"https:\/\/twitter.com\/DataMB_\/status\/1987965857616535838?ref_src=twsrc%5Etfw\" rel=\"nofollow noopener\" target=\"_blank\">10 de noviembre de 2025<\/a><\/p><\/blockquote>\n<p class=\"article-body__text \">\n        A su vez, el exjugador del Mirand\u00e9s tambi\u00e9n est\u00e1 aportando en la <strong>faceta goleadora<\/strong> del equipo. Adem\u00e1s del recordado gol sobre la bocina en el derbi ante el Athletic, <strong>Gorrotxategi fue quien recuper\u00f3 el bal\u00f3n en campo contrario en el posterior penalti provocado por Sadiq en Elche<\/strong>. Una estad\u00edstica que no figura en goles ni asistencias, pero clave para que la Real rescatase un punto en el \u00faltimo compromiso liguero.\n<\/p>\n<p>  Indiscutible <\/p>\n<p class=\"article-body__text \">\n        Desde que entr\u00f3 en la segunda mitad de la jornada 2 ante el Espanyol tras superar una peque\u00f1a lesi\u00f3n en el tobillo, el de Eibar ha sido titular en todos los partidos de Liga. Adem\u00e1s, en los \u00faltimos siete partidos ha disputado los 90 minutos, y ya es uno de los indiscutibles y l\u00edderes de Sergio Francisco. Es <strong>el quinto jugador realista que m\u00e1s minutos ha disputado<\/strong> en la presente temporada tras <strong>Remiro, Zubeldia, Oyarzabal y Aramburu<\/strong>.\n<\/p>\n<p class=\"article-body__text \">\n        Con la reciente renovaci\u00f3n hasta 2030, Gorrotxategi es el presente y el futuro de la medular txuri-urdin.\n<\/p>\n<p>            <script async src=\"https:\/\/platform.twitter.com\/widgets.js\" charset=\"utf-8\"><\/script><\/p>\n","protected":false},"excerpt":{"rendered":"Una de las grandes noticias de la temporada en clave Real es la consagraci\u00f3n, que no irrupci\u00f3n, de&hellip;\n","protected":false},"author":2,"featured_media":240989,"comment_status":"","ping_status":"","sticky":false,"template":"","format":"standard","meta":{"footnotes":""},"categories":[268],"tags":[49923,168,25,24,700,280,282,57562,804,281,23,167],"class_list":{"0":"post-240988","1":"post","2":"type-post","3":"status-publish","4":"format-standard","5":"has-post-thumbnail","7":"category-futbol","8":"tag-centrocampistas","9":"tag-deportes","10":"tag-es","11":"tag-espana","12":"tag-europa","13":"tag-football","14":"tag-futbol","15":"tag-gorrotxategi","16":"tag-mejores","17":"tag-soccer","18":"tag-spain","19":"tag-sports"},"share_on_mastodon":{"url":"https:\/\/pubeurope.com\/@es\/115565463165460361","error":""},"_links":{"self":[{"href":"https:\/\/www.europesays.com\/es\/wp-json\/wp\/v2\/posts\/240988","targetHints":{"allow":["GET"]}}],"collection":[{"href":"https:\/\/www.europesays.com\/es\/wp-json\/wp\/v2\/posts"}],"about":[{"href":"https:\/\/www.europesays.com\/es\/wp-json\/wp\/v2\/types\/post"}],"author":[{"embeddable":true,"href":"https:\/\/www.europesays.com\/es\/wp-json\/wp\/v2\/users\/2"}],"replies":[{"embeddable":true,"href":"https:\/\/www.europesays.com\/es\/wp-json\/wp\/v2\/comments?post=240988"}],"version-history":[{"count":0,"href":"https:\/\/www.europesays.com\/es\/wp-json\/wp\/v2\/posts\/240988\/revisions"}],"wp:featuredmedia":[{"embeddable":true,"href":"https:\/\/www.europesays.com\/es\/wp-json\/wp\/v2\/media\/240989"}],"wp:attachment":[{"href":"https:\/\/www.europesays.com\/es\/wp-json\/wp\/v2\/media?parent=240988"}],"wp:term":[{"taxonomy":"category","embeddable":true,"href":"https:\/\/www.europesays.com\/es\/wp-json\/wp\/v2\/categories?post=240988"},{"taxonomy":"post_tag","embeddable":true,"href":"https:\/\/www.europesays.com\/es\/wp-json\/wp\/v2\/tags?post=240988"}],"curies":[{"name":"wp","href":"https:\/\/api.w.org\/{rel}","templated":true}]}}