{"id":240994,"date":"2025-11-17T14:22:11","date_gmt":"2025-11-17T14:22:11","guid":{"rendered":"https:\/\/www.europesays.com\/es\/240994\/"},"modified":"2025-11-17T14:22:11","modified_gmt":"2025-11-17T14:22:11","slug":"disfruta-antes-que-nadie-de-nuremberg-experiencias-el-pais-para-suscriptores","status":"publish","type":"post","link":"https:\/\/www.europesays.com\/es\/240994\/","title":{"rendered":"Disfruta antes que nadie de \u2018N\u00faremberg\u2019 | Experiencias EL PA\u00cdS + para suscriptores"},"content":{"rendered":"<p class=\"a_st\">La nueva pel\u00edcula de James Vanderbilt protagonizada por Russel Crowe y Rami Malek<\/p>\n<p><img fetchpriority=\"high\" decoding=\"auto\" class=\"_re  a_m-h\" height=\"233\"  width=\"414\"  src=\"https:\/\/www.europesays.com\/es\/wp-content\/uploads\/2025\/11\/GLJJ56KYN5E6PHCGPOIZR7G7DY.jpg\" loading=\"eager\"\/>Cartel promocional &#8216;N\u00faremberg&#8217;<\/p>\n<p class=\"\">EL <b>pr\u00f3ximo viernes 28 de noviembre<\/b> llega a los cines <b>N\u00faremberg <\/b>coincidiendo con el 80 aniversario de los Juicios de N\u00faremberg. Escrita y dirigida por el cineasta James Vanderbilt, la cinta es un apasionante drama basado en la novela El nazi y el psiquiatra.<\/p>\n<p class=\"\">Por ser lector de EL PA\u00cdS, te ofrecemos la oportunidad de ver la pel\u00edcula antes de su estreno en salsas. Participa y consigue una entrada doble para asistir al preestreno, el pr\u00f3ximo <b>jueves 27 de noviembre en Madrid y Barcelona.<\/b><\/p>\n<p><b>Sinopsis<\/b><\/p>\n<p class=\"\"><b>N\u00faremberg <\/b>nos sit\u00faa de pleno en los juicios celebrados hace 80 a\u00f1os por los Aliados tras la derrota del r\u00e9gimen nazi. El psiquiatra estadounidense Douglas Kelley es designado como responsable de evaluar la salud mental de los prisioneros nazis y determinar si son aptos para ser juzgados por sus cr\u00edmenes de guerra. De la noche a la ma\u00f1ana, Kelley se ver\u00e1 inmerso en una compleja batalla de ingenio contra Hermann G\u00f6ring, mano derecha de Hitler y uno de los hombres m\u00e1s temibles que ha visto el mundo.<\/p>\n<p>M\u00e1s Informaci\u00f3n<\/p>\n<p>Jueves 27 de noviembre a las 19:30.<\/p>\n<p><a href=\"#\" role=\"button\" class=\"posicionador\" aria-label=\"Reproducir v\u00eddeo\"><img decoding=\"auto\" class=\"_re lazyload a_m-h\" height=\"233\"  width=\"414\"  src=\"https:\/\/www.europesays.com\/es\/wp-content\/uploads\/2025\/11\/GLJJ56KYN5E6PHCGPOIZR7G7DY.jpg&amp;height=233&amp;smart=true\" loading=\"lazy\"\/><\/a>Archivado EnSi est\u00e1 interesado en licenciar este contenido, pinche <a class=\"a_tp_si_l\" href=\"https:\/\/profesional.elpais.com\/soluciones-sindicacion\/?utm_medium=interno&amp;utm_source=crosslinking&amp;utm_campaign=sindicacion_ep_pie_articulos\" target=\"_blank\" rel=\"noopener noreferrer nofollow\">aqu\u00ed<\/a><\/p>\n","protected":false},"excerpt":{"rendered":"La nueva pel\u00edcula de James Vanderbilt protagonizada por Russel Crowe y Rami Malek Cartel promocional &#8216;N\u00faremberg&#8217; EL pr\u00f3ximo&hellip;\n","protected":false},"author":2,"featured_media":240995,"comment_status":"","ping_status":"","sticky":false,"template":"","format":"standard","meta":{"footnotes":""},"categories":[169],"tags":[177,146,147,25,24,176,175,38176,24083,62046,38178,11343,23],"class_list":{"0":"post-240994","1":"post","2":"type-post","3":"status-publish","4":"format-standard","5":"has-post-thumbnail","7":"category-cine","8":"tag-cine","9":"tag-entertainment","10":"tag-entretenimiento","11":"tag-es","12":"tag-espana","13":"tag-film","14":"tag-movies","15":"tag-nuremberg","16":"tag-preestrenos","17":"tag-rami-malek","18":"tag-russell-crowe","19":"tag-segunda-guerra-mundial","20":"tag-spain"},"share_on_mastodon":{"url":"https:\/\/pubeurope.com\/@es\/115565491051474066","error":""},"_links":{"self":[{"href":"https:\/\/www.europesays.com\/es\/wp-json\/wp\/v2\/posts\/240994","targetHints":{"allow":["GET"]}}],"collection":[{"href":"https:\/\/www.europesays.com\/es\/wp-json\/wp\/v2\/posts"}],"about":[{"href":"https:\/\/www.europesays.com\/es\/wp-json\/wp\/v2\/types\/post"}],"author":[{"embeddable":true,"href":"https:\/\/www.europesays.com\/es\/wp-json\/wp\/v2\/users\/2"}],"replies":[{"embeddable":true,"href":"https:\/\/www.europesays.com\/es\/wp-json\/wp\/v2\/comments?post=240994"}],"version-history":[{"count":0,"href":"https:\/\/www.europesays.com\/es\/wp-json\/wp\/v2\/posts\/240994\/revisions"}],"wp:featuredmedia":[{"embeddable":true,"href":"https:\/\/www.europesays.com\/es\/wp-json\/wp\/v2\/media\/240995"}],"wp:attachment":[{"href":"https:\/\/www.europesays.com\/es\/wp-json\/wp\/v2\/media?parent=240994"}],"wp:term":[{"taxonomy":"category","embeddable":true,"href":"https:\/\/www.europesays.com\/es\/wp-json\/wp\/v2\/categories?post=240994"},{"taxonomy":"post_tag","embeddable":true,"href":"https:\/\/www.europesays.com\/es\/wp-json\/wp\/v2\/tags?post=240994"}],"curies":[{"name":"wp","href":"https:\/\/api.w.org\/{rel}","templated":true}]}}