{"id":240998,"date":"2025-11-17T14:24:09","date_gmt":"2025-11-17T14:24:09","guid":{"rendered":"https:\/\/www.europesays.com\/es\/240998\/"},"modified":"2025-11-17T14:24:09","modified_gmt":"2025-11-17T14:24:09","slug":"gripe-en-galicia-alerta-temprana-sintomas-riesgos-y-recomendaciones-sanitarias-sociedad","status":"publish","type":"post","link":"https:\/\/www.europesays.com\/es\/240998\/","title":{"rendered":"Gripe en Galicia: alerta temprana, s\u00edntomas, riesgos y recomendaciones sanitarias | Sociedad"},"content":{"rendered":"<p class=\"loc\">A Coru\u00f1a<\/p>\n<p>La Xunta de Galicia ha activado el Plan Sanitario de Invierno tras confirmarse un inicio precoz de la ola de gripe. El objetivo es anticipar la respuesta asistencial ante el aumento de infecciones respiratorias agudas. Entre las primeras medidas se incluye la recomendaci\u00f3n del uso de mascarilla en centros sanitarios incluso en personas sin s\u00edntomas, tanto pacientes como acompa\u00f1antes y profesionales. Aunque el nivel de riesgo es a\u00fan bajo, se busca evitar una presi\u00f3n excesiva en la red sanitaria.<\/p>\n<p>Adelanto significativo de los casos<\/p>\n<p>El jefe del Servicio de Neumolog\u00eda del CHUAC, Pedro Marcos Rodr\u00edguez, confirma que este a\u00f1o la epidemia se ha adelantado de forma notable. Los hospitales ya notan un incremento de casos graves que requieren ingreso, un patr\u00f3n similar al observado en el hemisferio sur, especialmente en Australia, donde la gripe tambi\u00e9n lleg\u00f3 antes de lo habitual. En el CHUAC hay actualmente 58 pacientes ingresados con gripe, una cifra que iguala el pico del a\u00f1o pasado aunque registrada varias semanas antes, lo que hace prever una temporada m\u00e1s prolongada.<\/p>\n<p>Mayor vulnerabilidad en personas con patolog\u00edas previas<\/p>\n<p>Los casos que requieren hospitalizaci\u00f3n afectan principalmente a personas mayores y a pacientes con enfermedades respiratorias o cardiovasculares, as\u00ed como a quienes tienen el sistema inmunitario debilitado, como los pacientes trasplantados. El Dr. Marcos destaca un incremento de neumon\u00edas bacterianas asociadas, especialmente por neumococo, como consecuencia del da\u00f1o que la gripe produce en el epitelio respiratorio. Este tipo de complicaciones se est\u00e1 observando con mayor frecuencia entre los pacientes ingresados, aunque el cuadro cl\u00ednico general es similar al de temporadas anteriores.<\/p>\n<p>Cu\u00e1ndo es necesario buscar atenci\u00f3n m\u00e9dica<\/p>\n<p>Aunque la mayor\u00eda de las gripes evolucionan de forma autolimitada y mejoran en torno a una semana, hay s\u00edntomas que deben generar preocupaci\u00f3n. La falta de aire, la fatiga intensa o un empeoramiento r\u00e1pido de la respiraci\u00f3n son se\u00f1ales de alerta, as\u00ed como la disminuci\u00f3n de la saturaci\u00f3n de ox\u00edgeno por debajo del 92-93% en quienes utilizan pulsiox\u00edmetro. Tambi\u00e9n es recomendable consultar si la fiebre se mantiene m\u00e1s de tres d\u00edas o si el estado general no mejora. Los especialistas insisten en acudir al centro de salud, a los puntos de atenci\u00f3n continuada o, en casos m\u00e1s graves, a urgencias. Adem\u00e1s, recuerdan que a\u00fan es posible vacunarse, una medida clave para prevenir complicaciones y reducir los ingresos hospitalarios.<\/p>\n","protected":false},"excerpt":{"rendered":"A Coru\u00f1a La Xunta de Galicia ha activado el Plan Sanitario de Invierno tras confirmarse un inicio precoz&hellip;\n","protected":false},"author":2,"featured_media":240999,"comment_status":"","ping_status":"","sticky":false,"template":"","format":"standard","meta":{"footnotes":""},"categories":[92],"tags":[25,24,7749,165,166,23],"class_list":{"0":"post-240998","1":"post","2":"type-post","3":"status-publish","4":"format-standard","5":"has-post-thumbnail","7":"category-salud","8":"tag-es","9":"tag-espana","10":"tag-gripe","11":"tag-health","12":"tag-salud","13":"tag-spain"},"share_on_mastodon":{"url":"https:\/\/pubeurope.com\/@es\/115565498577114780","error":""},"_links":{"self":[{"href":"https:\/\/www.europesays.com\/es\/wp-json\/wp\/v2\/posts\/240998","targetHints":{"allow":["GET"]}}],"collection":[{"href":"https:\/\/www.europesays.com\/es\/wp-json\/wp\/v2\/posts"}],"about":[{"href":"https:\/\/www.europesays.com\/es\/wp-json\/wp\/v2\/types\/post"}],"author":[{"embeddable":true,"href":"https:\/\/www.europesays.com\/es\/wp-json\/wp\/v2\/users\/2"}],"replies":[{"embeddable":true,"href":"https:\/\/www.europesays.com\/es\/wp-json\/wp\/v2\/comments?post=240998"}],"version-history":[{"count":0,"href":"https:\/\/www.europesays.com\/es\/wp-json\/wp\/v2\/posts\/240998\/revisions"}],"wp:featuredmedia":[{"embeddable":true,"href":"https:\/\/www.europesays.com\/es\/wp-json\/wp\/v2\/media\/240999"}],"wp:attachment":[{"href":"https:\/\/www.europesays.com\/es\/wp-json\/wp\/v2\/media?parent=240998"}],"wp:term":[{"taxonomy":"category","embeddable":true,"href":"https:\/\/www.europesays.com\/es\/wp-json\/wp\/v2\/categories?post=240998"},{"taxonomy":"post_tag","embeddable":true,"href":"https:\/\/www.europesays.com\/es\/wp-json\/wp\/v2\/tags?post=240998"}],"curies":[{"name":"wp","href":"https:\/\/api.w.org\/{rel}","templated":true}]}}