{"id":241000,"date":"2025-11-17T14:25:13","date_gmt":"2025-11-17T14:25:13","guid":{"rendered":"https:\/\/www.europesays.com\/es\/241000\/"},"modified":"2025-11-17T14:25:13","modified_gmt":"2025-11-17T14:25:13","slug":"los-forenses-determinaran-si-el-hombre-que-mato-a-encarnita-polo-es-imputable-o-no-el-mundo","status":"publish","type":"post","link":"https:\/\/www.europesays.com\/es\/241000\/","title":{"rendered":"Los forenses determinar\u00e1n si el hombre que mat\u00f3 a Encarnita Polo es imputable o no &#8211; El Mundo"},"content":{"rendered":"<ol>\n<li><a href=\"https:\/\/news.google.com\/rss\/articles\/CBMihAFBVV95cUxNeU1HUjRObmM2eFJyV0U1cmR4VC1qUXpoUlZ6d1VFc3NrQU9zMGxCM1FqRzhVUVpucEZ6Qm5NOFViQTBjUFIwRXEyVWs4eDZ1UURyOFhOX2JsUGk0d1piUUZzMG42cWQyV3hyX2lITFBzeUpsWXlPeVlkXzRocWtsWFFnaFfSAYQBQVVfeXFMTTFocGk0V1FWczBaUXN2VnR1bm52cUdjaTdMb0x4WlBFM0VsUzQzWU1tb25WdmNENWt0OXdWYVFFQ2dRMXFhbkhkbXczbFVUTmp0NzdFZlpoV2dtM1A1OWw2Ym5pRG9oaWkzWGVMS3pEWnluTF9NeVlrREU1R21UcFlCZjBT?oc=5\" target=\"_blank\" rel=\"nofollow noopener\">Los forenses determinar\u00e1n si el hombre que mat\u00f3 a Encarnita Polo es imputable o no<\/a>&nbsp;&nbsp;El Mundo<\/li>\n<li><a href=\"https:\/\/news.google.com\/rss\/articles\/CBMi1AFBVV95cUxPYnpxLTdhdlRfMmpIQjJHNFhIYm5MYm9uTjhRdFJTc1hOMEJEUmhHbWhtNDE3X24wc3o3MXVETGE1RnR2NW5LUEFCZV90Yzh1WXd5OFNvTFIycHdwdW9vTlFmZWt1dWRRUUtQejJFVG1IcndDX0hHektvUkJVbzctUjhEdHY2eTEtSFB1WG1EeGJ5YXBjcklMcXJ4aFJBT1Z5LThucno0YmU5VlFPX1NudkxDdV84WUh6anNMZkR5UTFtVXpFTXRSVUVGaXlLWEhQamJQbw?oc=5\" target=\"_blank\" rel=\"nofollow noopener\">PRIMICIA. Sabemos c\u00f3mo est\u00e1 Raquel, la hija de Encarnita Polo, y c\u00f3mo vivieron sus \u00faltimos d\u00edas juntas<\/a>&nbsp;&nbsp;HOLA<\/li>\n<li><a href=\"https:\/\/news.google.com\/rss\/articles\/CBMixgFBVV95cUxQY3RpTDd4QktVR3d0SUlhYWlGQWVsNHZiaENEcW9SUm9jOWhRdkc2RlRPS3ljdkdVanR3T2RZQzZ4N3JseWdvYjZsWjNYUmZxbEVNY1hBeWJYbDBzbW5zUmRmYUpzbGJydG1jMnlVelQ4SW9NeXJBRVQwMHpwZlh4VWdKSldRcUFsT19pTDBTV3Y1ekpVcWMwbnFsY2NNbm5RTms5b3lma01qSXFfZDI1X2JrSkk4REJFWHZWeHRiZHQtYndQV0E?oc=5\" target=\"_blank\" rel=\"nofollow noopener\">El patrimonio perdido de Encarnita Polo: fallece en la ruina m\u00e1s silenciosa y sin herencia<\/a>&nbsp;&nbsp;Vanitatis<\/li>\n<li><a href=\"https:\/\/news.google.com\/rss\/articles\/CBMimgJBVV95cUxQSllTRFh5TmxfT0FrMzR1VHVqY28zMlpCVzFZaDAycHkyUmRDQ293MWZaZS1SZFBlbDlfM2RqLVlWUWphb1FZNTROSnZtZHNwcUt2akJLeVgzUGg2bHpWWmRyS1A3UlZmSTliSnlJajVaMHRhRWpaaTVQTTZHbWFsbTBBM2ZxaVRULS1vZElHRGpIWnRBR19BWmlBTzVsWTNmendlaDlYN1Npb0c2WUtfN1EwT0w5ZUtHYm0xcWx1ZXZselcyaEtza1JKRVdzeDYzOG5sRXlDR0tXaHZvQVB3Nk4tUDdzVXI5YnBqaVkyODIyNE8tLVhnWXowT19kT08zMU1vaWI4UEhuTUFhbmVyMmMtLXdyV0tNdkHSAZoCQVVfeXFMTzk5NlhuTFB5X0JnbENXa2dtUWktOGQzcHhoRHdVTzVqWDVPd1RfcGNaMXNJb1QxZFN5V044MHRDZlN2eXBTREtneUxsbm9Ea2ptV284TGlyZ1cxR09ONnBiZ0RRbm41RDZXTnFUcExsQ01hcGppSHB4WnB5T190a2tMVUJ3U1R2dHBkZTY0QnNpU3Fobmw2WjR4cWJWektPb19ZODNlLUZPaVFtVHlnUFREclJfZlBHb19GckEyd09veW5hQzVIWEJubHhnZFdXODYwTE5LVzZ6SVcxSEtsQWd6MHVPZVQ0bUtvS1kycHJaamo4VXk4Wk9DcjJXV09LQmNoQ0F1OUktRTBBazNOYmJvT1VLUDZ0LVZn?oc=5\" target=\"_blank\" rel=\"nofollow noopener\">Crimen de Encarnita Polo: el presunto asesino llevaba un par de d\u00edas en la residencia y le estaban ajustando<\/a>&nbsp;&nbsp;LaSexta<\/li>\n<li><a href=\"https:\/\/news.google.com\/rss\/articles\/CBMi3wFBVV95cUxPcXBxUUY4cmlsVmF2R0FFWjE4ZjFfbktIOU91ZXp3QUlFRUV1OVZfaFlxUnV4cVlIX3ZGUjlQLTJYNXdncG5JWkppZGdES2pFbmR5UEI4VG43U1lUYnRzR3FwRmNqRy1pSXFqMXFiMk5HMS1MZjhTSEpXYXg2czdYUG5fbFgyOUpyaW0wM280U2gtQ2t3VzZ3WGZKbGVxN08wUllTR3FrZEhaZkhick1RWnUzcl9iZ3RyY0dGNGprNmZtMUFaZzRXUHdKVjZSQ2oxcDRYekRNUkRpV1VRWkFr0gHkAUFVX3lxTFBpbjZfcjAyNWNzWjByV0x4TjFvd1ZiSk1GNy0yYmFUSlRkSEd2WHhkdG13TWxCVFhYMy11R0tIb0tTVlg4ZUtUUHNKLWZvaHotU2s0bldKX2RLN2xlU1lEcTJwVlptQWtYQktrdjJRNVhpeUpXVllPeHBCNmdaOHcwV2FTRlRXZm1ock93eGVmLUQ4bEhVenJLejFzZ2VqYlhrcG1sWk9hTG5tMUhuUE9MQzBlRGplblZyYU1oMHY2LTA5ZTdjdXFVVUYtNXFvN3RMTXVMdDA1dTNFRFNHeGNvMXJkUA?oc=5\" target=\"_blank\" rel=\"nofollow noopener\">Caso Encarnita Polo: \u00abEl hombre la estrangul\u00f3 y se puso a llorar. Dijo que no recordaba nada y no sab\u00eda lo que hab\u00eda hecho\u00bb<\/a>&nbsp;&nbsp;El Espa\u00f1ol<\/li>\n<\/ol>\n","protected":false},"excerpt":{"rendered":"Los forenses determinar\u00e1n si el hombre que mat\u00f3 a Encarnita Polo es imputable o no&nbsp;&nbsp;El Mundo PRIMICIA. Sabemos&hellip;\n","protected":false},"author":2,"featured_media":241001,"comment_status":"","ping_status":"","sticky":false,"template":"","format":"standard","meta":{"footnotes":""},"categories":[91],"tags":[10593,146,147,25,24,23],"class_list":{"0":"post-241000","1":"post","2":"type-post","3":"status-publish","4":"format-standard","5":"has-post-thumbnail","7":"category-entretenimiento","8":"tag-cultura-musica","9":"tag-entertainment","10":"tag-entretenimiento","11":"tag-es","12":"tag-espana","13":"tag-spain"},"share_on_mastodon":{"url":"https:\/\/pubeurope.com\/@es\/115565502892470712","error":""},"_links":{"self":[{"href":"https:\/\/www.europesays.com\/es\/wp-json\/wp\/v2\/posts\/241000","targetHints":{"allow":["GET"]}}],"collection":[{"href":"https:\/\/www.europesays.com\/es\/wp-json\/wp\/v2\/posts"}],"about":[{"href":"https:\/\/www.europesays.com\/es\/wp-json\/wp\/v2\/types\/post"}],"author":[{"embeddable":true,"href":"https:\/\/www.europesays.com\/es\/wp-json\/wp\/v2\/users\/2"}],"replies":[{"embeddable":true,"href":"https:\/\/www.europesays.com\/es\/wp-json\/wp\/v2\/comments?post=241000"}],"version-history":[{"count":0,"href":"https:\/\/www.europesays.com\/es\/wp-json\/wp\/v2\/posts\/241000\/revisions"}],"wp:featuredmedia":[{"embeddable":true,"href":"https:\/\/www.europesays.com\/es\/wp-json\/wp\/v2\/media\/241001"}],"wp:attachment":[{"href":"https:\/\/www.europesays.com\/es\/wp-json\/wp\/v2\/media?parent=241000"}],"wp:term":[{"taxonomy":"category","embeddable":true,"href":"https:\/\/www.europesays.com\/es\/wp-json\/wp\/v2\/categories?post=241000"},{"taxonomy":"post_tag","embeddable":true,"href":"https:\/\/www.europesays.com\/es\/wp-json\/wp\/v2\/tags?post=241000"}],"curies":[{"name":"wp","href":"https:\/\/api.w.org\/{rel}","templated":true}]}}