{"id":241006,"date":"2025-11-17T14:28:18","date_gmt":"2025-11-17T14:28:18","guid":{"rendered":"https:\/\/www.europesays.com\/es\/241006\/"},"modified":"2025-11-17T14:28:18","modified_gmt":"2025-11-17T14:28:18","slug":"una-nina-de-5-anos-debera-conservar-el-apellido-del-padre-que-violo-a-su-madre-en-reino-unido","status":"publish","type":"post","link":"https:\/\/www.europesays.com\/es\/241006\/","title":{"rendered":"Una ni\u00f1a de 5 a\u00f1os deber\u00e1 conservar el apellido del padre que viol\u00f3 a su madre en Reino Unido"},"content":{"rendered":"<p class=\"c-paragraph\">Una ni\u00f1a de 5 a\u00f1os <b>deber\u00e1 mantener el apellido de su padre a pesar de que \u00e9ste viol\u00f3 a su madre<\/b> en el Reino Unido, tras un fallo judicial brit\u00e1nico que ha dado prioridad a los lazos familiares por encima del trauma de la v\u00edctima. El Tribunal Superior de Londres rechaz\u00f3 el <b>recurso que hab\u00eda presentado la madre<\/b> para cambiar el apellido de su hija a ra\u00edz de abusos sufridos por parte del padre, informa hoy &#8216;The Times&#8217;.\u00a0<\/p>\n<p class=\"c-paragraph\">El juez dictamin\u00f3 que <b>mantener el apellido paterno era crucial para preservar la identidad<\/b> y los v\u00ednculos de la peque\u00f1a con su familia paterna, a pesar de que su progenitor no ha tenido contacto con ella desde 2021 tras haber sido condenado por agresiones sexuales. La madre argument\u00f3 que obligar a su hija a llevar el apellido del hombre que la viol\u00f3 <b>constitu\u00eda un \u00abda\u00f1o\u00bb y era contrario al bienestar<\/b> de la menor.\u00a0<\/p>\n<p class=\"c-paragraph\">Con su decisi\u00f3n, la corte respald\u00f3 la sentencia de un tribunal inferior que consider\u00f3 que cambiar el nombre supondr\u00eda una<b> \u00abruptura adicional\u00bb<\/b> en el v\u00ednculo con el padre que no estaba justificada ni era proporcionada. La abogada de la madre, Charlotte Proudman, critic\u00f3 duramente la sentencia porque demostraba que \u00ab<b>los derechos de un violador son m\u00e1s importantes que los de la v\u00edctima<\/b> y el derecho de una ni\u00f1a a la libertad\u00bb.\u00a0<\/p>\n<p class=\"c-paragraph\">Aunque la apelaci\u00f3n para cambiar el nombre fue rechazada, la madre logr\u00f3 una victoria parcial, ya que el Tribunal Superior <b>extendi\u00f3 una orden de alejamiento del padre<\/b> hasta 2027.<\/p>\n","protected":false},"excerpt":{"rendered":"Una ni\u00f1a de 5 a\u00f1os deber\u00e1 mantener el apellido de su padre a pesar de que \u00e9ste viol\u00f3&hellip;\n","protected":false},"author":2,"featured_media":241007,"comment_status":"","ping_status":"","sticky":false,"template":"","format":"standard","meta":{"footnotes":""},"categories":[42],"tags":[1153,988,17,18,18299,13,14,11,61,62,63,64,19,20,9,1388,10,15,16,12,21,22,20877,65,66,67],"class_list":{"0":"post-241006","1":"post","2":"type-post","3":"status-publish","4":"format-standard","5":"has-post-thumbnail","7":"category-internacional","8":"tag-1153","9":"tag-anos","10":"tag-breaking-news","11":"tag-breakingnews","12":"tag-debera","13":"tag-featured-news","14":"tag-featurednews","15":"tag-headlines","16":"tag-internacional","17":"tag-international","18":"tag-international-news","19":"tag-internationalnews","20":"tag-latest-news","21":"tag-latestnews","22":"tag-news","23":"tag-nina","24":"tag-noticias","25":"tag-noticias-destacadas","26":"tag-noticiasdestacadas","27":"tag-titulares","28":"tag-ultimas-noticias","29":"tag-ultimasnoticias","30":"tag-una","31":"tag-world","32":"tag-world-news","33":"tag-worldnews"},"share_on_mastodon":{"url":"https:\/\/pubeurope.com\/@es\/115565514095248282","error":""},"_links":{"self":[{"href":"https:\/\/www.europesays.com\/es\/wp-json\/wp\/v2\/posts\/241006","targetHints":{"allow":["GET"]}}],"collection":[{"href":"https:\/\/www.europesays.com\/es\/wp-json\/wp\/v2\/posts"}],"about":[{"href":"https:\/\/www.europesays.com\/es\/wp-json\/wp\/v2\/types\/post"}],"author":[{"embeddable":true,"href":"https:\/\/www.europesays.com\/es\/wp-json\/wp\/v2\/users\/2"}],"replies":[{"embeddable":true,"href":"https:\/\/www.europesays.com\/es\/wp-json\/wp\/v2\/comments?post=241006"}],"version-history":[{"count":0,"href":"https:\/\/www.europesays.com\/es\/wp-json\/wp\/v2\/posts\/241006\/revisions"}],"wp:featuredmedia":[{"embeddable":true,"href":"https:\/\/www.europesays.com\/es\/wp-json\/wp\/v2\/media\/241007"}],"wp:attachment":[{"href":"https:\/\/www.europesays.com\/es\/wp-json\/wp\/v2\/media?parent=241006"}],"wp:term":[{"taxonomy":"category","embeddable":true,"href":"https:\/\/www.europesays.com\/es\/wp-json\/wp\/v2\/categories?post=241006"},{"taxonomy":"post_tag","embeddable":true,"href":"https:\/\/www.europesays.com\/es\/wp-json\/wp\/v2\/tags?post=241006"}],"curies":[{"name":"wp","href":"https:\/\/api.w.org\/{rel}","templated":true}]}}