{"id":241019,"date":"2025-11-17T14:42:08","date_gmt":"2025-11-17T14:42:08","guid":{"rendered":"https:\/\/www.europesays.com\/es\/241019\/"},"modified":"2025-11-17T14:42:08","modified_gmt":"2025-11-17T14:42:08","slug":"caceres-contra-los-grafitis-y-carteles-ilegales-ante-un-problema-que-se-cronifica","status":"publish","type":"post","link":"https:\/\/www.europesays.com\/es\/241019\/","title":{"rendered":"C\u00e1ceres, contra los grafitis y carteles ilegales ante un problema que se cronifica"},"content":{"rendered":"<p class=\"ft-text\">La proliferaci\u00f3n de grafitis, pintadas y carteles no autorizados contin\u00faa siendo uno de los problemas recurrentes en C\u00e1ceres, donde la ordenanza de limpieza viaria tipifica como falta grave \u00abla colocaci\u00f3n de carteles, grafitis, pintadas y adhesivos en los lugares no autorizados\u00bb. Estas infracciones pueden derivar en multas que oscilan entre los 750 y los 1.500 euros, cuant\u00eda que aumenta si las acciones se producen en entornos patrimoniales como el casco hist\u00f3rico, declarado Patrimonio de la Humanidad.<\/p>\n<p class=\"ft-text\">La situaci\u00f3n volvi\u00f3 a quedar en evidencia el 12 de febrero del a\u00f1o pasado, cuando la Polic\u00eda Local sorprendi\u00f3 in fraganti a dos personas que realizaban grafitis en una de las columnas del viaducto de la Ronda Sureste, tras la alerta de un vecino de la zona. El dispositivo permiti\u00f3 identificar a los autores y paralizar la actuaci\u00f3n.<\/p>\n<p class=\"ft-text\">Uno de los episodios m\u00e1s visibles que ha saltado estos d\u00edas a la actualidad se encuentra en la calle Col\u00f3n, esquina con Hernando de Soto, donde una puerta de cochera permaneci\u00f3 durante a\u00f1os cubierta por capas de anuncios, pegamentos y pintadas. La reciente rehabilitaci\u00f3n del inmueble ha devuelto dignidad a la fachada, evidenciando el impacto que estas acciones tienen sobre la est\u00e9tica urbana.<\/p>\n<p class=\"ft-text\">No es el \u00fanico caso. En 2021, cuatro j\u00f3venes fueron propuestos para sanci\u00f3n \u2014que podr\u00eda llegar a los 3.000 euros\u2014 tras pintar varias letras en una pared de la plaza de Santiago. Fueron localizados horas despu\u00e9s gracias al aviso de un agente fuera de servicio.<\/p>\n<p class=\"ft-text\">Durante el anterior mandato municipal se cre\u00f3 la llamada Mesa del Grafiti, un \u00f3rgano destinado a ordenar acciones y evitar el deterioro de espacios p\u00fablicos. Sin embargo, nunca lleg\u00f3 a reunirse debido al cambio de gobierno.<\/p>\n<p class=\"ft-text\">El Ayuntamiento activ\u00f3 el pasado octubre una campa\u00f1a de limpieza espec\u00edfica en 30 calles y plazas c\u00e9ntricas \u2014como Pintores o Moret\u2014 con una inversi\u00f3n de 16.400 euros. No obstante, colectivos y partidos consideran que estas intervenciones puntuales no bastan para frenar un problema que califican de estructural.<\/p>\n<p>Vox y Somos C\u00e1ceres reclaman medidas sostenidas<\/p>\n<p class=\"ft-text\">En septiembre de 2024, Vox llev\u00f3 al pleno una moci\u00f3n para reclamar campa\u00f1as de concienciaci\u00f3n y un programa de arte urbano que sirviera como alternativa creativa al vandalismo. El partido alertaba de que las acciones de limpieza \u201cson claramente insuficientes y el problema no termina de solucionarse\u201d.<\/p>\n<p class=\"ft-text\">En enero de este a\u00f1o, Somos C\u00e1ceres insisti\u00f3 en la necesidad de un plan municipal coordinado. La agrupaci\u00f3n advierte de que la acumulaci\u00f3n de grafitis y actos vand\u00e1licos \u201cperjudica la imagen de C\u00e1ceres como destino tur\u00edstico y cultural\u201d y afecta al \u201cconservaci\u00f3n del patrimonio hist\u00f3rico\u201d.<\/p>\n<p class=\"ft-text\">Los grafitis no autorizados y la pegada ilegal de carteles generan un doble coste: el visual y el econ\u00f3mico. El mantenimiento y limpieza del mobiliario urbano, fachadas y espacios p\u00fablicos obliga a intervenciones constantes que consumen recursos municipales.<\/p>\n<p class=\"ft-text\">En una ciudad cuyo casco hist\u00f3rico es uno de sus principales reclamos, reforzar la protecci\u00f3n del entorno urbano se convierte en un desaf\u00edo prioritario. Mientras tanto, la ordenanza sigue siendo la herramienta principal contra un fen\u00f3meno que, pese a los esfuerzos puntuales, contin\u00faa extendi\u00e9ndose por la ciudad.<\/p>\n<p>C\u00e1ceres comparte un fen\u00f3meno global<\/p>\n<p class=\"ft-text\">El problema de los grafitis y las pintadas no autorizadas en C\u00e1ceres \u2014especialmente visible en zonas como la Ronda Sureste, Col\u00f3n o Santiago\u2014 no es un hecho aislado. La ciudad se enfrenta a una situaci\u00f3n que se replica en buena parte de Espa\u00f1a y en capitales de Europa y Am\u00e9rica, donde la presencia de firmas, tags y carteler\u00eda ilegal contin\u00faa en aumento pese a los esfuerzos municipales.<\/p>\n<p class=\"ft-text\">En el \u00e1mbito nacional, estudios y an\u00e1lisis recientes coinciden en que la incidencia de grafitis ha crecido en la \u00faltima d\u00e9cada. Seg\u00fan estimaciones utilizadas por ayuntamientos y empresas de mantenimiento urbano, hasta un <strong>83 % de las ciudades espa\u00f1olas<\/strong> reportan incremento de pintadas en transporte p\u00fablico, fachadas, mobiliario urbano y espacios patrimoniales.<\/p>\n<p class=\"ft-text\">La falta de datos homog\u00e9neos dificulta una cifra exacta del volumen total, pero s\u00ed existe consenso en torno a dos elementos: <strong>el coste de limpieza es elevado y constante.<\/strong> Grandes ciudades destinan cada a\u00f1o millones de euros a borrar firmas repetitivas, recuperar fachadas y repintar muros, adem\u00e1s de que <strong>el fen\u00f3meno se concentra en zonas de tr\u00e1nsito y centros hist\u00f3ricos<\/strong>, algo especialmente problem\u00e1tico en ciudades Patrimonio de la Humanidad, como C\u00e1ceres, Toledo o C\u00f3rdoba.<\/p>\n<p class=\"ft-text\">En ciudades como Barcelona, los servicios municipales han comenzado a <strong>catalogar firmas recurrentes<\/strong> para combatir a los autores m\u00e1s habituales, debido a la reiteraci\u00f3n de intervenciones en un mismo punto.<\/p>\n<p class=\"ft-text\">La tendencia tambi\u00e9n es internacional. En algunas ciudades europeas \u2014seg\u00fan informes recientes sobre degradaci\u00f3n urbana\u2014 <strong>hasta el 76 % de las calles presenta alg\u00fan tipo de grafiti<\/strong>. En capitales como Par\u00eds, Berl\u00edn o Londres, la limpieza de pintadas supone cada a\u00f1o un coste elevado para los consistorios, que destinan recursos a cuadrillas especializadas.<\/p>\n<p class=\"ft-text\">En Estados Unidos, varias ciudades calculan que la <strong>eliminaci\u00f3n del grafiti cuesta entre uno y tres d\u00f3lares por habitante al a\u00f1o<\/strong>, cifras que confirman el impacto econ\u00f3mico que comporta este tipo de vandalismo urbano.<\/p>\n<p class=\"ft-text\">Tambi\u00e9n los estudios internacionales apuntan a un patr\u00f3n demogr\u00e1fico repetido:<\/p>\n<p class=\"ft-text\"><strong>el 70 % de los autores tiene entre 15 y 30 a\u00f1os<\/strong>, una constante que explica por qu\u00e9 muchas urbes han puesto en marcha campa\u00f1as educativas o han habilitado espacios controlados para el arte urbano legal.<\/p>\n<p class=\"ft-text\">En contraste, pa\u00edses con normativas extremadamente estrictas, como <strong>Singapur o Jap\u00f3n<\/strong>, presentan niveles anecd\u00f3ticos de este tipo de infracciones.<\/p>\n<p class=\"ft-text\">La proliferaci\u00f3n de pintadas tiene un impacto particular en ciudades con cascos hist\u00f3ricos protegidos. En C\u00e1ceres, donde la ordenanza de limpieza viaria contempla multas de entre <strong>750 y 1.500 euros<\/strong> \u2014y sanciones de hasta <strong>3.000 euros<\/strong> en casos de vandalismo sobre patrimonio o mobiliario\u2014, el problema es doble: afecta a la imagen tur\u00edstica y complica la conservaci\u00f3n del entorno urbano.<\/p>\n<p class=\"ft-text\">Aunque el Ayuntamiento ha realizado campa\u00f1as de limpieza espec\u00edficas y actuaciones puntuales, partidos como Vox y colectivos como Somos C\u00e1ceres insisten en que se necesita una estrategia continuada para combatir una problem\u00e1tica que se repite en todo el pa\u00eds.<\/p>\n<p class=\"ft-text\">La comparaci\u00f3n con las tendencias nacionales e internacionales sit\u00faa a C\u00e1ceres dentro de un escenario com\u00fan como un <strong>fen\u00f3meno creciente.<\/strong> Como en otras ciudades, la presencia de grafitis no autorizados se expande m\u00e1s r\u00e1pido de lo que se consigue limpiar. Aparte est\u00e1 el <strong>coste econ\u00f3mico y visual.<\/strong> La restauraci\u00f3n en zonas tur\u00edsticas requiere recursos constantes. Se trata, pues de un <strong>desaf\u00edo estructural.<\/strong> Las medidas aisladas no suelen ser suficientes sin un plan prolongado de prevenci\u00f3n, educaci\u00f3n y control.<\/p>\n<p class=\"ft-text\">Mientras aumenta la presi\u00f3n ciudadana para frenar el deterioro y proteger el patrimonio, el debate sobre c\u00f3mo afrontar este problema urbano \u2014entre sanciones, educaci\u00f3n, campa\u00f1as y arte legal\u2014 se intensifica en C\u00e1ceres igual que en el resto de Espa\u00f1a y del mundo.<\/p>\n","protected":false},"excerpt":{"rendered":"La proliferaci\u00f3n de grafitis, pintadas y carteles no autorizados contin\u00faa siendo uno de los problemas recurrentes en C\u00e1ceres,&hellip;\n","protected":false},"author":2,"featured_media":241020,"comment_status":"","ping_status":"","sticky":false,"template":"","format":"standard","meta":{"footnotes":""},"categories":[173],"tags":[229,233,231,230,1250,3975,7149,232,234,146,147,25,24,22100,6779,433,1251,9632,23],"class_list":{"0":"post-241019","1":"post","2":"type-post","3":"status-publish","4":"format-standard","5":"has-post-thumbnail","7":"category-arte-y-diseno","8":"tag-arte","9":"tag-arte-y-diseno","10":"tag-arts","11":"tag-arts-and-design","12":"tag-ayuntamiento","13":"tag-caceres","14":"tag-carteles","15":"tag-design","16":"tag-diseno","17":"tag-entertainment","18":"tag-entretenimiento","19":"tag-es","20":"tag-espana","21":"tag-grafitis","22":"tag-ilegales","23":"tag-jovenes","24":"tag-policia-local","25":"tag-problema","26":"tag-spain"},"share_on_mastodon":{"url":"https:\/\/pubeurope.com\/@es\/115565569144884816","error":""},"_links":{"self":[{"href":"https:\/\/www.europesays.com\/es\/wp-json\/wp\/v2\/posts\/241019","targetHints":{"allow":["GET"]}}],"collection":[{"href":"https:\/\/www.europesays.com\/es\/wp-json\/wp\/v2\/posts"}],"about":[{"href":"https:\/\/www.europesays.com\/es\/wp-json\/wp\/v2\/types\/post"}],"author":[{"embeddable":true,"href":"https:\/\/www.europesays.com\/es\/wp-json\/wp\/v2\/users\/2"}],"replies":[{"embeddable":true,"href":"https:\/\/www.europesays.com\/es\/wp-json\/wp\/v2\/comments?post=241019"}],"version-history":[{"count":0,"href":"https:\/\/www.europesays.com\/es\/wp-json\/wp\/v2\/posts\/241019\/revisions"}],"wp:featuredmedia":[{"embeddable":true,"href":"https:\/\/www.europesays.com\/es\/wp-json\/wp\/v2\/media\/241020"}],"wp:attachment":[{"href":"https:\/\/www.europesays.com\/es\/wp-json\/wp\/v2\/media?parent=241019"}],"wp:term":[{"taxonomy":"category","embeddable":true,"href":"https:\/\/www.europesays.com\/es\/wp-json\/wp\/v2\/categories?post=241019"},{"taxonomy":"post_tag","embeddable":true,"href":"https:\/\/www.europesays.com\/es\/wp-json\/wp\/v2\/tags?post=241019"}],"curies":[{"name":"wp","href":"https:\/\/api.w.org\/{rel}","templated":true}]}}