{"id":241021,"date":"2025-11-17T14:44:09","date_gmt":"2025-11-17T14:44:09","guid":{"rendered":"https:\/\/www.europesays.com\/es\/241021\/"},"modified":"2025-11-17T14:44:09","modified_gmt":"2025-11-17T14:44:09","slug":"el-curioso-caso-de-tracker-la-serie-muy-vista-de-la-que-poco-se-habla","status":"publish","type":"post","link":"https:\/\/www.europesays.com\/es\/241021\/","title":{"rendered":"El curioso caso de Tracker, la serie muy vista de la que poco se habla"},"content":{"rendered":"<p class=\"ft-text ft-helper-closenews\">Cuando la pasada primavera <a href=\"https:\/\/variety.com\/2025\/tv\/news\/cbs-wins-nielsen-full-season-multiplatform-ratings-tracker-1236389414\/\" class=\"ft-link ft-link--decoration\" rel=\"nofollow noopener\" target=\"_blank\">Nielsen public\u00f3 su lista multiplataforma de la temporada 2024-2025<\/a>, a nadie extra\u00f1\u00f3 ver <strong>&#8216;El juego del calamar&#8217;<\/strong> y <strong>&#8216;Adolescencia&#8217;<\/strong> en el primer y segundo puestos: solo era una nueva muestra de la imbatibilidad de Netflix. Otra serie de plataforma, &#8216;Reacher&#8217; (esta de Prime Video), ocupaba la tercera posici\u00f3n. Pero justo despu\u00e9s aparec\u00eda, curiosamente, una serie de la generalista CBS con menos nombre que cualquiera de las anteriores: &#8216;<strong>Tracker&#8217;<\/strong>, cuyos cap\u00edtulos hab\u00edan sido consumidos en directo y &#8216;streaming&#8217; (en Estados Unidos se caza en Paramount+) por <strong>una media de 17,5 millones de espectadores<\/strong>.\u00a0<\/p>\n<p class=\"ft-text\">Los cr\u00edticos que rese\u00f1aron su primera temporada celebraron de forma bastante generalizada, con sus peque\u00f1as reservas, esta serie de misterio y acci\u00f3n <strong>desarrollada por el escritor Ben H. Winters, ganador de premios Edgar y Philip K. Dick<\/strong>, a partir de una novela de su colega <strong>Jeffery Deaver<\/strong>. Pero esos cr\u00edticos fueron pocos, una cuarta parte de los que han rese\u00f1ado en Estados Unidos <a class=\"ft-link ft-link--decoration\" href=\"https:\/\/www.elperiodico.com\/es\/ocio-y-cultura\/20251105\/serie-creador-breaking-bad-entrevista-123343038\" target=\"_blank\" rel=\"nofollow noopener\">la nueva serie de Vince Gilligan<\/a>. Y muchos menos a\u00fan han sido los que han escrito sobre <strong>la tercera temporada, que se estrena en Espa\u00f1a ma\u00f1ana martes, d\u00eda 18, en Star Channel<\/strong>, el canal antes conocido como Fox.\u00a0\u00a0\u00a0<\/p>\n<p class=\"ft-text\">Tampoco es una serie que la gente saque a colaci\u00f3n en sus reuniones de amigos. No sirve para que nadie se las d\u00e9 de importante. B\u00e1sicamente, porque tampoco la serie se da importancia a s\u00ed misma. Y sin embargo, o precisamente por eso, para muchos es importante no perderse un cap\u00edtulo.\u00a0\u00a0<\/p>\n<p>\u00bfQui\u00e9n sabe d\u00f3nde? <\/p>\n<p class=\"ft-text\">En la serie, el aficionado a quitarse la camiseta <strong>Justin Hartley<\/strong> (Kevin en &#8216;This is us&#8217;) encarna a <strong>Colter Shaw, un rastreador y survivalista que se gana la vida buscando a gente desaparecida por cuya localizaci\u00f3n se ofrece una recompensa<\/strong>. No piensa solo en el dinero: para \u00e9l, la recompensa tambi\u00e9n es hacer justicia, algo que lo hace simp\u00e1tico para el p\u00fablico. Un matrimonio de mediana edad, Teddi (<strong>Robin Weigert<\/strong>) y Velma Bruin (<strong>Abby McEnany<\/strong>), le busca posibles casos, adem\u00e1s de ayudar con las investigaciones desde casa. Completan su especie de equipo, al menos el primero que conocemos, el &#8216;hacker&#8217; Bobby Exley (<strong>Eric Graise<\/strong>) y la abogada Reenie Greene (<strong>Fiona Rene<\/strong>), con la que tuvo algo muy breve que no deja de traer cola.<\/p>\n<p class=\"ft-text\">Ya en el primer episodio sab\u00edamos del oscuro pasado de Shaw, de c\u00f3mo aprendi\u00f3 a rastrear, cazar o escalar, de qu\u00e9 lo convirti\u00f3 en lo que es. O mejor dicho, qui\u00e9n: su padre Ashton (<strong>Lee Tergesen<\/strong>), antiguo profesor de Berkeley que, despu\u00e9s de un incidente, acab\u00f3 retir\u00e1ndose con su familia a una caba\u00f1a lejos de todo y todos. Colter tiene un hermano mayor, Russell (<strong>Jensen Ackles<\/strong>), y una hermana peque\u00f1a, Dory (<strong>Melissa Roxburgh<\/strong>), profesora de f\u00edsica en la Universidad de Ciencia de Wyoming, pero no queda con ellos cada domingo para comer. De Russell sospecha que mat\u00f3 a su padre. Shaw ha abandonado la idea de las relaciones estables para vivir en la carretera (imponente pickup negra, caravana) resolviendo problemas ajenos.\u00a0<\/p>\n<p>Lanzada con la Super Bowl<\/p>\n<p class=\"ft-text\">&#8216;Tracker&#8217; empez\u00f3 con buen pie en CBS por una estupenda situaci\u00f3n en parrilla. Fue lo que la cadena eligi\u00f3 emitir tras la 58\u00aa Super Bowl, el 11 de febrero del a\u00f1o pasado. M\u00e1s de 18 millones de personas se quedaron a ver el piloto. Para el siguiente episodio, una semana despu\u00e9s, el gent\u00edo baj\u00f3 a los casi siete millones, pero en lo sucesivo la serie ha superado regularmente los ocho millones de espectadores, siempre hablando solo de gente que la ve en directo o el mismo d\u00eda en CBS. <a href=\"https:\/\/www.hollywoodreporter.com\/tv\/tv-news\/tracker-high-potential-network-tv-ratings-fall-2025-1236427588\/\" class=\"ft-link ft-link--decoration\" rel=\"nofollow noopener\" target=\"_blank\">Seg\u00fan recientes datos de Nielsen<\/a>, ha sido el programa de entretenimiento generalista m\u00e1s visto en Estados Unidos en las primeras cinco semanas de la temporada 2025-2026.\u00a0\u00a0<\/p>\n<p class=\"ft-text\">En declaraciones del &#8216;showrunner&#8217; <strong>Elwood Reid<\/strong> <a href=\"https:\/\/www.nytimes.com\/2025\/09\/11\/arts\/television\/tracker.html\" class=\"ft-link ft-link--decoration\" rel=\"nofollow noopener\" target=\"_blank\">recogidas por \u2018The New York Times\u2019<\/a>, el secreto del \u00e9xito de la serie es su transparencia. Cada episodio, dice, se reduce a un esquema simple: \u00abExtra\u00f1o llega a una localidad. &#8216;Dime qu\u00e9 ha pasado&#8217;. &#8216;Mi hijo estaba en la parada del bus. Desapareci\u00f3&#8217;. &#8216;De acuerdo, voy a encontrarlo'\u00bb. Para Justin Hartley, una referencia importante es el cl\u00e1sico setentero <strong>&#8216;Los casos de Rockford&#8217;<\/strong>, con<strong> James Garner <\/strong>como solitario detective privado que tambi\u00e9n vive en una caravana. Eso s\u00ed, el car\u00e1cter estoico y el aura de misterio de Colter remiten menos a Garner que a <strong>Eastwood<\/strong>.\u00a0\u00a0<\/p>\n<p class=\"ft-text\">Los cr\u00edticos y las organizaciones de premios se obsesionan con las series de prestigio, pero tambi\u00e9n merecen respeto, si est\u00e1n bien hechas, esas series que procuran entretenimiento a partir de esquemas probados, que no buscan eso de &#8216;trascender el g\u00e9nero&#8217; porque lo aman.\u00a0<\/p>\n<p data-close=\"closedContent\" class=\"subscribeHideForDisplay\">Suscr\u00edbete para seguir leyendo<\/p>\n","protected":false},"excerpt":{"rendered":"Cuando la pasada primavera Nielsen public\u00f3 su lista multiplataforma de la temporada 2024-2025, a nadie extra\u00f1\u00f3 ver &#8216;El&hellip;\n","protected":false},"author":2,"featured_media":241022,"comment_status":"","ping_status":"","sticky":false,"template":"","format":"standard","meta":{"footnotes":""},"categories":[171],"tags":[146,147,25,24,448,156,805,23,62049,62048,62047,214],"class_list":{"0":"post-241021","1":"post","2":"type-post","3":"status-publish","4":"format-standard","5":"has-post-thumbnail","7":"category-tv","8":"tag-entertainment","9":"tag-entretenimiento","10":"tag-es","11":"tag-espana","12":"tag-historia","13":"tag-serie","14":"tag-series","15":"tag-spain","16":"tag-star-channel","17":"tag-tercera-temporada","18":"tag-tracker","19":"tag-tv"},"share_on_mastodon":{"url":"https:\/\/pubeurope.com\/@es\/115565577048215896","error":""},"_links":{"self":[{"href":"https:\/\/www.europesays.com\/es\/wp-json\/wp\/v2\/posts\/241021","targetHints":{"allow":["GET"]}}],"collection":[{"href":"https:\/\/www.europesays.com\/es\/wp-json\/wp\/v2\/posts"}],"about":[{"href":"https:\/\/www.europesays.com\/es\/wp-json\/wp\/v2\/types\/post"}],"author":[{"embeddable":true,"href":"https:\/\/www.europesays.com\/es\/wp-json\/wp\/v2\/users\/2"}],"replies":[{"embeddable":true,"href":"https:\/\/www.europesays.com\/es\/wp-json\/wp\/v2\/comments?post=241021"}],"version-history":[{"count":0,"href":"https:\/\/www.europesays.com\/es\/wp-json\/wp\/v2\/posts\/241021\/revisions"}],"wp:featuredmedia":[{"embeddable":true,"href":"https:\/\/www.europesays.com\/es\/wp-json\/wp\/v2\/media\/241022"}],"wp:attachment":[{"href":"https:\/\/www.europesays.com\/es\/wp-json\/wp\/v2\/media?parent=241021"}],"wp:term":[{"taxonomy":"category","embeddable":true,"href":"https:\/\/www.europesays.com\/es\/wp-json\/wp\/v2\/categories?post=241021"},{"taxonomy":"post_tag","embeddable":true,"href":"https:\/\/www.europesays.com\/es\/wp-json\/wp\/v2\/tags?post=241021"}],"curies":[{"name":"wp","href":"https:\/\/api.w.org\/{rel}","templated":true}]}}