{"id":241033,"date":"2025-11-17T14:51:09","date_gmt":"2025-11-17T14:51:09","guid":{"rendered":"https:\/\/www.europesays.com\/es\/241033\/"},"modified":"2025-11-17T14:51:09","modified_gmt":"2025-11-17T14:51:09","slug":"telefonica-presenta-un-ere-en-siete-empresas-y-el-gobierno-espera-un-acuerdo-con-los-sindicatos-servimedia","status":"publish","type":"post","link":"https:\/\/www.europesays.com\/es\/241033\/","title":{"rendered":"Telef\u00f3nica presenta un ERE en siete empresas y el Gobierno espera un acuerdo con los sindicatos &#8211; Servimedia"},"content":{"rendered":"<ol>\n<li><a href=\"https:\/\/news.google.com\/rss\/articles\/CBMiuwFBVV95cUxOWHFud0p5Q1MyRThCNW1SQ3RaOVpoMk9fRzNPbnR3clBrb0pXbi15d2IyZzFuSnpnb3l3dktjVDVoUGFpaHF6cy03aEhHX0VISEdISEx1dHhLTk5ZbVBveVZVaVlUTU5EZTktS2pvSlROWTBTX2lkQTFndHh1X0dFQm1oaFg0azNMVnhLTnlONDZ3SUNKbkRFSUFaa2xMQzJFVnVtNWVWbUxhaEhfQ3ZzM1RaS2Rpb2J0aXd3?oc=5\" target=\"_blank\" rel=\"nofollow noopener\">Telef\u00f3nica presenta un ERE en siete empresas y el Gobierno espera un acuerdo con los sindicatos<\/a>&nbsp;&nbsp;Servimedia<\/li>\n<li><a href=\"https:\/\/news.google.com\/rss\/articles\/CBMiiAFBVV95cUxOREhVa1gzVHlOWXBQajRpcU45bW84WURxOGktZVZDbm5jcVZ6czlMM3dPZU1iSjlCay1INDdISklBLTliQ1VrZFI3UkxCQnJBcEN2UWZHb0x3SVgya3dXeWtwNDcxZ19Wbi1iZWNOeF9kS0lEQ0dsalZnX1cxZGRaY1Z5OHRqZDA40gGIAUFVX3lxTFBNODk3b3Vma2xfRjJQWHRpdnpSLU1kdk9Yb3hYMGlZZkdVd21qcHVyRXFKUGhhUm1EbDFkakZjSVo4UE43ZF9xV3RYcTgtb1pMSnA4Vl9sNXhtb2RWWUtfcllwaGVvb2dWeHdYM1BEYzVRcVBYQXRUNU53VFdsNW5yUFFKZTlWLWQ?oc=5\" target=\"_blank\" rel=\"nofollow noopener\">Telef\u00f3nica anuncia un ERE en siete sociedades con el respaldo del Gobierno: \u00abNuestra posici\u00f3n es muy clara. Lo que ocurra tiene que ser con acuerdo de los sindicatos\u00bb<\/a>&nbsp;&nbsp;El Mundo<\/li>\n<li><a href=\"https:\/\/news.google.com\/rss\/articles\/CBMiowFBVV95cUxNRXFnS2M0dHhtc3l1ZUVtX0lkdy12angwQmhIM21FX3pjeUMtdUhuS3ZHaERDcFVqOEYwbVZGZ3NKN1NObzR1NHBfZThpZDQtUnN3Mm82Ujd1dVo1VHgtcTU5WWJwN3lKN3RLaXRKU0tjeHhWUnA4V0NrR3RkOVhuVTNRTjIySGRmRU5XUkJ6NmhHMVlfTjFCb0FwYVZSbVRUUXkw0gGjAUFVX3lxTE9MSXV1aUVaOHRRaFNFTmdFYTJhQzNicHIzZDJWeW1TdkhRV2Ixc3lMVU03OE16a28zcjJwSHJzNG94aU5IdldpOTA2aWIzOC1vY19iLV9pR09XaTJoRDZWYXhXbWtBVXhMeUplRzliZ1lrQ29hQnM4SE9EUjN4LTVmOV9sT0RsdDZyN0k0eXJScTF2X3JHYzZYVVZmLTFSelVibFk?oc=5\" target=\"_blank\" rel=\"nofollow noopener\">El Gobierno supedita la aprobaci\u00f3n del ERE de Telef\u00f3nica a que sea \u201csiempre con acuerdo de los sindicatos\u201d<\/a>&nbsp;&nbsp;El Peri\u00f3dico<\/li>\n<li><a href=\"https:\/\/news.google.com\/rss\/articles\/CBMiqAFBVV95cUxPeTVvN29tU2pTQ2Rmc29BQWxHcXE5YkdnOEpDay1yQTBGbVl4bzVuY29iRHhIYVFaR3RwS3hrckI5WWVBU0FFX3lpQUtMQTg2TmFDRHhIUndCYzIyMUl4VUZlRmlsX1RjSWY4SG1MTXZCQXI1OU8xd0xGRUtBS2tsU3QycmRvYzMxQWJmT1VoU1BtMXh5Z2VGYWpjUG1aWUNHaDU4OUd4ZUE?oc=5\" target=\"_blank\" rel=\"nofollow noopener\">Telef\u00f3nica comunica a los sindicatos que har\u00e1 ERE en siete empresas pero no desvela a\u00fan las cifras<\/a>&nbsp;&nbsp;ABC<\/li>\n<li><a href=\"https:\/\/news.google.com\/rss\/articles\/CBMisAFBVV95cUxOaHFGc3AwSk8xeXlQZnR3NkZfUUI1RXdOQ1IydkhuY3hkMThtX0NZMkstZjdoMFJPZWE0bnV6alpEM2JwYzV6elhZNW9jVU1Zb1haZk1rSmFqcGhkYUZvSGs3Sk5uY3dZRUV0dVJ4VEFkQ0tFVkpsak4wblNSNm56eS14Wk15VC1zRXl3a2lhWUMzUEEwc0R4aEpEekZkRTMwSmc0dWxGazN6TFNPdEZCbg?oc=5\" target=\"_blank\" rel=\"nofollow noopener\">Telef\u00f3nica anuncia siete ERE diferentes para cumplir con su plan de ahorro<\/a>&nbsp;&nbsp;El Confidencial<\/li>\n<\/ol>\n","protected":false},"excerpt":{"rendered":"Telef\u00f3nica presenta un ERE en siete empresas y el Gobierno espera un acuerdo con los sindicatos&nbsp;&nbsp;Servimedia Telef\u00f3nica anuncia&hellip;\n","protected":false},"author":2,"featured_media":241034,"comment_status":"","ping_status":"","sticky":false,"template":"","format":"standard","meta":{"footnotes":""},"categories":[80],"tags":[82,95,94,25,24,23,120],"class_list":{"0":"post-241033","1":"post","2":"type-post","3":"status-publish","4":"format-standard","5":"has-post-thumbnail","7":"category-economia","8":"tag-business","9":"tag-economia","10":"tag-economy","11":"tag-es","12":"tag-espana","13":"tag-spain","14":"tag-tecnologia"},"share_on_mastodon":{"url":"https:\/\/pubeurope.com\/@es\/115565604677639430","error":""},"_links":{"self":[{"href":"https:\/\/www.europesays.com\/es\/wp-json\/wp\/v2\/posts\/241033","targetHints":{"allow":["GET"]}}],"collection":[{"href":"https:\/\/www.europesays.com\/es\/wp-json\/wp\/v2\/posts"}],"about":[{"href":"https:\/\/www.europesays.com\/es\/wp-json\/wp\/v2\/types\/post"}],"author":[{"embeddable":true,"href":"https:\/\/www.europesays.com\/es\/wp-json\/wp\/v2\/users\/2"}],"replies":[{"embeddable":true,"href":"https:\/\/www.europesays.com\/es\/wp-json\/wp\/v2\/comments?post=241033"}],"version-history":[{"count":0,"href":"https:\/\/www.europesays.com\/es\/wp-json\/wp\/v2\/posts\/241033\/revisions"}],"wp:featuredmedia":[{"embeddable":true,"href":"https:\/\/www.europesays.com\/es\/wp-json\/wp\/v2\/media\/241034"}],"wp:attachment":[{"href":"https:\/\/www.europesays.com\/es\/wp-json\/wp\/v2\/media?parent=241033"}],"wp:term":[{"taxonomy":"category","embeddable":true,"href":"https:\/\/www.europesays.com\/es\/wp-json\/wp\/v2\/categories?post=241033"},{"taxonomy":"post_tag","embeddable":true,"href":"https:\/\/www.europesays.com\/es\/wp-json\/wp\/v2\/tags?post=241033"}],"curies":[{"name":"wp","href":"https:\/\/api.w.org\/{rel}","templated":true}]}}