{"id":241049,"date":"2025-11-17T15:05:20","date_gmt":"2025-11-17T15:05:20","guid":{"rendered":"https:\/\/www.europesays.com\/es\/241049\/"},"modified":"2025-11-17T15:05:20","modified_gmt":"2025-11-17T15:05:20","slug":"una-gran-escultura-recuerda-en-portugalete-a-las-victimas-de-accidentes-de-trafico","status":"publish","type":"post","link":"https:\/\/www.europesays.com\/es\/241049\/","title":{"rendered":"Una gran escultura recuerda en Portugalete a las v\u00edctimas de accidentes de tr\u00e1fico"},"content":{"rendered":"<p>La primera vez que le encargaron a la artista catalana Rosa Serra Puigvert (Barcelona, 1944) una escultura para recordar a las v\u00edctimas de accidentes de  &#8230; tr\u00e1fico solo pod\u00eda pensar en su padre. Hab\u00eda sufrido un siniestro vial de extrema gravedad, \u00abmuy fuerte\u00bb. No falleci\u00f3, pero \u00abqued\u00f3 muy mal\u00bb. El veh\u00edculo en el que viajaba qued\u00f3 pr\u00e1cticamente destrozado, reducido a un amasijo de hierros. Tan solo qued\u00f3 el volante, que a\u00fan a d\u00eda de hoy conserva en su estudio. \u00abFue la \u00fanica cosa que qued\u00f3 y que a\u00fan tengo. La he guardado en mi estudio, siempre colgada\u00bb, admiti\u00f3.<\/p>\n<p class=\"v-p\">Esa tr\u00e1gica \u00abexperiencia\u00bb de su progenitor le \u00absensibiliz\u00f3 con el tema\u00bb y fue a su vez fuente de inspiraci\u00f3n a la hora de homenajear a las personas que han sufrido siniestros de circulaci\u00f3n. De hecho, un volante, esa pieza en forma de aro que marc\u00f3 un antes y un despu\u00e9s en la vida de la escultora catalana, es el principal protagonista de la gran escultura de bronce -tiene m\u00e1s de dos metros de altura y est\u00e1 situada sobre un pedestal de acero- que desde este domingo recuerda en la plaza de Portugalete a las v\u00edctimas de accidentes de tr\u00e1fico en la provincia de Valladolid. \u00abSolo puedo dar las gracias; si con esto puedo ayudar a que cuando la gente vea la escultura se acuerde&#8230;\u00bb, dijo Serra, visiblemente emocionada, durante el acto de conmemoraci\u00f3n del D\u00eda Mundial en Recuerdo de las V\u00edctimas de Accidentes de Tr\u00e1fico. <\/p>\n<p><a href=\"http:\/\/www.elnortedecastilla.es\/valladolid\/dos-heridos-accidente-cuatro-vehiculos-implicados-valladolid-20251116111914-nt.html#vtm_modulosEngag=mod-rel:valladolid:noticia:1:cmp:2-not\" class=\"v-a-link\" title=\"Dos heridos en un accidente con cuatro veh\u00edculos implicados en Valladolid\" rel=\"nofollow noopener\" target=\"_blank\"><br \/>\n<img decoding=\"async\" loading=\"lazy\" class=\"v-a-img\" src=\"https:\/\/www.europesays.com\/es\/wp-content\/uploads\/2025\/11\/1498715414-khlG--366x256@El Norte.JPG\" alt=\"Dos heridos en un accidente con cuatro veh\u00edculos implicados en Valladolid\"\/><br \/>\n<\/a><\/p>\n<p><a href=\"http:\/\/www.elnortedecastilla.es\/valladolid\/provincia\/herida-joven-anos-choque-altura-rueda-20251116111809-nt.html#vtm_modulosEngag=mod-rel:valladolid:noticia:2:cmp:2-not\" class=\"v-a-link\" title=\"Herida una joven de 30 a\u00f1os en un choque en la A-6 a la altura de Rueda\" rel=\"nofollow noopener\" target=\"_blank\"><br \/>\n<img decoding=\"async\" loading=\"lazy\" class=\"v-a-img\" src=\"https:\/\/www.europesays.com\/es\/wp-content\/uploads\/2025\/11\/1492478112-kPJ--366x256@El Norte.JPG\" alt=\"Herida una joven de 30 a\u00f1os en un choque en la A-6 a la altura de Rueda\"\/><br \/>\n<\/a><\/p>\n<p class=\"v-p\">La obra, que ha quedado instalada de forma permanente, representa dos figuras que se apoyan mutuamente sosteniendo un volante, una imagen que, seg\u00fan desvel\u00f3 su creadora, \u00abrepresenta ese momento de desesperaci\u00f3n\u00bb, la fragilidad de una vida y la responsabilidad compartida en las carreteras. El descubrimiento de la escultura -fue dif\u00edcil, por cierto, mantener la inc\u00f3gnita hasta el \u00faltimo momento e incluso fue necesario atar con cordones la s\u00e1bana que la ocultaba dado el fuerte viento- fue uno de los momentos m\u00e1s emotivos del acto, en el que tambi\u00e9n se destac\u00f3 la contribuci\u00f3n \u00abm\u00e1s all\u00e1 del deber\u00bb del teniente coronel del Jeapre, \u00c1ngel Tom\u00e9 Carrillo, y la labor desempe\u00f1ada por los polic\u00edas locales Jos\u00e9 Manuel Casta\u00f1eda y Alberto Garc\u00eda, del equipo de Atestados, tras un atropello en el barrio de Arturo Eyries en el que una mujer de 50 a\u00f1os result\u00f3 herida de gravedad y <a href=\"https:\/\/www.elnortedecastilla.es\/valladolid\/cazan-autor-atropello-arturo-eyries-dio-fuga-20250611230420-nt.html\" data-voc-vtm-id=\"in-text-traffic\" title=\"el conductor huy\u00f3 del lugar,\" data-mrf-link=\"www.elnortedecastilla.es\" rel=\"nofollow noopener\" target=\"_blank\">el conductor huy\u00f3 del lugar,<\/a> aunque fue detenido mes y medio despu\u00e9s.<\/p>\n<p class=\"v-p\">El acto en homenaje a las v\u00edctimas de accidentes de tr\u00e1fico, al que asistieron representantes de distintas instituciones, se conmemor\u00f3, como cada a\u00f1o, el tercer domingo de noviembre. Fue una jornada \u00abde memoria y de compromiso colectivo\u00bb, para \u00abrecordar con profundo respeto y acompa\u00f1ar a quienes a\u00fan conviven con sus consecuencias\u00bb, como se refiri\u00f3 el subdelegado del Gobierno en <a href=\"https:\/\/www.elnortedecastilla.es\/valladolid\/\" data-voc-vtm-id=\"in-text-traffic\" title=\"Valladolid\" data-mrf-link=\"www.elnortedecastilla.es\" rel=\"nofollow noopener\" target=\"_blank\">Valladolid<\/a>, Jacinto Canales, quien hizo una \u00abllamada a la responsabilidad colectiva\u00bb tras enumerar las trece v\u00edctimas mortales que se han cobrado las carreteras de la provincia en lo que va de 2025, cuatro m\u00e1s respecto al mismo periodo de 2024. \u00abDe ellos, cinco son motoristas, dos peatones y un ciclista\u00bb, detall\u00f3 el subdelegado.<\/p>\n<p>\nLas carreteras de la provincia se han cobrado la vida de trece personas en lo que va de a\u00f1o, cuatro m\u00e1s respecto al mismo periodo de 2024\n<\/p>\n<p class=\"v-p\">Por su parte, el alcalde, Jes\u00fas Julio Carnero, hizo hincapi\u00e9 en la importancia de que haya en la ciudad un nuevo espacio \u00abpara la memoria, la reflexi\u00f3n y el acompa\u00f1amiento a todas las familias que han sufrido la tragedia de un siniestro vial\u00bb. \u00abEsta escultura simboliza nuestro compromiso con la memoria y la seguridad vial, es un abrazo colectivo; Valladolid nunca olvidar\u00e1 a sus v\u00edctimas\u00bb, asever\u00f3. Adem\u00e1s, el regidor ensalz\u00f3 el trabajo que realizan el agente municipal Aitor Mart\u00ednez y la delegada de Aesleme en Castilla y Le\u00f3n, Mari Paz Gonz\u00e1lez, para <a href=\"https:\/\/www.elnortedecastilla.es\/valladolid\/mejor-dupla-prevencion-accidentes-trafico-valladolid-20241209082454-nt.html\" data-voc-vtm-id=\"in-text-traffic\" title=\"formar en educaci\u00f3n vial a m\u00e1s de 30.000 alumnos\" data-mrf-link=\"www.elnortedecastilla.es\" rel=\"nofollow noopener\" target=\"_blank\">formar en educaci\u00f3n vial a m\u00e1s de 30.000 alumnos<\/a> de la capital desde 2018.<\/p>\n<p class=\"v-p\">Asimismo, remarc\u00f3 el papel del programa municipal &#8216;Entornos Escolares Seguros&#8217; con el que, con el objetivo reforzar la seguridad y \u00abcalmar el tr\u00e1fico en esas zonas\u00bb, ya se ha actuado en cinco centros escolares y se est\u00e1 trabajando en otros tres. Estas intervenciones implicar\u00e1n la creaci\u00f3n de diez nuevos pasos de peatones y cinco pasos peatonales inteligentes. Adem\u00e1s, se mejorar\u00e1 la visibilidad y la accesibilidad en 32 pasos peatonales y se instalar\u00e1n tres radares pedag\u00f3gicos. Tambi\u00e9n se reducir\u00e1 la velocidad a 20 km\/h en siete tramos viarios, entre otras medidas.<\/p>\n<p>\u00abNo son cifras, son vidas truncadas\u00bb<\/p>\n<p class=\"v-p\">En esta ocasi\u00f3n, la lectura del manifiesto corri\u00f3 a cargo precisamente de Mari Paz Gonz\u00e1lez y de Mar\u00eda Eugenia Rayo, de Stop Accidentes. A lo largo de un emotivo discurso, en el que ninguna pudo contener las l\u00e1grimas, alzaron la voz para \u00abreclamar con dignidad, no para recordar con nostalgia\u00bb. \u00abLos siniestros virales no son cifras, son vidas truncadas. Cada muerte en la carretera arranca de ra\u00edz una parte de nuestra sociedad, una familia que queda desgarrada, un hogar que queda mutilado, una comunidad que queda incompleta, un hijo que ya no regresa, una madre que no vuelve a abrazar, un amigo que no llegar\u00e1 a la pr\u00f3xima reuni\u00f3n. El eco de esta p\u00e9rdida no se extingue nunca, permanece en el tiempo, silencioso y persistente, acompa\u00f1ando cada d\u00eda a quienes sobreviven. No queremos excusas cuando hablamos de vidas, no queremos promesas, queremos leyes que protejan. No queremos homenajes vac\u00edos, queremos una justicia preventiva y reeducadora\u00bb, subrayaron las portavoces, que tambi\u00e9n lamentaron que \u00aben Castilla y Le\u00f3n las cifras hablan con una fuerza insoportable\u00bb. <\/p>\n<p class=\"v-p\">\u00abEl 57% de las v\u00edctimas fallecidas en siniestros viales que llevan un veh\u00edculo y sometidas a autopsia presentan alcohol, sustancias o ambas combinadas. Detr\u00e1s de este n\u00famero se esconden decisiones que pudieron ser distintas, vidas que pudieron continuar, proyectos que pudieron cumplirse. Es una realidad que nos interpela como sociedad y reclama responsabilidad colectiva, porque la carretera no es un terreno privado, es un espacio compartido donde cada acto tiene consecuencias\u00bb, sentenciaron.<\/p>\n<p class=\"v-p\">Para apoyar la cita, medio centenar de motoristas recorrieron el centro de Valladolid -partieron desde la plaza del Milenio- en una marcha que sirvi\u00f3 para recordar a los que perdieron la vida en el asfalto. La lluvia intermitente aceler\u00f3 el final del homenaje, que concluy\u00f3 con un respetuoso minuto de silencio y una ofrenda floral en la reci\u00e9n inaugurada escultura. <\/p>\n","protected":false},"excerpt":{"rendered":"La primera vez que le encargaron a la artista catalana Rosa Serra Puigvert (Barcelona, 1944) una escultura para&hellip;\n","protected":false},"author":2,"featured_media":241050,"comment_status":"","ping_status":"","sticky":false,"template":"","format":"standard","meta":{"footnotes":""},"categories":[173],"tags":[5960,229,233,231,230,232,234,146,147,25,1246,24,4520,23,589,1607,431],"class_list":{"0":"post-241049","1":"post","2":"type-post","3":"status-publish","4":"format-standard","5":"has-post-thumbnail","7":"category-arte-y-diseno","8":"tag-accidentes","9":"tag-arte","10":"tag-arte-y-diseno","11":"tag-arts","12":"tag-arts-and-design","13":"tag-design","14":"tag-diseno","15":"tag-entertainment","16":"tag-entretenimiento","17":"tag-es","18":"tag-escultura","19":"tag-espana","20":"tag-inaugura","21":"tag-spain","22":"tag-trafico","23":"tag-valladolid","24":"tag-victimas"},"share_on_mastodon":{"url":"https:\/\/pubeurope.com\/@es\/115565660064124853","error":""},"_links":{"self":[{"href":"https:\/\/www.europesays.com\/es\/wp-json\/wp\/v2\/posts\/241049","targetHints":{"allow":["GET"]}}],"collection":[{"href":"https:\/\/www.europesays.com\/es\/wp-json\/wp\/v2\/posts"}],"about":[{"href":"https:\/\/www.europesays.com\/es\/wp-json\/wp\/v2\/types\/post"}],"author":[{"embeddable":true,"href":"https:\/\/www.europesays.com\/es\/wp-json\/wp\/v2\/users\/2"}],"replies":[{"embeddable":true,"href":"https:\/\/www.europesays.com\/es\/wp-json\/wp\/v2\/comments?post=241049"}],"version-history":[{"count":0,"href":"https:\/\/www.europesays.com\/es\/wp-json\/wp\/v2\/posts\/241049\/revisions"}],"wp:featuredmedia":[{"embeddable":true,"href":"https:\/\/www.europesays.com\/es\/wp-json\/wp\/v2\/media\/241050"}],"wp:attachment":[{"href":"https:\/\/www.europesays.com\/es\/wp-json\/wp\/v2\/media?parent=241049"}],"wp:term":[{"taxonomy":"category","embeddable":true,"href":"https:\/\/www.europesays.com\/es\/wp-json\/wp\/v2\/categories?post=241049"},{"taxonomy":"post_tag","embeddable":true,"href":"https:\/\/www.europesays.com\/es\/wp-json\/wp\/v2\/tags?post=241049"}],"curies":[{"name":"wp","href":"https:\/\/api.w.org\/{rel}","templated":true}]}}