{"id":241055,"date":"2025-11-17T15:09:09","date_gmt":"2025-11-17T15:09:09","guid":{"rendered":"https:\/\/www.europesays.com\/es\/241055\/"},"modified":"2025-11-17T15:09:09","modified_gmt":"2025-11-17T15:09:09","slug":"quedan-4-dias-para-ver-en-netflix-esta-olvidada-pelicula-sobrenatural-dirigida-por-clint-eastwood","status":"publish","type":"post","link":"https:\/\/www.europesays.com\/es\/241055\/","title":{"rendered":"Quedan 4 d\u00edas para ver en Netflix esta olvidada pel\u00edcula sobrenatural, dirigida por Clint Eastwood"},"content":{"rendered":"\n<ul class=\"bodyList bodyList--unordered\">\n<li class=\"bodyList__item\"><strong><a href=\"https:\/\/www.elconfidencial.com\/cultura\/cine\/2025-11-13\/papa-leon-xiv-escoge-4-peliculas-favoritas-1qrt_4246581\/\" target=\"_self\" rel=\"nofollow noopener\">El Papa Le\u00f3n XIV escoge sus 4 pel\u00edculas favoritas del mundo, y son cl\u00e1sicos infalibles<\/a><\/strong><\/li>\n<li class=\"bodyList__item\"><strong>\u00abUno de los western m\u00e1s oscuros\u00bb: <a href=\"https:\/\/www.elconfidencial.com\/cultura\/cine\/2025-06-20\/western-clint-eastwood-netflix-fin-de-semana-1qrt_4155611\/\" target=\"_self\" rel=\"nofollow noopener\">la pel\u00edcula de Clint Eastwood en Netflix que tienes que ver este fin de semana<\/a><\/strong><\/li>\n<\/ul>\n<p> Quedan solo cuatro d\u00edas para que los suscriptores de Netflix puedan volver a descubrir una de las pel\u00edculas m\u00e1s at\u00edpicas de la filmograf\u00eda reciente de <a href=\"https:\/\/www.elconfidencial.com\/cultura\/cine\/2025-06-20\/western-clint-eastwood-netflix-fin-de-semana-1qrt_4155611\/\" target=\"_self\" rel=\"nofollow noopener\">Clint Eastwood<\/a>. Se trata de un drama sobrenatural que entrelaza tragedia,<strong> experiencias cercanas a la muerte<\/strong> y tres vidas marcadas por un mismo interrogante: qu\u00e9 ocurre cuando la realidad se cruza con lo que algunos interpretan como <a href=\"https:\/\/www.elconfidencial.com\/tecnologia\/novaceno\/2023-07-24\/fuente-radio-repetitiva-inexplicable-21-minutos_3705286\/\" target=\"_self\" rel=\"nofollow noopener\">se\u00f1ales del m\u00e1s all\u00e1<\/a>. <\/p>\n<p> La pel\u00edcula es M\u00e1s all\u00e1 de la vida, estrenada en 2010 bajo la direcci\u00f3n, coproducci\u00f3n y<strong> partitura del propio Eastwood<\/strong>. El filme sigue las historias de George, un estadounidense con la capacidad de comunicarse con los muertos; Marie, una periodista francesa que sobrevive al tsunami del oc\u00e9ano \u00cdndico en 2004; y Marcus, un ni\u00f1o brit\u00e1nico que lidia con la p\u00e9rdida m\u00e1s devastadora. <\/p>\n<p>              <img decoding=\"async\" class=\"inTextNews__img\" alt=\"Foto: serie-ciencia-ficcion-10-aniversario-netflix-1qrt\" src=\"https:\/\/www.europesays.com\/es\/wp-content\/uploads\/2025\/11\/f.elconfidencial.com\/original\/757\/1d8\/495\/7571d84955e843242cbff30fdd1b3f16.jpg\"  \/>     <\/p>\n<p>TE PUEDE INTERESAR<\/p>\n<p>      <a class=\"inTextNews__title\" href=\"https:\/\/www.elconfidencial.com\/television\/series-tv\/2025-11-15\/serie-ciencia-ficcion-10-aniversario-netflix-1qrt_4244807\/\" onclick=\"window.ECCO.emit(&#039;amplitude&#039;, { dataEventName: &#039;click_related_article_module&#039;, data: { related_article_url: &#039;https:\/\/www.elconfidencial.com\/television\/series-tv\/2025-11-15\/serie-ciencia-ficcion-10-aniversario-netflix-1qrt_4244807\/&#039;, related_article_author: &#039;Alberto Richart&#039;, related_article_section: &#039;series-tv&#039; } })\" rel=\"nofollow noopener\" target=\"_blank\"> Ha cumplido 10 a\u00f1os y est\u00e1 en Netflix: la serie de ciencia ficci\u00f3n con Miguel \u00c1ngel Silvestre que cautiv\u00f3 a todo el mundo <\/a>   <\/p>\n<p>    A. R.   <\/p>\n<p> <a href=\"https:\/\/www.elconfidencial.com\/espana\/cataluna\/2025-08-12\/matt-damon-visita-barcelona-restaurante-tapas-1qrt_4190330\/\" target=\"_self\" rel=\"nofollow noopener\">Matt Damon<\/a> y C\u00e9cile de France encabezan un reparto en el que tambi\u00e9n destacan los j\u00f3venes Frankie y George McLaren. Lyndsey Marshall y Bryce Dallas Howard completaron el elenco. El guion, firmado por Peter Morgan, <strong>naci\u00f3 como un proyecto independiente<\/strong> antes de pasar a Warner Bros., estudio con el que Eastwood mantiene una colaboraci\u00f3n hist\u00f3rica. <\/p>\n<p> El rodaje se desarroll\u00f3 entre Londres, San Francisco, Par\u00eds y Haw\u00e1i, incorporando en el metraje hechos reales como el <a href=\"https:\/\/www.elconfidencial.com\/sociedad\/2007-06-21\/dos-anos-y-medio-despues-del-tsunami-del-indico-los-supervivientes-siguen-sufriendo-secuelas-mentales_371907\/\" target=\"_self\" rel=\"nofollow noopener\">tsunami de 2004<\/a> o <strong>los atentados de Londres de 2005<\/strong>, que sirven de tel\u00f3n de fondo para una trama que explora el duelo, la culpa y la b\u00fasqueda de respuestas en un mundo que no siempre ofrece certezas. <\/p>\n<p>Tr\u00e1iler de &#8216;M\u00e1s all\u00e1 de la vida&#8217;. (Movieclips)<\/p>\n<p> Aunque la pel\u00edcula tuvo una recepci\u00f3n cr\u00edtica desigual, fue reconocida por su impacto emocional y por el trabajo visual de su secuencia inicial, que le vali\u00f3 una nominaci\u00f3n al Oscar en efectos especiales. Ahora, antes de que desaparezca del cat\u00e1logo de <a href=\"https:\/\/www.elconfidencial.com\/tags\/temas\/peliculas-de-netflix-19496\/\" target=\"_self\" rel=\"nofollow noopener\">Netflix<\/a> <strong>este 21 de noviembre<\/strong>, los suscritos tienen una \u00faltima oportunidad para revisitar un t\u00edtulo que conserva intacta su capacidad de conmover. <\/p>\n","protected":false},"excerpt":{"rendered":"El Papa Le\u00f3n XIV escoge sus 4 pel\u00edculas favoritas del mundo, y son cl\u00e1sicos infalibles \u00abUno de los&hellip;\n","protected":false},"author":2,"featured_media":241056,"comment_status":"","ping_status":"","sticky":false,"template":"","format":"standard","meta":{"footnotes":""},"categories":[169],"tags":[177,146,147,25,24,176,175,23],"class_list":{"0":"post-241055","1":"post","2":"type-post","3":"status-publish","4":"format-standard","5":"has-post-thumbnail","7":"category-cine","8":"tag-cine","9":"tag-entertainment","10":"tag-entretenimiento","11":"tag-es","12":"tag-espana","13":"tag-film","14":"tag-movies","15":"tag-spain"},"share_on_mastodon":{"url":"https:\/\/pubeurope.com\/@es\/115565675975156249","error":""},"_links":{"self":[{"href":"https:\/\/www.europesays.com\/es\/wp-json\/wp\/v2\/posts\/241055","targetHints":{"allow":["GET"]}}],"collection":[{"href":"https:\/\/www.europesays.com\/es\/wp-json\/wp\/v2\/posts"}],"about":[{"href":"https:\/\/www.europesays.com\/es\/wp-json\/wp\/v2\/types\/post"}],"author":[{"embeddable":true,"href":"https:\/\/www.europesays.com\/es\/wp-json\/wp\/v2\/users\/2"}],"replies":[{"embeddable":true,"href":"https:\/\/www.europesays.com\/es\/wp-json\/wp\/v2\/comments?post=241055"}],"version-history":[{"count":0,"href":"https:\/\/www.europesays.com\/es\/wp-json\/wp\/v2\/posts\/241055\/revisions"}],"wp:featuredmedia":[{"embeddable":true,"href":"https:\/\/www.europesays.com\/es\/wp-json\/wp\/v2\/media\/241056"}],"wp:attachment":[{"href":"https:\/\/www.europesays.com\/es\/wp-json\/wp\/v2\/media?parent=241055"}],"wp:term":[{"taxonomy":"category","embeddable":true,"href":"https:\/\/www.europesays.com\/es\/wp-json\/wp\/v2\/categories?post=241055"},{"taxonomy":"post_tag","embeddable":true,"href":"https:\/\/www.europesays.com\/es\/wp-json\/wp\/v2\/tags?post=241055"}],"curies":[{"name":"wp","href":"https:\/\/api.w.org\/{rel}","templated":true}]}}