{"id":241059,"date":"2025-11-17T15:11:08","date_gmt":"2025-11-17T15:11:08","guid":{"rendered":"https:\/\/www.europesays.com\/es\/241059\/"},"modified":"2025-11-17T15:11:08","modified_gmt":"2025-11-17T15:11:08","slug":"los-oncologos-andaluces-destacan-el-aumento-de-los-casos-de-cancer-de-pulmon-en-personas-no-fumadoras-y-piden-reforzar-la-prevencion-ambiental-la-deteccion-precoz-y-el-acceso-a-terapias-innovadoras-e","status":"publish","type":"post","link":"https:\/\/www.europesays.com\/es\/241059\/","title":{"rendered":"Los onc\u00f3logos andaluces destacan el aumento de los casos de c\u00e1ncer de pulm\u00f3n en personas no fumadoras y piden reforzar la prevenci\u00f3n ambiental, la detecci\u00f3n precoz y el acceso a terapias innovadoras en toda Andaluc\u00eda"},"content":{"rendered":"<p class=\"has-black-color has-text-color has-link-color wp-elements-5a1d0a3790b1023e9e66d4f9b104eed0\">Con motivo del D\u00eda Mundial contra el C\u00e1ncer de Pulm\u00f3n, que se conmemora cada 17 de noviembre, la <a href=\"https:\/\/www.saom.es\/\" target=\"_blank\" rel=\"noreferrer noopener nofollow\">Sociedad Andaluza de Oncolog\u00eda M\u00e9dica (SAOM)<\/a> quiere llamar la atenci\u00f3n sobre un fen\u00f3meno creciente y a\u00fan poco visible: el aumento sostenido de los casos de c\u00e1ncer de pulm\u00f3n en personas que nunca han fumado. Esta tendencia, observada tanto en la pr\u00e1ctica cl\u00ednica como en los registros auton\u00f3micos y nacionales, obliga a ampliar el enfoque de la prevenci\u00f3n y el diagn\u00f3stico precoz de este tumor m\u00e1s all\u00e1 de su tradicional vinculaci\u00f3n con el tabaquismo.<\/p>\n<p class=\"has-black-color has-text-color has-link-color wp-elements-cc680e7253601bc25e459bfea1789e35\">El c\u00e1ncer de pulm\u00f3n sigue siendo la primera causa de muerte por c\u00e1ncer en Andaluc\u00eda y en Espa\u00f1a, responsable de aproximadamente el 20 % de los fallecimientos oncol\u00f3gicos y con cerca de 3.000 nuevos diagn\u00f3sticos anuales en la comunidad andaluza, seg\u00fan estimaciones de la Red Espa\u00f1ola de Registros de C\u00e1ncer (REDECAN). Aunque el tabaco contin\u00faa siendo el principal factor de riesgo, presente en alrededor del 80 % de los casos, los onc\u00f3logos advierten de que hasta uno de cada cinco diagn\u00f3sticos ya se produce en personas no fumadoras, con un perfil que, adem\u00e1s, difiere del cl\u00e1sico: mayor incidencia en mujeres, pacientes m\u00e1s j\u00f3venes y tumores con caracter\u00edsticas moleculares espec\u00edficas.<\/p>\n<p class=\"has-black-color has-text-color has-link-color wp-elements-0413a68922e6b746c2196b3133b9b901\">\u00abEl c\u00e1ncer de pulm\u00f3n en personas no fumadoras no es una excepci\u00f3n ni una rareza cl\u00ednica. Es una realidad creciente que exige pol\u00edticas de salud p\u00fablica adaptadas, mayor investigaci\u00f3n y una mirada distinta sobre las causas y v\u00edas de prevenci\u00f3n de la enfermedad\u00bb, subraya el Dr. Jes\u00fas Corral, presidente de la SAOM.<\/p>\n<p><strong>M\u00e1s all\u00e1 del tabaco: factores ambientales, gen\u00e9ticos y laborales<\/strong><\/p>\n<p class=\"has-black-color has-text-color has-link-color wp-elements-4fea3921d349b4d35f2905f2b4561b04\">Entre los factores de riesgo no asociados al consumo de tabaco, los onc\u00f3logos destacan la exposici\u00f3n prolongada a contaminantes atmosf\u00e9ricos urbanos e industriales, el gas rad\u00f3n (presente de forma natural en suelos gran\u00edticos y en viviendas poco ventiladas), as\u00ed como determinadas exposiciones laborales (asbestos, s\u00edlice, hidrocarburos arom\u00e1ticos o disolventes). En los \u00faltimos a\u00f1os, la investigaci\u00f3n molecular ha identificado tambi\u00e9n alteraciones gen\u00e9ticas espec\u00edficas, como mutaciones en los genes EGFR, ALK o ROS1, mucho m\u00e1s frecuentes en pacientes no fumadores, y que condicionan tanto la evoluci\u00f3n de la enfermedad como la respuesta al tratamiento.<\/p>\n<p class=\"has-black-color has-text-color has-link-color wp-elements-3f0e30603681bc13b652f6ed8c4824bb\">\u00abComprender los mecanismos que provocan el c\u00e1ncer de pulm\u00f3n en personas no fumadoras es clave para avanzar en su prevenci\u00f3n. Sabemos que hay un componente ambiental y otro gen\u00e9tico, y por tanto la respuesta debe combinar vigilancia, pol\u00edticas de salud p\u00fablica y acceso a estudios moleculares en todos los hospitales andaluces\u00bb, a\u00f1ade el Dr. Corral.<\/p>\n<p><strong>Prevenci\u00f3n y diagn\u00f3stico precoz: el reto de detectar a tiempo<\/strong><\/p>\n<p class=\"has-black-color has-text-color has-link-color wp-elements-cc3252a32a1d121bf9c8d2aa8212b26b\">A pesar de los avances terap\u00e9uticos, m\u00e1s del 60% de los diagn\u00f3sticos en Andaluc\u00eda se producen en fases avanzadas, cuando las opciones curativas son limitadas. Por ello, la SAOM insiste en que el gran reto sigue siendo la detecci\u00f3n temprana. El desarrollo de programas de cribado con TAC de baja dosis en poblaci\u00f3n de riesgo ha demostrado reducir significativamente la mortalidad en pa\u00edses donde ya se aplica de forma sistem\u00e1tica.<\/p>\n<p class=\"has-black-color has-text-color has-link-color wp-elements-a26682c6906d8f75eef015d6b4f82114\">La SAOM pide que estos programas se implanten de manera homog\u00e9nea en toda Andaluc\u00eda, coordinados desde los servicios de oncolog\u00eda m\u00e9dica y con la participaci\u00f3n de Atenci\u00f3n Primaria, neumolog\u00eda y radiolog\u00eda. Del mismo modo, considera urgente mejorar los circuitos de acceso a pruebas diagn\u00f3sticas, especialmente en entornos rurales o en provincias con menor dotaci\u00f3n tecnol\u00f3gica, para evitar retrasos en la identificaci\u00f3n de casos sospechosos.<\/p>\n<p class=\"has-black-color has-text-color has-link-color wp-elements-f625caf8cbd67933e668ea2ac053fe06\">\u00abLos s\u00edntomas iniciales del c\u00e1ncer de pulm\u00f3n (tos persistente, disnea leve, p\u00e9rdida de peso o cansancio) suelen confundirse con afecciones respiratorias menores. Una atenci\u00f3n primaria sensibilizada y circuitos \u00e1giles hacia el diagn\u00f3stico especializado pueden marcar la diferencia entre un tumor curable y una enfermedad avanzada\u00bb, explica el presidente de la SAOM.<\/p>\n<p><strong>Innovaci\u00f3n terap\u00e9utica y equidad territorial<\/strong><\/p>\n<p class=\"has-black-color has-text-color has-link-color wp-elements-b0371b9dae0f72cb40ee14ec3a34daf3\">La introducci\u00f3n de terapias dirigidas e inmunoterapia ha transformado el pron\u00f3stico de muchos pacientes con c\u00e1ncer de pulm\u00f3n, incluso en estadios metast\u00e1sicos. Sin embargo, la SAOM recuerda que la equidad en el acceso a estos tratamientos sigue siendo una prioridad. Reclama que todos los hospitales andaluces cuenten con comit\u00e9s moleculares multidisciplinares y laboratorios de diagn\u00f3stico gen\u00f3mico capaces de ofrecer resultados r\u00e1pidos y precisos, condici\u00f3n indispensable para seleccionar el tratamiento m\u00e1s eficaz en cada caso.<\/p>\n<p><strong>Una visi\u00f3n integral: salud p\u00fablica, medio ambiente y calidad del aire<\/strong><\/p>\n<p class=\"has-black-color has-text-color has-link-color wp-elements-12fb4af6ef17f1dc8faae330777e66d0\">Asimismo, desde la SAOM insta tambi\u00e9n a incorporar la perspectiva medioambiental en las estrategias de lucha contra el c\u00e1ncer de pulm\u00f3n. Numerosos estudios han confirmado que la exposici\u00f3n prolongada a part\u00edculas finas (PM2.5) y di\u00f3xido de nitr\u00f3geno aumenta el riesgo de desarrollar esta enfermedad incluso en no fumadores. Por ello, el control de la calidad del aire, la reducci\u00f3n de emisiones industriales y del tr\u00e1fico urbano, y las medidas de ventilaci\u00f3n en viviendas con rad\u00f3n deben considerarse parte de las pol\u00edticas preventivas del c\u00e1ncer.<\/p>\n<p class=\"has-black-color has-text-color has-link-color wp-elements-f07b7a05b0a31343db8e9898ece322a5\">\u00abHablar de c\u00e1ncer de pulm\u00f3n no es solo hablar de tabaco: es hablar tambi\u00e9n de contaminaci\u00f3n, de condiciones laborales seguras, de investigaci\u00f3n y de equidad sanitaria. Andaluc\u00eda tiene el conocimiento y los recursos profesionales para avanzar, pero necesitamos m\u00e1s coordinaci\u00f3n y compromiso institucional\u00bb, concluye el presidente de la SAOM.<\/p>\n","protected":false},"excerpt":{"rendered":"Con motivo del D\u00eda Mundial contra el C\u00e1ncer de Pulm\u00f3n, que se conmemora cada 17 de noviembre, la&hellip;\n","protected":false},"author":2,"featured_media":241060,"comment_status":"","ping_status":"","sticky":false,"template":"","format":"standard","meta":{"footnotes":""},"categories":[92],"tags":[259,19733,6594,25,24,165,3613,60800,166,23],"class_list":{"0":"post-241059","1":"post","2":"type-post","3":"status-publish","4":"format-standard","5":"has-post-thumbnail","7":"category-salud","8":"tag-andalucia","9":"tag-cancer-de-pulmon","10":"tag-dia-mundial","11":"tag-es","12":"tag-espana","13":"tag-health","14":"tag-oncologia","15":"tag-oncologos","16":"tag-salud","17":"tag-spain"},"share_on_mastodon":{"url":"https:\/\/pubeurope.com\/@es\/115565683741423560","error":""},"_links":{"self":[{"href":"https:\/\/www.europesays.com\/es\/wp-json\/wp\/v2\/posts\/241059","targetHints":{"allow":["GET"]}}],"collection":[{"href":"https:\/\/www.europesays.com\/es\/wp-json\/wp\/v2\/posts"}],"about":[{"href":"https:\/\/www.europesays.com\/es\/wp-json\/wp\/v2\/types\/post"}],"author":[{"embeddable":true,"href":"https:\/\/www.europesays.com\/es\/wp-json\/wp\/v2\/users\/2"}],"replies":[{"embeddable":true,"href":"https:\/\/www.europesays.com\/es\/wp-json\/wp\/v2\/comments?post=241059"}],"version-history":[{"count":0,"href":"https:\/\/www.europesays.com\/es\/wp-json\/wp\/v2\/posts\/241059\/revisions"}],"wp:featuredmedia":[{"embeddable":true,"href":"https:\/\/www.europesays.com\/es\/wp-json\/wp\/v2\/media\/241060"}],"wp:attachment":[{"href":"https:\/\/www.europesays.com\/es\/wp-json\/wp\/v2\/media?parent=241059"}],"wp:term":[{"taxonomy":"category","embeddable":true,"href":"https:\/\/www.europesays.com\/es\/wp-json\/wp\/v2\/categories?post=241059"},{"taxonomy":"post_tag","embeddable":true,"href":"https:\/\/www.europesays.com\/es\/wp-json\/wp\/v2\/tags?post=241059"}],"curies":[{"name":"wp","href":"https:\/\/api.w.org\/{rel}","templated":true}]}}