{"id":241067,"date":"2025-11-17T15:15:14","date_gmt":"2025-11-17T15:15:14","guid":{"rendered":"https:\/\/www.europesays.com\/es\/241067\/"},"modified":"2025-11-17T15:15:14","modified_gmt":"2025-11-17T15:15:14","slug":"como-es-la-derecha-que-representa-jose-antonio-kast-en-chile-y-como-se-compara-con-la-de-trump-milei-y-bukele","status":"publish","type":"post","link":"https:\/\/www.europesays.com\/es\/241067\/","title":{"rendered":"C\u00f3mo es la derecha que representa Jos\u00e9 Antonio Kast en Chile (y c\u00f3mo se compara con la de Trump, Milei y Bukele)"},"content":{"rendered":"<p><img fetchpriority=\"high\" decoding=\"async\" src=\"https:\/\/www.europesays.com\/es\/wp-content\/uploads\/2025\/11\/f5113290-c38f-11f0-b361-a5e2400a8ebf.jpg.webp.webp\"   alt=\"Kast ondea una bandera chilena luego de conocer los resultados de la primera vuelta de las presidenciales del domingo.\" loading=\"eager\" width=\"946\" height=\"533\" style=\"aspect-ratio:946 \/ 533\" class=\"css-4ejld5\"\/><\/p>\n<p class=\"css-by8ykd\" role=\"text\">Fuente de la imagen, MARVIN RECINOS\/AFP via Getty Images<\/p>\n<p>Pie de foto, El derechista Kast intentar\u00e1 por tercera vez hacerse con la presidencia de Chile.<strong id=\"article-byline\" aria-hidden=\"true\" class=\"css-m04vo2\">Informaci\u00f3n del art\u00edculo<\/strong><\/p>\n<p dir=\"ltr\" class=\"css-1qucyee e17g058b0\"><b>El pasaje de Jos\u00e9 Antonio Kast al balotaje presidencial de Chile ha revivido una cuesti\u00f3n trascendental para este pa\u00eds: \u00bfqu\u00e9 tipo de derecha representa exactamente su figura?<\/b><\/p>\n<p dir=\"ltr\" class=\"css-1qucyee e17g058b0\">Desde hace tiempo, la derecha de Kast suele ser ubicada en el espectro ideol\u00f3gico chileno con las etiquetas de \u00abultra\u00bb o \u00abextrema\u00bb, para diferenciarla del conservadurismo tradicional de su pa\u00eds.<\/p>\n<p dir=\"ltr\" class=\"css-1qucyee e17g058b0\">No obstante, este abogado de 59 a\u00f1os ha rechazado esos adjetivos en distintas ocasiones.<\/p>\n<p dir=\"ltr\" class=\"css-1qucyee e17g058b0\">\u00abAlgunos dicen que soy extremo. Y siempre les pregunto: \u00bfextremo en qu\u00e9?\u00bb, dijo Kast en 2021, cuando tambi\u00e9n alcanz\u00f3 el balotaje y fue derrotado por el actual presidente izquierdista de Chile, Gabriel Boric.<\/p>\n<p dir=\"ltr\" class=\"css-1qucyee e17g058b0\">Esta vez, Kast enfrentar\u00e1 en la segunda vuelta del 14 de diciembre a la comunista Jeannette Jara, que el domingo obtuvo casi 27% de los votos como candidata del oficialismo y lo super\u00f3 por cerca de tres puntos porcentuales.<\/p>\n<p dir=\"ltr\" class=\"css-1qucyee e17g058b0\">Kast tambi\u00e9n tiene afinidades claras con presidentes que han transformado de forma radical las derechas de sus pa\u00edses, como el estadounidense Donald Trump, el argentino Javier Milei o el salvadore\u00f1o Nayib Bukele.<\/p>\n<p dir=\"ltr\" class=\"css-1qucyee e17g058b0\">Pero guarda algunas diferencias importantes con cada uno de ellos.<\/p>\n<p dir=\"ltr\" class=\"css-1qucyee e17g058b0\">De hecho, el Kast de esta campa\u00f1a ni siquiera se parece del todo al Kast de la elecci\u00f3n pasada, aunque mantenga intactas sus convicciones pol\u00edticas y religiosas.<\/p>\n<p dir=\"ltr\" class=\"css-1qucyee e17g058b0\">Entonces, \u00bfhasta qu\u00e9 punto lidera una derecha diferente a la que gobern\u00f3 Chile en el pasado?<\/p>\n<p>\u00abM\u00e1s a la derecha\u00bb<\/p>\n<p dir=\"ltr\" class=\"css-1qucyee e17g058b0\">El propio Kast se ha encargado de ubicarse m\u00e1s a la derecha del \u00faltimo presidente conservador chileno, Sebasti\u00e1n Pi\u00f1era, quien gobern\u00f3 en dos mandatos (2010-2014 y 2008-2022) y muri\u00f3 el a\u00f1o pasado.<\/p>\n<p dir=\"ltr\" class=\"css-1qucyee e17g058b0\">Las de Pi\u00f1era \u00aberan nuestras ideas, pero muy, muy licuadas\u00bb, dijo Kast en enero a la emisora ADN Chile.<\/p>\n<p dir=\"ltr\" class=\"css-1qucyee e17g058b0\">Pi\u00f1era tuvo el apoyo de los partidos de derecha para ser el primer presidente conservador de Chile desde el retorno a la democracia en 1990, tras cuatro gobiernos de centroizquierda, pero tambi\u00e9n tuvo discrepancias de fondo con los sectores que hoy representa Kast.<\/p>\n<p dir=\"ltr\" class=\"css-1qucyee e17g058b0\">Por ejemplo, Pi\u00f1era recordaba que vot\u00f3 contra el dictador Augusto Pinochet en el plebiscito de 1988 que permiti\u00f3 la vuelta a la democracia en el pa\u00eds.<\/p>\n<p dir=\"ltr\" class=\"css-1qucyee e17g058b0\">Kast, en cambio, apoy\u00f3 en ese momento la opci\u00f3n a favor de la continuidad de Pinochet y ha destacado diferentes aspectos de ese r\u00e9gimen militar que tortur\u00f3 y asesin\u00f3 a miles de personas.<\/p>\n<p dir=\"ltr\" class=\"css-1qucyee e17g058b0\">Si bien ha negado respaldar esas violaciones de derechos humanos, en el pasado sostuvo que Pinochet habr\u00eda votado por \u00e9l si estuviera vivo.<\/p>\n<p dir=\"ltr\" class=\"css-1qucyee e17g058b0\">\u00abKast viene del n\u00facleo m\u00e1s a la derecha de lo que se llama en Chile la derecha tradicional, que es una derecha que no ha tenido credenciales muy democr\u00e1ticas: es la derecha que respald\u00f3 a Pinochet\u00bb, sostiene Claudia Heiss, profesora de ciencia pol\u00edtica en la Universidad de Chile.<\/p>\n<p dir=\"ltr\" class=\"css-1qucyee e17g058b0\">Agrega que el candidato se distanci\u00f3 de los conservadores que se volvieron m\u00e1s pragm\u00e1ticos y moderados al cogobernar o participar de acuerdos pol\u00edticos tras el retorno a la democracia.<\/p>\n<p><img decoding=\"async\" src=\"https:\/\/www.europesays.com\/es\/wp-content\/uploads\/2025\/11\/f88443d0-c390-11f0-ae46-bd64331f0fd4.jpg.webp.webp\"   alt=\"Retrato de Sebasti\u00e1n Pi\u00f1era en un jard\u00edn, luego de dar un discurso en 2021\" loading=\"lazy\" width=\"1024\" height=\"683\" style=\"aspect-ratio:1024 \/ 683\" class=\"css-4ejld5\"\/><\/p>\n<p class=\"css-by8ykd\" role=\"text\">Fuente de la imagen, AFP via Getty Images<\/p>\n<p>Pie de foto, Kast ha asegurado que se encuentra m\u00e1s a la derecha que el fallecido Sebasti\u00e1n Pi\u00f1era, el \u00faltimo presidente conservador de Chile.<\/p>\n<p dir=\"ltr\" class=\"css-1qucyee e17g058b0\">Kast tambi\u00e9n busc\u00f3 ser electo presidente en las elecciones de 2017, pero sac\u00f3 apenas 8% de los votos.<\/p>\n<p dir=\"ltr\" class=\"css-1qucyee e17g058b0\">Su desempe\u00f1o electoral mejor\u00f3 tras la ola de protestas que sacudi\u00f3 a Chile durante el segundo mandato de Pi\u00f1era, que llevar\u00eda a intentos fallidos de reformar la Constituci\u00f3n aprobada bajo el r\u00e9gimen de Pinochet.<\/p>\n<p dir=\"ltr\" class=\"css-1qucyee e17g058b0\">\u00abKast y su Partido Republicano nacieron como respuesta al estallido social y los procesos constituyentes, donde \u00e9l pudo presentarse como una derecha pura que no est\u00e1 dispuesta a negociar con el centro y la izquierda\u00bb, dice Heiss a BBC Mundo.<\/p>\n<p>\u00abConservador, nacionalista y populista\u00bb<\/p>\n<p dir=\"ltr\" class=\"css-1qucyee e17g058b0\">Vinculado al movimiento cat\u00f3lico Schoenstatt, Kast tambi\u00e9n ha defendido posturas conservadoras en temas sociales.<\/p>\n<p dir=\"ltr\" class=\"css-1qucyee e17g058b0\">Por ejemplo, se manifest\u00f3 contrario al matrimonio del mismo sexo o del aborto incluso en los casos de violaci\u00f3n que contempla la ley chilena.<\/p>\n<p dir=\"ltr\" class=\"css-1qucyee e17g058b0\">Pero a diferencia lo que ocurri\u00f3 en las elecciones de 2021, Kast ha evitado polemizar sobre esos temas durante la actual campa\u00f1a, para concentrarse en asuntos de seguridad p\u00fablica y migraci\u00f3n.<\/p>\n<p dir=\"ltr\" class=\"css-1qucyee e17g058b0\">Algunos creen que esto responde a un mero c\u00e1lculo electoral antes que a un esfuerzo de moderaci\u00f3n: sus posturas sobre temas de g\u00e9nero le habr\u00eda costado votos sobre todo de mujeres, los cuales necesita para ganar.<\/p>\n<p><img decoding=\"async\" src=\"https:\/\/www.europesays.com\/es\/wp-content\/uploads\/2025\/11\/69ba3d60-c392-11f0-8669-5560f5c90fbe.jpg.webp.webp\"   alt=\"Un retrato del general Augusto Pinochet en 1997, vestido de uniforme militar y con capa.\" loading=\"lazy\" width=\"1024\" height=\"860\" style=\"aspect-ratio:1024 \/ 860\" class=\"css-4ejld5\"\/><\/p>\n<p class=\"css-by8ykd\" role=\"text\">Fuente de la imagen, CRIS BOURONCLE\/AFP via Getty Images<\/p>\n<p>Pie de foto, El pol\u00edtico ha defendido el legado econ\u00f3mico de la dictadura de Pinochet y ha asegurado que el general votar\u00eda por \u00e9l si viviera.<\/p>\n<p dir=\"ltr\" class=\"css-1qucyee e17g058b0\">Pero otros tambi\u00e9n descartan que Kast buscar\u00eda imponer desde el gobierno sus puntos de vista sobre esos asuntos sin modificar la legislaci\u00f3n vigente.<\/p>\n<p dir=\"ltr\" class=\"css-1qucyee e17g058b0\">\u00abSe declara cat\u00f3lico, apost\u00f3lico romano, pero no va a ir en contra de las leyes que han sido aprobadas por el Congreso y han sido motivo de un largo debate\u00bb, dice Guillermo Holzmann, un analista pol\u00edtico chileno, a BBC Mundo.<\/p>\n<p dir=\"ltr\" class=\"css-1qucyee e17g058b0\">A su juicio, \u00abhay tres palabras que de alguna forma permiten definirlo (a Kast): es conservador, nacionalista y populista\u00bb.<\/p>\n<p dir=\"ltr\" class=\"css-1qucyee e17g058b0\">El nacionalismo de Kast, explica, se observa en su discurso contra la inmigraci\u00f3n irregular, con semejanzas al de Trump incluso en sus propuestas de colocar barreras fronterizas para evitar el paso de extranjeros indocumentados.<\/p>\n<p dir=\"ltr\" class=\"css-1qucyee e17g058b0\">Seg\u00fan Holzmann, el populismo de Kast se vislumbra en promesas que formula sin explicar c\u00f3mo las piensa llevar a cabo, como la de instalar un \u00abgobierno de emergencia\u00bb enfocado en temas migratorios y seguridad p\u00fablica.<\/p>\n<p dir=\"ltr\" class=\"css-1qucyee e17g058b0\">Chile tiene tasas de violencia y homicidios inferiores a otros pa\u00edses de la regi\u00f3n, pero la inseguridad es la mayor preocupaci\u00f3n de sus ciudadanos, seg\u00fan encuestas.<\/p>\n<p dir=\"ltr\" class=\"css-1qucyee e17g058b0\">Kast ha reivindicado el modelo de \u00abmano dura\u00bb de Bukele en El Salvador y el a\u00f1o pasado visit\u00f3 como referencia una megac\u00e1rcel en este pa\u00eds que ha sido objeto de varias denuncias de abusos.<\/p>\n<p dir=\"ltr\" class=\"css-1qucyee e17g058b0\">Tambi\u00e9n promete un fuerte ajuste fiscal de US$6.000 millones en 18 meses, que genera dudas sobre su viabilidad y comparaciones con la agenda econ\u00f3mica de reducci\u00f3n del Estado que Milei impulsa en Argentina.<\/p>\n<p><img decoding=\"async\" src=\"https:\/\/www.europesays.com\/es\/wp-content\/uploads\/2025\/11\/6a2fc610-c393-11f0-ae46-bd64331f0fd4.jpg.webp.webp\"   alt=\"Trump apunta a una soriente Meloni durante la reuni\u00f3n que ambos mantuvieron en la Casa Blanca en abril de 2025.\" loading=\"lazy\" width=\"1024\" height=\"581\" style=\"aspect-ratio:1024 \/ 581\" class=\"css-4ejld5\"\/><\/p>\n<p class=\"css-by8ykd\" role=\"text\">Fuente de la imagen, Win McNamee\/Getty Images<\/p>\n<p>Pie de foto, Kast se ha ubicado en la misma esfera pol\u00edtica a la que pertenecen la primera ministra de Italia, Georgia Meloni; y el presidente de EE.UU., Donald Trump.<\/p>\n<p>\u00abNuestras ideas\u00bb<\/p>\n<p dir=\"ltr\" class=\"css-1qucyee e17g058b0\">El propio Kast se ha ubicado en la misma familia ideol\u00f3gica de Trump, Milei o Giorgia Meloni, la primera ministra italiana de cuyo partido Fratelli d&#8217;Italia (Hermanos de Italia) apel\u00f3 a un lema usado en la dictadura fascista de Benito Mussolini: \u00abDios, patria, familia\u00bb.<\/p>\n<p dir=\"ltr\" class=\"css-1qucyee e17g058b0\">\u00abNuestras ideas ya ganaron: ganaron en Estados Unidos, en Italia, en Argentina\u00bb, dijo Kast en la entrevista con ADN Chile este a\u00f1o.<\/p>\n<p dir=\"ltr\" class=\"css-1qucyee e17g058b0\">El candidato chileno ha asistido a foros internacionales de ultraderecha como la Conferencia de Acci\u00f3n Pol\u00edtica Conservadora (CPAC) y presidi\u00f3 la red Political Network for Values, que muchos tambi\u00e9n consideran una red de posiciones extremas.<\/p>\n<p dir=\"ltr\" class=\"css-1qucyee e17g058b0\">Un punto donde convergen estas derechas es su sentimiento anti izquierda, dice Holzmann.<\/p>\n<p dir=\"ltr\" class=\"css-1qucyee e17g058b0\">Pero se\u00f1ala que, a diferencia de otros l\u00edderes con los que suele ser asociado, Kast tiene una trayectoria pol\u00edtica de d\u00e9cadas en la que fue concejal y diputado, reconoci\u00f3 sus derrotas electorales del pasado y evita insultar a sus adversarios.<\/p>\n<p dir=\"ltr\" class=\"css-1qucyee e17g058b0\">\u00abNunca ha tenido la intenci\u00f3n de denostar o afectar o faltarle el respeto a los adversarios\u00bb, destaca Rodrigo P\u00e9rez Stiepovic, un abogado amigo de Kast desde sus tiempos universitarios.<\/p>\n<p dir=\"ltr\" class=\"css-1qucyee e17g058b0\">En cambio, la polit\u00f3loga Heiss cree que Kast tiene una \u00abvisi\u00f3n maniquea que es un riesgo para la democracia, incluso mayor porque lo dice con toda tranquilidad, bien vestido, pareciendo una persona del establishment\u00bb.<\/p>\n<p><img decoding=\"async\" src=\"https:\/\/www.europesays.com\/es\/wp-content\/uploads\/2025\/11\/d69199c0-c37d-11f0-8669-5560f5c90fbe.png.webp.webp\"   alt=\"L\u00ednea gris\" loading=\"lazy\" width=\"800\" height=\"100\" style=\"aspect-ratio:800 \/ 100\" class=\"css-4ejld5\"\/><\/p>\n<p dir=\"ltr\" class=\"css-1qucyee e17g058b0\"><a href=\"https:\/\/www.bbc.com\/mundo\/send\/u184973209\" class=\"focusIndicatorReducedWidth css-n8oauk e1p3sufg0\" rel=\"nofollow noopener\" target=\"_blank\">Suscr\u00edbete aqu\u00ed<\/a> a nuestro nuevo newsletter para recibir cada viernes una selecci\u00f3n de nuestro mejor contenido de la semana.<\/p>\n<p dir=\"ltr\" class=\"css-1qucyee e17g058b0\">Y recuerda que puedes recibir notificaciones en nuestra app. Descarga la \u00faltima versi\u00f3n y act\u00edvalas.<\/p>\n","protected":false},"excerpt":{"rendered":"Fuente de la imagen, MARVIN RECINOS\/AFP via Getty Images Pie de foto, El derechista Kast intentar\u00e1 por tercera&hellip;\n","protected":false},"author":2,"featured_media":241068,"comment_status":"","ping_status":"","sticky":false,"template":"","format":"standard","meta":{"footnotes":""},"categories":[42],"tags":[17,18,13,14,11,61,62,63,64,19,20,9,10,15,16,12,21,22,65,66,67],"class_list":{"0":"post-241067","1":"post","2":"type-post","3":"status-publish","4":"format-standard","5":"has-post-thumbnail","7":"category-internacional","8":"tag-breaking-news","9":"tag-breakingnews","10":"tag-featured-news","11":"tag-featurednews","12":"tag-headlines","13":"tag-internacional","14":"tag-international","15":"tag-international-news","16":"tag-internationalnews","17":"tag-latest-news","18":"tag-latestnews","19":"tag-news","20":"tag-noticias","21":"tag-noticias-destacadas","22":"tag-noticiasdestacadas","23":"tag-titulares","24":"tag-ultimas-noticias","25":"tag-ultimasnoticias","26":"tag-world","27":"tag-world-news","28":"tag-worldnews"},"share_on_mastodon":{"url":"","error":""},"_links":{"self":[{"href":"https:\/\/www.europesays.com\/es\/wp-json\/wp\/v2\/posts\/241067","targetHints":{"allow":["GET"]}}],"collection":[{"href":"https:\/\/www.europesays.com\/es\/wp-json\/wp\/v2\/posts"}],"about":[{"href":"https:\/\/www.europesays.com\/es\/wp-json\/wp\/v2\/types\/post"}],"author":[{"embeddable":true,"href":"https:\/\/www.europesays.com\/es\/wp-json\/wp\/v2\/users\/2"}],"replies":[{"embeddable":true,"href":"https:\/\/www.europesays.com\/es\/wp-json\/wp\/v2\/comments?post=241067"}],"version-history":[{"count":0,"href":"https:\/\/www.europesays.com\/es\/wp-json\/wp\/v2\/posts\/241067\/revisions"}],"wp:featuredmedia":[{"embeddable":true,"href":"https:\/\/www.europesays.com\/es\/wp-json\/wp\/v2\/media\/241068"}],"wp:attachment":[{"href":"https:\/\/www.europesays.com\/es\/wp-json\/wp\/v2\/media?parent=241067"}],"wp:term":[{"taxonomy":"category","embeddable":true,"href":"https:\/\/www.europesays.com\/es\/wp-json\/wp\/v2\/categories?post=241067"},{"taxonomy":"post_tag","embeddable":true,"href":"https:\/\/www.europesays.com\/es\/wp-json\/wp\/v2\/tags?post=241067"}],"curies":[{"name":"wp","href":"https:\/\/api.w.org\/{rel}","templated":true}]}}