{"id":241078,"date":"2025-11-17T15:29:09","date_gmt":"2025-11-17T15:29:09","guid":{"rendered":"https:\/\/www.europesays.com\/es\/241078\/"},"modified":"2025-11-17T15:29:09","modified_gmt":"2025-11-17T15:29:09","slug":"la-desesperacion-de-kim-kardashian-mientras-prepara-su-examen-para-convertirse-en-abogada","status":"publish","type":"post","link":"https:\/\/www.europesays.com\/es\/241078\/","title":{"rendered":"La desesperaci\u00f3n de Kim Kardashian mientras prepara su examen para convertirse en abogada"},"content":{"rendered":"<p class=\"v-mdl-ath__p v-mdl-ath__p--6\">\nLunes, 17 de noviembre 2025, 14:14<\/p>\n<p class=\"v-p\">Kim Kardashian ha querido hacer part\u00edcipe a sus seguidores de todo el tiempo y esfuerzo que ha dedicado a preparar el examen de abogac\u00eda de California (BAR) que finalmente suspendi\u00f3 con un v\u00eddeo en la que se le puede ver desesperada llorando ante la ingente tarea. \u00abEstoy tan cansada, y es como si cada vez que siento que doy un paso adelante, algo sucede para intentar impedirme seguir\u00bb, se lamenta. \u00abUna parte de m\u00ed quiere parar. Siento que mi cerebro va a explotar\u00bb, dice. <\/p>\n<p class=\"v-p\">El pasado 7 de noviembre, Kim conoci\u00f3 que no hab\u00eda superado la prueba, una noticia \u00abdecepcionante\u00bb para la empresaria, pero que \u00abno es el final\u00bb, asegura, decidida a seguir intent\u00e1ndolo. Eso s\u00ed, ha querido contar todo el trabajo que hay detr\u00e1s, aunque el resultado no haya sido el deseado: \u00abHe estado estudiando durante cuatro meses seguidos, cancel\u00e9 todo el trabajo, no contesto ninguna llamada de trabajo, realmente no hago nada m\u00e1s que ser mam\u00e1 y estudiar\u00bb, relata. Todo, mientras bregaba con dolores de espalda debidos a problemas discales que le obligaron a utilizar una faja de sujeci\u00f3n durante las horas de estudio. En todo caso, lo tiene claro: \u00abEste sue\u00f1o significa demasiado para m\u00ed como para renunciar a \u00e9l, as\u00ed que voy a seguir estudiando, seguir aprendiendo y seguir esforz\u00e1ndome hasta conseguirlo\u00bb, afirma. <\/p>\n<p>Reporta un error<\/p>\n","protected":false},"excerpt":{"rendered":"Lunes, 17 de noviembre 2025, 14:14 Kim Kardashian ha querido hacer part\u00edcipe a sus seguidores de todo el&hellip;\n","protected":false},"author":2,"featured_media":241079,"comment_status":"","ping_status":"","sticky":false,"template":"","format":"standard","meta":{"footnotes":""},"categories":[174],"tags":[22295,255,5487,62060,146,147,25,24,7109,256,57380,33504,5936,23],"class_list":{"0":"post-241078","1":"post","2":"type-post","3":"status-publish","4":"format-standard","5":"has-post-thumbnail","7":"category-famosos","8":"tag-abogada","9":"tag-celebrities","10":"tag-convertirse","11":"tag-desesperacion","12":"tag-entertainment","13":"tag-entretenimiento","14":"tag-es","15":"tag-espana","16":"tag-examen","17":"tag-famosos","18":"tag-kardashian","19":"tag-kim","20":"tag-prepara","21":"tag-spain"},"share_on_mastodon":{"url":"https:\/\/pubeurope.com\/@es\/115565754149061341","error":""},"_links":{"self":[{"href":"https:\/\/www.europesays.com\/es\/wp-json\/wp\/v2\/posts\/241078","targetHints":{"allow":["GET"]}}],"collection":[{"href":"https:\/\/www.europesays.com\/es\/wp-json\/wp\/v2\/posts"}],"about":[{"href":"https:\/\/www.europesays.com\/es\/wp-json\/wp\/v2\/types\/post"}],"author":[{"embeddable":true,"href":"https:\/\/www.europesays.com\/es\/wp-json\/wp\/v2\/users\/2"}],"replies":[{"embeddable":true,"href":"https:\/\/www.europesays.com\/es\/wp-json\/wp\/v2\/comments?post=241078"}],"version-history":[{"count":0,"href":"https:\/\/www.europesays.com\/es\/wp-json\/wp\/v2\/posts\/241078\/revisions"}],"wp:featuredmedia":[{"embeddable":true,"href":"https:\/\/www.europesays.com\/es\/wp-json\/wp\/v2\/media\/241079"}],"wp:attachment":[{"href":"https:\/\/www.europesays.com\/es\/wp-json\/wp\/v2\/media?parent=241078"}],"wp:term":[{"taxonomy":"category","embeddable":true,"href":"https:\/\/www.europesays.com\/es\/wp-json\/wp\/v2\/categories?post=241078"},{"taxonomy":"post_tag","embeddable":true,"href":"https:\/\/www.europesays.com\/es\/wp-json\/wp\/v2\/tags?post=241078"}],"curies":[{"name":"wp","href":"https:\/\/api.w.org\/{rel}","templated":true}]}}