{"id":241082,"date":"2025-11-17T15:32:18","date_gmt":"2025-11-17T15:32:18","guid":{"rendered":"https:\/\/www.europesays.com\/es\/241082\/"},"modified":"2025-11-17T15:32:18","modified_gmt":"2025-11-17T15:32:18","slug":"es-el-mas-mentiroso-de-todos","status":"publish","type":"post","link":"https:\/\/www.europesays.com\/es\/241082\/","title":{"rendered":"Es el m\u00e1s mentiroso de todos"},"content":{"rendered":"<p id=\"eg9LkZHKwA\" data-wc=\"108\"><strong>Sue\u00f1os de libertad<\/strong> es una de las series diarias m\u00e1s vistas de la televisi\u00f3n. Hace tan solo unos d\u00edas volv\u00eda a superar sus propios r\u00e9cords de audiencia, demostrando que el inter\u00e9s del p\u00fablico no decae por muchos cap\u00edtulos que pasen. La trama engancha por sus dramas familiares, amores imposibles, alianzas, traiciones y juegos de poder, pero, sobre todo, por personajes llenos de personalidad como el de <strong>Gabriel de la Reina<\/strong>. <a class=\"hm-link ho-link\" href=\"https:\/\/www.hola.com\/actualidad\/20250530834228\/suenos-de-libertad-gabriel-nuevo-personaje-interpretado-por-oriol-tarrason\/\" data-mrf-recirculation=\"article-body-link\" rel=\"nofollow noopener\" target=\"_blank\">Se incorporaba en la segunda temporada<\/a> como un hombre encantador, capaz de conquistar a todos, pero con un objetivo oculto y una cara mucho m\u00e1s oscura, convirti\u00e9ndose en pieza clave de las intrigas y conflictos de la historia.<\/p>\n<p> <img src=\"https:\/\/www.europesays.com\/es\/wp-content\/uploads\/2025\/11\/1e596c6149d7-oriol-suenos-atresmedia.jpg\"   width=\"1024\" height=\"576\" loading=\"lazy\" decoding=\"async\" alt=\"Gabriel fue la \u00faltima persona con la que Jes\u00fas De la Reina habl\u00f3 por tel\u00e9fono antes de su tr\u00e1gico final\" fetchpriority=\"auto\" class=\"image ho-image\"\/>\u00a9 Atresmedia<\/p>\n<p id=\"eeOgNEJrnW\" data-wc=\"104\"><strong>Oriol Tarras\u00f3n<\/strong>, el actor que da vida a Gabriel, reconoce que trabajar en\u00a0Sue\u00f1os de libertad es todo un desaf\u00edo, no solo por la complejidad del personaje, sino tambi\u00e9n por el ritmo al que se rueda una serie diaria. En una entrevista con\u00a0Books and Marks ha explicado que el proceso de grabaci\u00f3n de este tipo de producciones es \u201cmuy cansado, pero lleno de adrenalina\u201d, una combinaci\u00f3n que, seg\u00fan cuenta, permite que las tramas avancen con calidad y rapidez. Sin embargo, lejos de intimidarle, ese movimiento le estimula porque \u201ca m\u00ed la adrenalina me gusta. Va conmigo. Me manejo muy bien en el caos\u201d.<\/p>\n<p> <img src=\"https:\/\/www.europesays.com\/es\/wp-content\/uploads\/2025\/11\/17d736b49e8f-altasdlt03e442134-6-25manuelfiestas0222.jpg\"   width=\"1024\" height=\"682\" loading=\"lazy\" decoding=\"async\" alt=\"Gabriel genera gran parte de los conflictos de la trama\" fetchpriority=\"auto\" class=\"image ho-image\"\/>\u00a9 Manuel Fiestas Moreno \/ Atresmedia<\/p>\n<p id=\"eeaCE9uRE8\" data-wc=\"109\">La intensidad que mueve Gabriel dentro de la serie tambi\u00e9n se nota, y mucho, en el set. Oriol reconoce que su personaje es \u201cquien genera gran parte de los conflictos\u201d, as\u00ed que buena parte de la acci\u00f3n pasa por \u00e9l y eso dispara el ritmo de trabajo. De hecho, las primeras semanas las recuerda casi como un sprint. \u201cLe dije al director: \u2018A este ritmo me vais a matar en cuatro d\u00edas\u2019, porque es muy cabr\u00f3n. Y me contest\u00f3: \u2018No, no, esp\u00e9rate\u2019\u201d, cuenta entre risas. Una an\u00e9cdota que refleja bien el v\u00e9rtigo, la energ\u00eda y la entrega que exige meterse en la piel de un villano que nunca descansa. \u00a0<\/p>\n<p> <img src=\"https:\/\/www.europesays.com\/es\/wp-content\/uploads\/2025\/11\/15ca3737f87f-oriol-tarrasonatresmedia.jpg\"   width=\"1024\" height=\"576\" loading=\"lazy\" decoding=\"async\" alt=\"Tarras\u00f3n reconoce que Gabriel no es un villano al uso\" fetchpriority=\"auto\" class=\"image ho-image\"\/>\u00a9 Atresmedia<\/p>\n<p id=\"eAYulUtUbo\" data-wc=\"132\">Gabriel no es un malvado al uso y esa es parte de su atractivo. Tarras\u00f3n describe que es \u201cm\u00e1s falso y cae bien a todos, aunque en verdad es lo peor\u201d. Se trata de un hombre encantador, manipulador y calculador, que mueve los hilos y genera <a class=\"hm-link ho-link\" href=\"https:\/\/www.hola.com\/actualidad\/20251103864917\/nuevos-personajes-agitan-suenos-de-libertad-con-emociones-ocultas-y-decisiones-que-marcan-un-giro\/\" data-mrf-recirculation=\"article-body-link\" rel=\"nofollow noopener\" target=\"_blank\">gran parte de los conflictos<\/a> de la serie mientras parece el h\u00e9roe. Para el protagonista de Amar es para siempre interpretar al antagonista, tiene la ventaja de que \u201cel que genera la acci\u00f3n es el villano y eso es muy divertido como actor\u201d, ya que mantiene en vilo a todos los que lo rodean. \u201cEs el m\u00e1s mentiroso de todos, \u00bfsabes? Es un personaje que te vende unas cosas, pero t\u00fa sabes que por debajo est\u00e1 tramando otras\u201d, contaba en una entrevista anterior en\u00a0El Plural.<\/p>\n<p> <img src=\"https:\/\/www.europesays.com\/es\/wp-content\/uploads\/2025\/11\/681c85f65673-gabireldani-atresmedia.jpg\"   width=\"1024\" height=\"576\" loading=\"lazy\" decoding=\"async\" alt=\"La combinaci\u00f3n de malicia y carisma de Gabriel es la que ha enganchado al espectador\" fetchpriority=\"auto\" class=\"image ho-image\"\/>\u00a9 Atresmedia<\/p>\n<p id=\"eCbvUcEc_e\" data-wc=\"99\">Esta combinaci\u00f3n de carisma y malicia es la que mantiene enganchado al p\u00fablico y la que lo ha convertido en uno de los grandes protagonistas de Sue\u00f1os de libertad. Otra de las cosas que m\u00e1s le atrajeron del papel era poder mostrar c\u00f3mo los dem\u00e1s personajes interact\u00faan con alguien as\u00ed: \u201cT\u00fa como espectador vas a ver c\u00f3mo los personajes se relacionan con un mentiroso\u201d. Oriol, que descubri\u00f3 su vocaci\u00f3n como actor en una charla sobre teatro en el bar de la universidad, reconoc\u00eda estar disfrutando de la experiencia porque, como confesaba, \u201cpor fin hago de malo. Me apetec\u00eda much\u00edsimo\u201d. \u00a0<\/p>\n<p> <img src=\"https:\/\/www.europesays.com\/es\/wp-content\/uploads\/2025\/11\/7cc9de0422dc-gabrielatresmedia-1.jpg\"   width=\"1024\" height=\"576\" loading=\"lazy\" decoding=\"async\" alt=\"Oriol recomienda a alejar a la gente t\u00f3xica como Gabriel, algo que ha aprendido gracias a su personaje\" fetchpriority=\"auto\" class=\"image ho-image\"\/>\u00a9 Atresmedia<\/p>\n<p id=\"eKbMK8Q2v3\" data-wc=\"58\">Sin embargo, interpretar al villano m\u00e1s odiado de la serie, m\u00e1s all\u00e1 del disfrute, tambi\u00e9n le ha ense\u00f1ado algo esencial sobre las personas t\u00f3xicas: \u201cHe aprendido que en tu vida no metas gente como esta. Cuando te das cuenta, te la ha arruinado\u201d, aseguraba en Books and Marks con tono de broma pero con un fondo de verdad. \u00a0<\/p>\n<p> <img src=\"https:\/\/www.europesays.com\/es\/wp-content\/uploads\/2025\/11\/29d6d97785f7-altasdlt03e442154-6-25manuelfiestas0445.jpg\"   width=\"1024\" height=\"682\" loading=\"lazy\" decoding=\"async\" alt=\"Tarras\u00f3n destaca la qu\u00edmica con Natalia S\u00e1nchez y Dani Tatay, con quienes comparte gran cantidad de escenas\" fetchpriority=\"auto\" class=\"image ho-image\"\/>\u00a9 Manuel Fiestas Moreno \/ Atresmedia<\/p>\n<p id=\"ekkHASa4km\" data-wc=\"64\">Aunque en la ficci\u00f3n hay tensi\u00f3n y quiere fastidiar a alguno que otro, su relaci\u00f3n en el set con sus compa\u00f1eros es inmejorable. Oriol destaca la qu\u00edmica con <strong>Natalia S\u00e1nchez<\/strong> <a class=\"hm-link ho-link\" href=\"https:\/\/www.hola.com\/actualidad\/20240225249852\/dani-tatay-protagonista-suenos-de-libertad-nsv\/\" data-mrf-recirculation=\"article-body-link\" rel=\"nofollow noopener\" target=\"_blank\">y Dani Tatay<\/a> \u2014<strong>Bego\u00f1a\u00a0<\/strong>y <strong>Andr\u00e9s<\/strong> en la serie\u2014, con los que comparte la mayor\u00eda de escenas: \u201cNatalia es incre\u00edble, parece que sale el sol cuando llega. Y Dani es un chaval maj\u00edsimo\u201d, asegura. \u00a0<\/p>\n<p> <img src=\"https:\/\/www.europesays.com\/es\/wp-content\/uploads\/2025\/11\/573bdf16e83d-dmian-gabriel.jpg\"   width=\"1024\" height=\"682\" loading=\"lazy\" decoding=\"async\" alt=\"Oriol y Nancho Novo comparten su pasi\u00f3n por el rock and roll y pasan mucho tiempo hablando sobre entre grabaciones\" fetchpriority=\"auto\" class=\"image ho-image\"\/>\u00a9 Atresmedia<\/p>\n<p id=\"eW4E-nn5BG\" data-wc=\"65\">Con<strong>\u00a0Nancho Novo,<\/strong> que da vida a<strong>\u00a0Dami\u00e1n de la Reina<\/strong>, destaca su complicidad y que se pasan el rato \u00abhablando de rock and roll\u00bb en el camerino. \u201cSomos cien personas trabajando juntas. Ese cari\u00f1o se nota en pantalla\u201d, se\u00f1ala, recordando que, a pesar de la intensidad de las grabaciones, el buen ambiente y la camarader\u00eda hacen que la experiencia sea m\u00e1s llevadera y entretenida.\u00a0<\/p>\n<p> <img src=\"https:\/\/www.europesays.com\/es\/wp-content\/uploads\/2025\/11\/3fce1190cc07-gabi.jpg\"   width=\"1024\" height=\"768\" loading=\"lazy\" decoding=\"async\" alt=\"Oriol no puede desvelar nada, pero asegura que la gente se va sorprender con todo lo que va a suceder en la tercera temporada\" fetchpriority=\"auto\" class=\"image ho-image\"\/>\u00a9 Atresmedia<\/p>\n<p id=\"edmHVsj5ct\" data-wc=\"90\">El pasado 27 de octubre comenzaban las grabaciones de la tercera temporada. Aunque no puede desvelar mucho, Oriol s\u00ed adelanta que ser\u00e1 a\u00fan m\u00e1s impactante de lo que hemos visto hasta ahora: \u00abLa gente va a flipar m\u00e1s. De aqu\u00ed todo se precipita cada vez m\u00e1s\u00bb. Unas palabras con las que deja a los seguidores con ganas de descubrir c\u00f3mo se desarrollar\u00e1n las nuevas intrigas y de ver si Gabriel ser\u00e1 por fin descubierto o si, por el contrario, seguir\u00e1 marcando las reglas del juego dentro de Sue\u00f1os de libertad.<\/p>\n","protected":false},"excerpt":{"rendered":"Sue\u00f1os de libertad es una de las series diarias m\u00e1s vistas de la televisi\u00f3n. Hace tan solo unos&hellip;\n","protected":false},"author":2,"featured_media":241083,"comment_status":"","ping_status":"","sticky":false,"template":"","format":"standard","meta":{"footnotes":""},"categories":[171],"tags":[517,4040,7065,146,147,25,24,23,807,214],"class_list":{"0":"post-241082","1":"post","2":"type-post","3":"status-publish","4":"format-standard","5":"has-post-thumbnail","7":"category-tv","8":"tag-actualidad","9":"tag-antena-3","10":"tag-el-buscador-de-series","11":"tag-entertainment","12":"tag-entretenimiento","13":"tag-es","14":"tag-espana","15":"tag-spain","16":"tag-television","17":"tag-tv"},"share_on_mastodon":{"url":"https:\/\/pubeurope.com\/@es\/115565766591275359","error":""},"_links":{"self":[{"href":"https:\/\/www.europesays.com\/es\/wp-json\/wp\/v2\/posts\/241082","targetHints":{"allow":["GET"]}}],"collection":[{"href":"https:\/\/www.europesays.com\/es\/wp-json\/wp\/v2\/posts"}],"about":[{"href":"https:\/\/www.europesays.com\/es\/wp-json\/wp\/v2\/types\/post"}],"author":[{"embeddable":true,"href":"https:\/\/www.europesays.com\/es\/wp-json\/wp\/v2\/users\/2"}],"replies":[{"embeddable":true,"href":"https:\/\/www.europesays.com\/es\/wp-json\/wp\/v2\/comments?post=241082"}],"version-history":[{"count":0,"href":"https:\/\/www.europesays.com\/es\/wp-json\/wp\/v2\/posts\/241082\/revisions"}],"wp:featuredmedia":[{"embeddable":true,"href":"https:\/\/www.europesays.com\/es\/wp-json\/wp\/v2\/media\/241083"}],"wp:attachment":[{"href":"https:\/\/www.europesays.com\/es\/wp-json\/wp\/v2\/media?parent=241082"}],"wp:term":[{"taxonomy":"category","embeddable":true,"href":"https:\/\/www.europesays.com\/es\/wp-json\/wp\/v2\/categories?post=241082"},{"taxonomy":"post_tag","embeddable":true,"href":"https:\/\/www.europesays.com\/es\/wp-json\/wp\/v2\/tags?post=241082"}],"curies":[{"name":"wp","href":"https:\/\/api.w.org\/{rel}","templated":true}]}}