{"id":241090,"date":"2025-11-17T15:36:09","date_gmt":"2025-11-17T15:36:09","guid":{"rendered":"https:\/\/www.europesays.com\/es\/241090\/"},"modified":"2025-11-17T15:36:09","modified_gmt":"2025-11-17T15:36:09","slug":"la-deteccion-temprana-del-cancer-de-pulmon-puede-mejorar-la-tasa-de-superviviencia-hasta-el-80","status":"publish","type":"post","link":"https:\/\/www.europesays.com\/es\/241090\/","title":{"rendered":"La detecci\u00f3n temprana del c\u00e1ncer de pulm\u00f3n puede mejorar la tasa de superviviencia hasta el 80%"},"content":{"rendered":"<p>D\u00cdA MUNDIAL<\/p>\n<p>En el D\u00eda Mundial del C\u00e1ncer de Pulm\u00f3n los expertos recalan la importancia de un diagn\u00f3stico prematuro para mejorar la esperanza de vida de los pacientes. Detectado en el estadio I, la tasa de supervivencia a cinco a\u00f1os se sit\u00faa entre el 60% y el 80%, mientras que en las fases m\u00e1s avanzadas (estadio IV) a penas alcanza el 10%. <\/p>\n<p class=\"articleSignature-name\"> Jos\u00e9 Antonio Alaya <\/p>\n<p class=\"articleSignature-datecontent\">Zaragoz | <strong>17.11.2025 15:30 <\/strong><\/p>\n","protected":false},"excerpt":{"rendered":"D\u00cdA MUNDIAL En el D\u00eda Mundial del C\u00e1ncer de Pulm\u00f3n los expertos recalan la importancia de un diagn\u00f3stico&hellip;\n","protected":false},"author":2,"featured_media":241091,"comment_status":"","ping_status":"","sticky":false,"template":"","format":"standard","meta":{"footnotes":""},"categories":[92],"tags":[25,24,165,166,23],"class_list":{"0":"post-241090","1":"post","2":"type-post","3":"status-publish","4":"format-standard","5":"has-post-thumbnail","7":"category-salud","8":"tag-es","9":"tag-espana","10":"tag-health","11":"tag-salud","12":"tag-spain"},"share_on_mastodon":{"url":"https:\/\/pubeurope.com\/@es\/115565781685758714","error":""},"_links":{"self":[{"href":"https:\/\/www.europesays.com\/es\/wp-json\/wp\/v2\/posts\/241090","targetHints":{"allow":["GET"]}}],"collection":[{"href":"https:\/\/www.europesays.com\/es\/wp-json\/wp\/v2\/posts"}],"about":[{"href":"https:\/\/www.europesays.com\/es\/wp-json\/wp\/v2\/types\/post"}],"author":[{"embeddable":true,"href":"https:\/\/www.europesays.com\/es\/wp-json\/wp\/v2\/users\/2"}],"replies":[{"embeddable":true,"href":"https:\/\/www.europesays.com\/es\/wp-json\/wp\/v2\/comments?post=241090"}],"version-history":[{"count":0,"href":"https:\/\/www.europesays.com\/es\/wp-json\/wp\/v2\/posts\/241090\/revisions"}],"wp:featuredmedia":[{"embeddable":true,"href":"https:\/\/www.europesays.com\/es\/wp-json\/wp\/v2\/media\/241091"}],"wp:attachment":[{"href":"https:\/\/www.europesays.com\/es\/wp-json\/wp\/v2\/media?parent=241090"}],"wp:term":[{"taxonomy":"category","embeddable":true,"href":"https:\/\/www.europesays.com\/es\/wp-json\/wp\/v2\/categories?post=241090"},{"taxonomy":"post_tag","embeddable":true,"href":"https:\/\/www.europesays.com\/es\/wp-json\/wp\/v2\/tags?post=241090"}],"curies":[{"name":"wp","href":"https:\/\/api.w.org\/{rel}","templated":true}]}}