{"id":241098,"date":"2025-11-17T15:40:11","date_gmt":"2025-11-17T15:40:11","guid":{"rendered":"https:\/\/www.europesays.com\/es\/241098\/"},"modified":"2025-11-17T15:40:11","modified_gmt":"2025-11-17T15:40:11","slug":"la-efimera-victoria-de-jara-el-ultraderechista-kast-se-posiciona-como-futuro-presidente-de-chile-el-salto","status":"publish","type":"post","link":"https:\/\/www.europesays.com\/es\/241098\/","title":{"rendered":"La ef\u00edmera victoria de Jara: el ultraderechista Kast se posiciona como futuro presidente de Chile &#8211; El Salto"},"content":{"rendered":"<p>Con un 26,8%, la candidata de izquierda y exministra de Trabajo, Jeannette Jara, ha ganado las elecciones presidenciales y parlamentarias de Chile de este 16 de noviembre con dos puntos de diferencia sobre el Partido Republicano del ultraderechista Jos\u00e9 Antonio Kast, que obtuvo el 23,9% de los votos.\u00a0<\/p>\n<p>En la misma noche del domingo, en la reuni\u00f3n del partido de Kast, le acompa\u00f1aban dos de los candidatos m\u00e1s votados: el tambi\u00e9n pinochetista Johannes Kaiser, que sac\u00f3 un 13,9%, y la derechista Evelyn Matthei, que consigui\u00f3 un 12,5%. Estos dos postulantes no han tardado en mostrar su apoyo a Kast para la segunda vuelta, que se celebrar\u00e1 el\u00a0 14 de diciembre.\u00a0\u00a0<\/p>\n<blockquote><p>Jos\u00e9 Antonio Kast, junto con los derechistas Matthei y Kaiser, suman un 50,3% de los votos, un techo muy dif\u00edcil de superar de cara a la segunda vuelta del 14 de diciembre<\/p><\/blockquote>\n<p>La gran inc\u00f3gnita es el destino de los votos de Franco Parisi, que se ha situado en tercera posici\u00f3n con el 19,3% del escrutinio. Parisi y su Partido de la Gente (PDG) ha sido la gran sorpresa de las elecciones con un discurso de antipol\u00edtica y de rechazo de la polarizaci\u00f3n entre izquierda y derecha.<\/p>\n<p>\u201cG\u00e1nense los votos en la calle\u201d, declar\u00f3 Parisi, al sostener que no tiene pensado apoyar a ninguno de los dos candidatos. Las encuestas apuntaban a un apoyo del 10%, aunque los an\u00e1lisis indicaban que su discurso populista y antielitista pod\u00eda decantar parte del voto obligado. En los comicios de este 16 de noviembre, por primera vez, se pon\u00eda en pr\u00e1ctica el voto obligatorio en unas elecciones presidenciales. Aunque Parisi rechaza identificarse con la derecha o izquierda, sus propuesta se escoran a la derecha.\u00a0<\/p>\n<p>El dirigente ultraderechista Kast lleva ya cinco a\u00f1os disputando el poder. En la segunda vuelta de las elecciones de 2021, perdi\u00f3 frente a Gabriel Boric, con un 44,13%. Aunque ha moderado su discurso y ha dejado atr\u00e1s la reivindicaci\u00f3n de la dictadura de Pinochet \u2014algo que s\u00ed ha mantenido Kaiser\u2014, ha conservado sus principales caballos de batalla: reducci\u00f3n de impuestos, mano dura contra las protestas y la inmigraci\u00f3n, as\u00ed como una oposici\u00f3n sin matices al derecho a decidir y al matrimonio homosexual.<\/p>\n<p>Kast es hijo de un integrante del partido nazi alem\u00e1n llegado a Chile en los a\u00f1os 50. Su hermano Miguel Kast fue un economista ultraliberal, integrante del grupo llamado Chicago Boys, quien fue ministro de Estado con Pinochet y presidente del Banco Central durante la dictadura. Fan de Trump y Bolsonaro, Jos\u00e9 Antonio Kast se ha posicionado como una soluci\u00f3n de \u201cley y orden\u201d frente a la ola de movilizaciones que recorri\u00f3 el pa\u00eds desde 2019, frente a la inseguridad y las opciones \u201ccomunistas\u201d que identifica en Boric y Jara. Aunque en el pasado ha apoyado la dictadura y la figura de Pinochet, ha moderado sus declaraciones en los \u00faltimos a\u00f1os para ampliar sus posibilidades de llegar a La Moneda.<\/p>\n<p>Entre los seguidores de Gabriel Boric, los resultados han sido le\u00eddos como <a href=\"https:\/\/www.latercera.com\/politica\/noticia\/boric-sufre-duro-golpe-que-pone-en-duda-la-continuidad-de-su-proyecto-politico\/\" rel=\"nofollow noopener\" target=\"_blank\">una derrota<\/a> sin paliativos: no solo Jara no ha alcanzado el 30% de los votos sino que el parlamento que sale de estas elecciones y se encontrar\u00e1 el pr\u00f3ximo presidente ser\u00e1 de derechas. Kast, junto con Matthei y Kaiser suman un 50,3%, un techo muy dif\u00edcil de superar de cara al balotaje del 14 de diciembre.<\/p>\n","protected":false},"excerpt":{"rendered":"Con un 26,8%, la candidata de izquierda y exministra de Trabajo, Jeannette Jara, ha ganado las elecciones presidenciales&hellip;\n","protected":false},"author":2,"featured_media":241099,"comment_status":"","ping_status":"","sticky":false,"template":"","format":"standard","meta":{"footnotes":""},"categories":[42],"tags":[17,18,2287,13,14,4975,11,61,62,63,64,19,20,9,10,15,16,12,21,22,65,66,67],"class_list":{"0":"post-241098","1":"post","2":"type-post","3":"status-publish","4":"format-standard","5":"has-post-thumbnail","7":"category-internacional","8":"tag-breaking-news","9":"tag-breakingnews","10":"tag-extrema-derecha","11":"tag-featured-news","12":"tag-featurednews","13":"tag-global","14":"tag-headlines","15":"tag-internacional","16":"tag-international","17":"tag-international-news","18":"tag-internationalnews","19":"tag-latest-news","20":"tag-latestnews","21":"tag-news","22":"tag-noticias","23":"tag-noticias-destacadas","24":"tag-noticiasdestacadas","25":"tag-titulares","26":"tag-ultimas-noticias","27":"tag-ultimasnoticias","28":"tag-world","29":"tag-world-news","30":"tag-worldnews"},"share_on_mastodon":{"url":"https:\/\/pubeurope.com\/@es\/115565797400352806","error":""},"_links":{"self":[{"href":"https:\/\/www.europesays.com\/es\/wp-json\/wp\/v2\/posts\/241098","targetHints":{"allow":["GET"]}}],"collection":[{"href":"https:\/\/www.europesays.com\/es\/wp-json\/wp\/v2\/posts"}],"about":[{"href":"https:\/\/www.europesays.com\/es\/wp-json\/wp\/v2\/types\/post"}],"author":[{"embeddable":true,"href":"https:\/\/www.europesays.com\/es\/wp-json\/wp\/v2\/users\/2"}],"replies":[{"embeddable":true,"href":"https:\/\/www.europesays.com\/es\/wp-json\/wp\/v2\/comments?post=241098"}],"version-history":[{"count":0,"href":"https:\/\/www.europesays.com\/es\/wp-json\/wp\/v2\/posts\/241098\/revisions"}],"wp:featuredmedia":[{"embeddable":true,"href":"https:\/\/www.europesays.com\/es\/wp-json\/wp\/v2\/media\/241099"}],"wp:attachment":[{"href":"https:\/\/www.europesays.com\/es\/wp-json\/wp\/v2\/media?parent=241098"}],"wp:term":[{"taxonomy":"category","embeddable":true,"href":"https:\/\/www.europesays.com\/es\/wp-json\/wp\/v2\/categories?post=241098"},{"taxonomy":"post_tag","embeddable":true,"href":"https:\/\/www.europesays.com\/es\/wp-json\/wp\/v2\/tags?post=241098"}],"curies":[{"name":"wp","href":"https:\/\/api.w.org\/{rel}","templated":true}]}}