{"id":241100,"date":"2025-11-17T15:41:11","date_gmt":"2025-11-17T15:41:11","guid":{"rendered":"https:\/\/www.europesays.com\/es\/241100\/"},"modified":"2025-11-17T15:41:11","modified_gmt":"2025-11-17T15:41:11","slug":"al-menos-24-heridos-dos-graves-tras-un-choque-multiple-en-la-a-6","status":"publish","type":"post","link":"https:\/\/www.europesays.com\/es\/241100\/","title":{"rendered":"al menos 24 heridos, dos graves, tras un choque m\u00faltiple en la A-6"},"content":{"rendered":"<p class=\"c-paragraph\">Un total de <b>24 personas han resultado heridas<\/b>, dos de ellas en estado grave, en un accidente m\u00faltiple en la A-6, a la altura de <a href=\"https:\/\/www.20minutos.es\/madrid\/transportes-inicia-rehabilitacion-viaducto-ap-6-que-provocara-cortes-desvios-circulacion-hasta-diciembre_6662336_0.html\" title=\"Transportes inicia la rehabilitaci\u00f3n del viaducto de la AP-6, que provocar\u00e1 cortes y desv\u00edos de la circulaci\u00f3n hasta diciembre\" rel=\"nofollow noopener\" target=\"_blank\">Collado Villalba<\/a>, en el que se han visto implicados un <b>autob\u00fas <\/b>con 32 pasajeros, un <b>cami\u00f3n<\/b> peque\u00f1o de reparto y una <b>furgoneta<\/b>, ha informado Emergencias 112 Comunidad de Madrid.<\/p>\n<p class=\"c-paragraph\">Seg\u00fan ha detallado el servicio de Emergencias 112, el accidente se ha producido <b>en torno a las 8.30 horas y ha dejado a dos personas heridas graves<\/b>, una pasajera de autob\u00fas y el conductor del cami\u00f3n.<\/p>\n<p class=\"c-paragraph\">Adem\u00e1s, hay <b>dos personas heridas moderadas<\/b>, que son tres pasajeros del autob\u00fas y el conductor de la furgonetas, y <b>18 personas heridas leves<\/b>, todas ellas adultas. Bomberos de la Comunidad de Madrid han tenido que intervenir para el rescate de los dos heridos graves y para realizar tareas de prevenci\u00f3n.<\/p>\n<p class=\"c-paragraph\">Hasta el lugar, se han desplazado efectivos del Summa 112, que siguen atendiendo a los heridos leves, mientras que la Guardia Civil se encarga de regular el tr\u00e1fico y ha conseguido ya reabrir un carril.<\/p>\n","protected":false},"excerpt":{"rendered":"Un total de 24 personas han resultado heridas, dos de ellas en estado grave, en un accidente m\u00faltiple&hellip;\n","protected":false},"author":2,"featured_media":241101,"comment_status":"","ping_status":"","sticky":false,"template":"","format":"standard","meta":{"footnotes":""},"categories":[8],"tags":[9546,4205,17,18,25,24,13,14,11,27051,19,20,9,10,15,16,3477,23,12,21,22,16743],"class_list":{"0":"post-241100","1":"post","2":"type-post","3":"status-publish","4":"format-standard","5":"has-post-thumbnail","7":"category-espana","8":"tag-9546","9":"tag-accidente","10":"tag-breaking-news","11":"tag-breakingnews","12":"tag-es","13":"tag-espana","14":"tag-featured-news","15":"tag-featurednews","16":"tag-headlines","17":"tag-heridas","18":"tag-latest-news","19":"tag-latestnews","20":"tag-news","21":"tag-noticias","22":"tag-noticias-destacadas","23":"tag-noticiasdestacadas","24":"tag-personas","25":"tag-spain","26":"tag-titulares","27":"tag-ultimas-noticias","28":"tag-ultimasnoticias","29":"tag-un"},"share_on_mastodon":{"url":"https:\/\/pubeurope.com\/@es\/115565801391470107","error":""},"_links":{"self":[{"href":"https:\/\/www.europesays.com\/es\/wp-json\/wp\/v2\/posts\/241100","targetHints":{"allow":["GET"]}}],"collection":[{"href":"https:\/\/www.europesays.com\/es\/wp-json\/wp\/v2\/posts"}],"about":[{"href":"https:\/\/www.europesays.com\/es\/wp-json\/wp\/v2\/types\/post"}],"author":[{"embeddable":true,"href":"https:\/\/www.europesays.com\/es\/wp-json\/wp\/v2\/users\/2"}],"replies":[{"embeddable":true,"href":"https:\/\/www.europesays.com\/es\/wp-json\/wp\/v2\/comments?post=241100"}],"version-history":[{"count":0,"href":"https:\/\/www.europesays.com\/es\/wp-json\/wp\/v2\/posts\/241100\/revisions"}],"wp:featuredmedia":[{"embeddable":true,"href":"https:\/\/www.europesays.com\/es\/wp-json\/wp\/v2\/media\/241101"}],"wp:attachment":[{"href":"https:\/\/www.europesays.com\/es\/wp-json\/wp\/v2\/media?parent=241100"}],"wp:term":[{"taxonomy":"category","embeddable":true,"href":"https:\/\/www.europesays.com\/es\/wp-json\/wp\/v2\/categories?post=241100"},{"taxonomy":"post_tag","embeddable":true,"href":"https:\/\/www.europesays.com\/es\/wp-json\/wp\/v2\/tags?post=241100"}],"curies":[{"name":"wp","href":"https:\/\/api.w.org\/{rel}","templated":true}]}}