{"id":241114,"date":"2025-11-17T15:53:09","date_gmt":"2025-11-17T15:53:09","guid":{"rendered":"https:\/\/www.europesays.com\/es\/241114\/"},"modified":"2025-11-17T15:53:09","modified_gmt":"2025-11-17T15:53:09","slug":"la-foto-del-paracaidista-cruzando-el-sol-que-dio-la-vuelta-al-mundo","status":"publish","type":"post","link":"https:\/\/www.europesays.com\/es\/241114\/","title":{"rendered":"la foto del paracaidista cruzando el sol que dio la vuelta al mundo"},"content":{"rendered":"<p>La escena parece sacada de una pel\u00edcula de ciencia ficci\u00f3n: un peque\u00f1o perfil humano, en ca\u00edda libre, recortado con precisi\u00f3n quir\u00fargica sobre el disco brillante del Sol. Pero no es un truco digital, sino <strong>el resultado de un experimento fotogr\u00e1fico extremo que el astrofot\u00f3grafo estadounidense Andrew McCarthy logr\u00f3 junto al paracaidista Gabriel C. Brown<\/strong>, en una toma que ya recorre el mundo bajo el nombre de \u201cLa ca\u00edda de \u00cdcaro\u201d.<\/p>\n<p>Seg\u00fan cont\u00f3 el propio McCarthy en sus redes sociales, la imagen fue capturada a comienzos de este a\u00f1o y reci\u00e9n publicada ahora, una vez revisados todos los detalles t\u00e9cnicos. Su objetivo era conseguir algo que, seg\u00fan \u00e9l mismo arriesga, \u201cpodr\u00eda ser la primera foto de este tipo que existe\u201d: un paracaidista pasando justo por delante del Sol, en el instante exacto en que el objetivo del telescopio-c\u00e1mara lo cruzara en el encuadre.<\/p>\n<p>El proyecto demand\u00f3 meses de planificaci\u00f3n, c\u00e1lculos y pruebas. No solo deb\u00edan coordinar el salto de Brown, la trayectoria del avi\u00f3n y la velocidad de ca\u00edda, sino tambi\u00e9n la posici\u00f3n del fot\u00f3grafo en tierra, la hora del d\u00eda y el \u00e1ngulo preciso del Sol en el cielo. Cualquier desv\u00edo de metros, segundos o grados arruinaba la toma. Reci\u00e9n en el sexto intento lograron que el cuerpo del paracaidista se alineara de forma perfecta con el disco solar.<\/p>\n<p><img decoding=\"async\" src=\"https:\/\/www.europesays.com\/es\/wp-content\/uploads\/2025\/11\/9OxXUJjd4_870x580__1.jpg\" alt=\"Un paracaidista \u201catraviesa\u201d el Sol en una toma \u00fanica.\" width=\"870\" height=\"580\" class=\"styles_cover-image__pRCD1\" loading=\"lazy\"\/>Un paracaidista \u201catraviesa\u201d el Sol en una toma \u00fanica.<\/p>\n<p>Gabriel C. Brown, conocido tambi\u00e9n por su actividad en redes, comparti\u00f3 el resultado en X con un mensaje donde resumi\u00f3 la odisea t\u00e9cnica y la adrenalina del salto. Cont\u00f3 que fueron \u201cmeses de planificaci\u00f3n y una cantidad absurda de matem\u00e1ticas\u201d para conseguir el encuadre so\u00f1ado, y defini\u00f3 la experiencia como \u201cel mejor salto en paraca\u00eddas\u201d de su vida, agradeciendo a McCarthy por \u201cinmortalizar\u201d el momento.<\/p>\n<p>Adem\u00e1s de la fotograf\u00eda, el d\u00fao registr\u00f3 en video la maniobra, lo que permiti\u00f3 mostrar el detr\u00e1s de escena del proyecto: la salida desde la aeronave, la ca\u00edda de Brown y el instante en que atraviesa la l\u00ednea imaginaria entre el telescopio y el Sol. Ese material complementario ayud\u00f3 a despejar dudas sobre la veracidad de la imagen, en tiempos en los que las piezas espectaculares suelen ser sospechadas de estar generadas por inteligencia artificial.<\/p>\n<p><img decoding=\"async\" src=\"https:\/\/www.europesays.com\/es\/wp-content\/uploads\/2025\/11\/dcWAj6MOl_870x580__1.jpg\" alt=\"El astrofot\u00f3grafo estadounidense Andrew McCarthy y el paracaidista Gabriel C. Brown planificaron durante meses una toma perfecta.\" width=\"870\" height=\"580\" class=\"styles_cover-image__pRCD1\" loading=\"lazy\"\/>El astrofot\u00f3grafo estadounidense Andrew McCarthy y el paracaidista Gabriel C. Brown planificaron durante meses una toma perfecta.<\/p>\n<p>La elecci\u00f3n del t\u00edtulo, <strong>\u201cLa ca\u00edda de \u00cdcaro\u201d<\/strong>, no es casual: remite al mito griego del joven que desafi\u00f3 los l\u00edmites y termin\u00f3 cayendo al mar por volar demasiado cerca del Sol. En este caso, el gui\u00f1o es visual y simb\u00f3lico, pero tambi\u00e9n resume el esp\u00edritu del experimento: empujar las fronteras de lo posible desde la fotograf\u00eda y los deportes extremos. Entre admiraci\u00f3n, asombro y miles de compartidos, la imagen ya se gan\u00f3 un lugar entre las postales m\u00e1s comentadas del a\u00f1o en el cruce entre ciencia, arte y cultura pop digital.<\/p>\n","protected":false},"excerpt":{"rendered":"La escena parece sacada de una pel\u00edcula de ciencia ficci\u00f3n: un peque\u00f1o perfil humano, en ca\u00edda libre, recortado&hellip;\n","protected":false},"author":2,"featured_media":241115,"comment_status":"","ping_status":"","sticky":false,"template":"","format":"standard","meta":{"footnotes":""},"categories":[173],"tags":[229,233,231,230,232,234,146,147,25,37915,24,23],"class_list":{"0":"post-241114","1":"post","2":"type-post","3":"status-publish","4":"format-standard","5":"has-post-thumbnail","7":"category-arte-y-diseno","8":"tag-arte","9":"tag-arte-y-diseno","10":"tag-arts","11":"tag-arts-and-design","12":"tag-design","13":"tag-diseno","14":"tag-entertainment","15":"tag-entretenimiento","16":"tag-es","17":"tag-es-viral","18":"tag-espana","19":"tag-spain"},"share_on_mastodon":{"url":"https:\/\/pubeurope.com\/@es\/115565848486774106","error":""},"_links":{"self":[{"href":"https:\/\/www.europesays.com\/es\/wp-json\/wp\/v2\/posts\/241114","targetHints":{"allow":["GET"]}}],"collection":[{"href":"https:\/\/www.europesays.com\/es\/wp-json\/wp\/v2\/posts"}],"about":[{"href":"https:\/\/www.europesays.com\/es\/wp-json\/wp\/v2\/types\/post"}],"author":[{"embeddable":true,"href":"https:\/\/www.europesays.com\/es\/wp-json\/wp\/v2\/users\/2"}],"replies":[{"embeddable":true,"href":"https:\/\/www.europesays.com\/es\/wp-json\/wp\/v2\/comments?post=241114"}],"version-history":[{"count":0,"href":"https:\/\/www.europesays.com\/es\/wp-json\/wp\/v2\/posts\/241114\/revisions"}],"wp:featuredmedia":[{"embeddable":true,"href":"https:\/\/www.europesays.com\/es\/wp-json\/wp\/v2\/media\/241115"}],"wp:attachment":[{"href":"https:\/\/www.europesays.com\/es\/wp-json\/wp\/v2\/media?parent=241114"}],"wp:term":[{"taxonomy":"category","embeddable":true,"href":"https:\/\/www.europesays.com\/es\/wp-json\/wp\/v2\/categories?post=241114"},{"taxonomy":"post_tag","embeddable":true,"href":"https:\/\/www.europesays.com\/es\/wp-json\/wp\/v2\/tags?post=241114"}],"curies":[{"name":"wp","href":"https:\/\/api.w.org\/{rel}","templated":true}]}}