{"id":241116,"date":"2025-11-17T15:55:09","date_gmt":"2025-11-17T15:55:09","guid":{"rendered":"https:\/\/www.europesays.com\/es\/241116\/"},"modified":"2025-11-17T15:55:09","modified_gmt":"2025-11-17T15:55:09","slug":"me-muestra-muy-arriba-y-parece-que-paso-de-todo","status":"publish","type":"post","link":"https:\/\/www.europesays.com\/es\/241116\/","title":{"rendered":"Me muestra muy arriba y parece que paso de todo"},"content":{"rendered":"<p class=\"article-text\">\n        <strong>Hasta el fin del mundo<\/strong>, el nuevo reality con famosos de <strong>La 1<\/strong>, arrastra un par de pol\u00e9micas desde el estreno de su primera entrega. La primera, su prohibitivo horario de emisi\u00f3n \u2014acab\u00f3 a las 2:15 horas\u2014. Y la segunda, las cr\u00edticas que est\u00e1n realizando algunos concursantes contra la edici\u00f3n del programa. De momento, RTVE ya ha movido ficha respecto al primer asunto \u2014<a href=\"https:\/\/www.eldiario.es\/vertele\/noticias\/rtve-recorta-duracion-segunda-entrega-hasta-el-fin-del-mundo-nuevo-horario-19-noviembre_1_12771439.html\" target=\"_blank\" data-mrf-recirculation=\"links-noticia\" class=\"link\" rel=\"nofollow noopener\">este mi\u00e9rcoles acabar\u00e1 45 minutos antes<\/a>\u2014, pero no est\u00e1 claro que vaya a hacerlo con el segundo pese a los recientes comentarios de <strong>Alba Carrillo<\/strong> y <strong>Aldo Comas<\/strong>.\n    <\/p>\n<p>    <a href=\"https:\/\/www.eldiario.es\/vertele\/noticias\/rtve-recorta-duracion-segunda-entrega-hasta-el-fin-del-mundo-nuevo-horario-19-noviembre_1_12771439.html\" data-mrf-recirculation=\"saber-mas\" data-dl-event=\"saber-mas\" rel=\"nofollow noopener\" target=\"_blank\"><\/p>\n<p class=\"know-more__title\">&#8216;Hasta el fin del mundo&#8217; reducir\u00e1 la duraci\u00f3n de su pr\u00f3xima entrega en RTVE, pero su final seguir\u00e1 siendo tard\u00edo<\/p>\n<p>            <img decoding=\"async\" class=\"lazy\" loading=\"lazy\" data-src=\"https:\/\/static.eldiario.es\/clip\/150e99b0-b3bc-4479-bb00-fe836ccc4783_16-9-aspect-ratio_default_0.jpg\" src=\"data:image\/svg+xml,%3Csvg xmlns=\" http:=\"\" viewbox=\"0 0 880 495\" alt=\"'Hasta el fin del mundo' reducir\u00e1 la duraci\u00f3n de su pr\u00f3xima entrega en RTVE, pero su final seguir\u00e1 siendo tard\u00edo\"\/><\/p>\n<p>                        <\/a><\/p>\n<p class=\"article-text\">\n        \u201cNo estoy de acuerdo con la edici\u00f3n, <strong>no representa el viaje que he hecho<\/strong> (&#8230;) Ha sido un viaje maravilloso, han pasado cosas de todo tipo y creo que la edici\u00f3n no representa lo que hemos trabajado Cristina [Cifuentes, su compa\u00f1era en el programa] y yo\u201d, dijo hace unos d\u00edas la modelo, que acus\u00f3 al reality de <strong>Paula V\u00e1zquez<\/strong> de <a href=\"https:\/\/www.eldiario.es\/vertele\/noticias\/alba-carrillo-critica-edicion-hasta-el-fin-del-mundo-cristina-cifuentes-pareja_1_12770491.html\" target=\"_blank\" data-mrf-recirculation=\"links-noticia\" class=\"link\" rel=\"nofollow noopener\">\u201ccentrarse much\u00edsimo en los conflictos\u201d<\/a> y no en otras cosas.\n    <\/p>\n<p class=\"article-text\">\n        Esta domingo, Aldo Comas habl\u00f3 en la misma l\u00ednea que ella. Lo hizo, para m\u00e1s inri, en otro programa de La 1, <strong>D Coraz\u00f3n<\/strong>, donde primero lament\u00f3 que la edici\u00f3n haya dejado fuera muchas de las cosas que \u00e9l y sus compa\u00f1eros vivieron durante la aventura: \u201cHay tantas cosas que no se ven en ese viaje&#8230; Me da mucha pena porque falta much\u00edsimo, es como que solo se ve un 2%.\u201d\n    <\/p>\n<p class=\"article-text\">\n        Despu\u00e9s manifest\u00f3 que, dentro de este peque\u00f1o porcentaje, una parte importante se centr\u00f3 en el supuesto mal rollo con el que \u00e9l y su compa\u00f1ero de viaje, <strong>Jos\u00e9 Lamu\u00f1o<\/strong>, comenzaron la competici\u00f3n. Un supuesto mal rollo que no fue para tanto, seg\u00fan el marido de Macarena G\u00f3mez, por mucho que el propio programa diera a entender que s\u00ed: \u201cTuvimos dos rifirrafes por dos chorradas que <strong>se han sobredimensionado<\/strong> y parece que hayamos empezado con mal pie, pero <strong>es absolutamente mentira<\/strong>. Llegamos superfelices, pero se han visto esas im\u00e1genes&#8230;\u201d\n    <\/p>\n<p>    <a href=\"https:\/\/www.eldiario.es\/vertele\/audiencias-tv\/estrategia-telecinco-realities-tentaciones-echa-lena-fuego-audiencia-gh-20-no-aviva_1_12766514.html\" data-mrf-recirculation=\"saber-mas-abajo\" data-dl-event=\"saber-mas-abajo\" rel=\"nofollow noopener\" target=\"_blank\"><\/p>\n<p class=\"know-more__title\">As\u00ed va la estrategia de Telecinco con sus realities: &#8216;Tentaciones&#8217; echa le\u00f1a al fuego de la audiencia, pero &#8216;GH 20&#8217; no lo aviva\n<\/p>\n<p>            <img decoding=\"async\" class=\"lazy\" loading=\"lazy\" data-src=\"https:\/\/static.eldiario.es\/clip\/85bed12f-e629-444e-ae4b-c19f57c75957_16-9-aspect-ratio_default_0.jpg\" src=\"data:image\/svg+xml,%3Csvg xmlns=\" http:=\"\" viewbox=\"0 0 880 495\" alt=\"As\u00ed va la estrategia de Telecinco con sus realities: 'Tentaciones' echa le\u00f1a al fuego de la audiencia, pero 'GH 20' no lo aviva\"\/><\/p>\n<p>                        <\/a><\/p>\n<p class=\"article-text\">\n        \u201cSi me ves acabar las frases o tienes un momento de pausa conmigo, me puedes llegar a entender. Si solo ves un Aldo que est\u00e1 arriba, pasota, vehemente&#8230; Este Aldo se corrobora si est\u00e1s un rato m\u00e1s conmigo y ves que, en verdad, tambi\u00e9n puedo estar tranquilo y mucho m\u00e1s relajado. Pero el programa siempre me muestra muy arriba y como que parece que paso de todo\u201d, a\u00f1adi\u00f3 Comas durante su intervenci\u00f3n en el programa de <strong>Anne Igartiburu<\/strong> y <strong>Javier de Hoyos<\/strong>, donde defendi\u00f3, a tenor de sus palabras, que la edici\u00f3n de Hasta el fin del mundo tampoco le est\u00e1 haciendo justicia.\n    <\/p>\n","protected":false},"excerpt":{"rendered":"Hasta el fin del mundo, el nuevo reality con famosos de La 1, arrastra un par de pol\u00e9micas&hellip;\n","protected":false},"author":2,"featured_media":241117,"comment_status":"","ping_status":"","sticky":false,"template":"","format":"standard","meta":{"footnotes":""},"categories":[171],"tags":[62063,8405,2197,146,147,25,24,58703,1156,3088,4191,518,23,214],"class_list":{"0":"post-241116","1":"post","2":"type-post","3":"status-publish","4":"format-standard","5":"has-post-thumbnail","7":"category-tv","8":"tag-aldo-comas","9":"tag-cuestiona","10":"tag-edicion","11":"tag-entertainment","12":"tag-entretenimiento","13":"tag-es","14":"tag-espana","15":"tag-hasta-el-fin-del-mundo","16":"tag-muestra","17":"tag-parece","18":"tag-paso","19":"tag-rtve","20":"tag-spain","21":"tag-tv"},"share_on_mastodon":{"url":"https:\/\/pubeurope.com\/@es\/115565856355601892","error":""},"_links":{"self":[{"href":"https:\/\/www.europesays.com\/es\/wp-json\/wp\/v2\/posts\/241116","targetHints":{"allow":["GET"]}}],"collection":[{"href":"https:\/\/www.europesays.com\/es\/wp-json\/wp\/v2\/posts"}],"about":[{"href":"https:\/\/www.europesays.com\/es\/wp-json\/wp\/v2\/types\/post"}],"author":[{"embeddable":true,"href":"https:\/\/www.europesays.com\/es\/wp-json\/wp\/v2\/users\/2"}],"replies":[{"embeddable":true,"href":"https:\/\/www.europesays.com\/es\/wp-json\/wp\/v2\/comments?post=241116"}],"version-history":[{"count":0,"href":"https:\/\/www.europesays.com\/es\/wp-json\/wp\/v2\/posts\/241116\/revisions"}],"wp:featuredmedia":[{"embeddable":true,"href":"https:\/\/www.europesays.com\/es\/wp-json\/wp\/v2\/media\/241117"}],"wp:attachment":[{"href":"https:\/\/www.europesays.com\/es\/wp-json\/wp\/v2\/media?parent=241116"}],"wp:term":[{"taxonomy":"category","embeddable":true,"href":"https:\/\/www.europesays.com\/es\/wp-json\/wp\/v2\/categories?post=241116"},{"taxonomy":"post_tag","embeddable":true,"href":"https:\/\/www.europesays.com\/es\/wp-json\/wp\/v2\/tags?post=241116"}],"curies":[{"name":"wp","href":"https:\/\/api.w.org\/{rel}","templated":true}]}}