{"id":241118,"date":"2025-11-17T15:56:09","date_gmt":"2025-11-17T15:56:09","guid":{"rendered":"https:\/\/www.europesays.com\/es\/241118\/"},"modified":"2025-11-17T15:56:09","modified_gmt":"2025-11-17T15:56:09","slug":"como-murio-bon-scott-el-cantante-que-antecedio-a-brian-johnson","status":"publish","type":"post","link":"https:\/\/www.europesays.com\/es\/241118\/","title":{"rendered":"c\u00f3mo muri\u00f3 Bon Scott, el cantante que antecedi\u00f3 a Brian Johnson"},"content":{"rendered":"<p>Ronald Belford <strong>\u201cBon\u201d Scott<\/strong> naci\u00f3 el 9 de julio de 1946 en Forfar, Escocia, y fue <strong>uno de los frontman m\u00e1s influyentes en la historia del rock<\/strong>. Fue el segundo<strong> cantante de <a href=\"https:\/\/www.clarin.com\/espectaculos\/solo-fanaticos-significa-acdc-banda-eligio-nombre_0_Vts3BG746K.html\" target=\"_blank\" title=\"AC\/DC\" alt=\"AC\/DC\" rel=\"nofollow noopener\">AC\/DC<\/a><\/strong> y una de las figuras clave para moldear el sonido crudo y el\u00e9ctrico de la banda.<\/p>\n<p>Con su voz rasposa y su presencia provocadora, Bon Scott <strong>particip\u00f3 en discos como High Voltage, Let There Be Rock, Powerage y Highway to Hell, <\/strong>el que<strong> <\/strong>fue su \u00faltimo \u00e1lbum de estudio junto al grupo y el que termin\u00f3 de consolidar la fama mundial de grupo australiano.<\/p>\n<p>Adem\u00e1s de su legado dentro de la banda, su \u00faltima grabaci\u00f3n fue Ride On, junto a la banda francesa Trust. En aquellas semanas finales, el grupo hab\u00eda comenzado las primeras sesiones de <strong>Back in Black<\/strong>, pero la muerte del cantante interrumpi\u00f3 el proceso.<\/p>\n<p><strong>Tras su partida, <a href=\"https:\/\/www.clarin.com\/espectaculos\/taylor-momsen-rockera-brillo-grinch-gossip-girl-ahora-telonera-acdc-argentina_0_NstCx57FNb.html\" target=\"_blank\" title=\"AC\/DC\" alt=\"AC\/DC\" rel=\"nofollow noopener\">AC\/DC<\/a> convoc\u00f3 a Brian Johnson<\/strong>, quien grab\u00f3 es m\u00edtico disco que terminar\u00eda vendiendo casi 50 millones de copias, convirti\u00e9ndose en el segundo \u00e1lbum m\u00e1s vendido de la historia.<\/p>\n<p><strong>Bon Scott,<\/strong> el cantante de AC\/DC, <strong>muri\u00f3 a los 33 a\u00f1os tras una noche de excesos en Londres.<\/strong> En la madrugada del 19 de febrero de 1980, hab\u00eda asistido al Music Machine de Camden junto a su amigo <strong>Alistair Kinnear<\/strong>. Ambos se retiraron cerca de las tres y emprendieron el regreso.<\/p>\n<p>Durante el viaje, Bon se qued\u00f3 dormido y, al llegar a su destino, Kinnear no logr\u00f3 bajarlo del auto. Decidi\u00f3 llevarlo a su propia casa para que descansara y <strong>tras no poder despertarlo lo dej\u00f3 en el veh\u00edculo,<\/strong> esperando que se recuperara con el paso de las horas.<\/p>\n<p>Cuando Kinnear <strong>volvi\u00f3 al coche quince horas despu\u00e9s, encontr\u00f3 a Scott inconsciente<\/strong> y lo traslad\u00f3 de inmediato al Kings College Hospital. Seg\u00fan el informe forense, Scott <strong>muri\u00f3 por intoxicaci\u00f3n et\u00edlica y asfixia con su propio v\u00f3mito.<\/strong><\/p>\n<p><strong>Scott fue enterrado en el cementerio de Fremantle, en Australia.<\/strong> Con el tiempo, su tumba se convirti\u00f3 en un lugar de peregrinaci\u00f3n para fan\u00e1ticos de todo el mundo y, tres d\u00e9cadas m\u00e1s tarde, la National Trust of Australia la incorpor\u00f3 a su lista de lugares protegidos como patrimonio cultural.<\/p>\n<p>Entre todas las composiciones en las que <strong>particip\u00f3 Bon Scott,<\/strong> una se destaca por su historia: <strong><a href=\"https:\/\/www.clarin.com\/estados-unidos\/cancion-acdc-dejo-tocar-vivo-respeto-bon-scott-juramos-amistad-eterna_0_5gEsII3Hcn.html\" target=\"_blank\" title=\"It\u2019s a Long Way to the Top (If You Wanna Rock \u2019n\u2019 Roll)\" alt=\"It\u2019s a Long Way to the Top (If You Wanna Rock \u2019n\u2019 Roll)\" rel=\"nofollow noopener\">It\u2019s a Long Way to the Top (If You Wanna Rock \u2019n\u2019 Roll)<\/a><\/strong>, una de las canciones m\u00e1s ic\u00f3nicas de la banda. <\/p>\n<p>Sin dudas, lo que distingue a este tema son las<strong> gaitas, un instrumento que Scott aprendi\u00f3 especialmente para grabarla. <\/strong>A pesar de que en su juventud hab\u00eda sido baterista en una banda de gaitas, nunca hab\u00eda tocado una.<\/p>\n<p>La \u00faltima vez que AC\/DC la interpret\u00f3 en vivo fue el 17 de diciembre de 1979 en Londres, apenas unos meses antes de la muerte del cantante. Despu\u00e9s de su fallecimiento,<strong> la banda decidi\u00f3 no volver a tocarla jam\u00e1s en respeto a Scott.<\/strong><\/p>\n<p>Brian Johnson, consciente del componente emocional que ten\u00eda la canci\u00f3n y del legado de Scott, eligi\u00f3 no reemplazarlo en esa interpretaci\u00f3n. It\u2019s a Long Way to the Top es un tributo y monumento sonoro a la voz que marc\u00f3 los a\u00f1os formativos de AC\/DC.<\/p>\n<p><strong>AC\/DC dar\u00e1 tres shows en la Argentina<\/strong>: 23,27 y 31 de marzo de 2026, en el estadio de River Plate, donde ya han tocado varias veces e incluso grabado y editado su famoso \u00e1lbum y dvd <strong>Live at River Plate<\/strong>.<\/p>\n","protected":false},"excerpt":{"rendered":"Ronald Belford \u201cBon\u201d Scott naci\u00f3 el 9 de julio de 1946 en Forfar, Escocia, y fue uno de&hellip;\n","protected":false},"author":2,"featured_media":241119,"comment_status":"","ping_status":"","sticky":false,"template":"","format":"standard","meta":{"footnotes":""},"categories":[170],"tags":[146,147,25,24,184,185,23],"class_list":{"0":"post-241118","1":"post","2":"type-post","3":"status-publish","4":"format-standard","5":"has-post-thumbnail","7":"category-musica","8":"tag-entertainment","9":"tag-entretenimiento","10":"tag-es","11":"tag-espana","12":"tag-music","13":"tag-musica","14":"tag-spain"},"share_on_mastodon":{"url":"https:\/\/pubeurope.com\/@es\/115565860416035530","error":""},"_links":{"self":[{"href":"https:\/\/www.europesays.com\/es\/wp-json\/wp\/v2\/posts\/241118","targetHints":{"allow":["GET"]}}],"collection":[{"href":"https:\/\/www.europesays.com\/es\/wp-json\/wp\/v2\/posts"}],"about":[{"href":"https:\/\/www.europesays.com\/es\/wp-json\/wp\/v2\/types\/post"}],"author":[{"embeddable":true,"href":"https:\/\/www.europesays.com\/es\/wp-json\/wp\/v2\/users\/2"}],"replies":[{"embeddable":true,"href":"https:\/\/www.europesays.com\/es\/wp-json\/wp\/v2\/comments?post=241118"}],"version-history":[{"count":0,"href":"https:\/\/www.europesays.com\/es\/wp-json\/wp\/v2\/posts\/241118\/revisions"}],"wp:featuredmedia":[{"embeddable":true,"href":"https:\/\/www.europesays.com\/es\/wp-json\/wp\/v2\/media\/241119"}],"wp:attachment":[{"href":"https:\/\/www.europesays.com\/es\/wp-json\/wp\/v2\/media?parent=241118"}],"wp:term":[{"taxonomy":"category","embeddable":true,"href":"https:\/\/www.europesays.com\/es\/wp-json\/wp\/v2\/categories?post=241118"},{"taxonomy":"post_tag","embeddable":true,"href":"https:\/\/www.europesays.com\/es\/wp-json\/wp\/v2\/tags?post=241118"}],"curies":[{"name":"wp","href":"https:\/\/api.w.org\/{rel}","templated":true}]}}