{"id":241120,"date":"2025-11-17T15:57:14","date_gmt":"2025-11-17T15:57:14","guid":{"rendered":"https:\/\/www.europesays.com\/es\/241120\/"},"modified":"2025-11-17T15:57:14","modified_gmt":"2025-11-17T15:57:14","slug":"las-mejores-peliculas-y-series-de-estreno-17","status":"publish","type":"post","link":"https:\/\/www.europesays.com\/es\/241120\/","title":{"rendered":"Las mejores pel\u00edculas y series de estreno (17"},"content":{"rendered":"<p class=\"c-paragraph\">Pues nos hemos merendado en un abrir y cerrar de ojos la mitad de noviembre. El ambiente ya huele a mazap\u00e1n mientras nos acercamos a las Navidades, por lo que la cosa tambi\u00e9n se va a poner interesante en materia de <b>pel\u00edculas y series de estreno<\/b>.\u00a0<\/p>\n<p class=\"c-paragraph\">Se nos presenta una semana intensa en la cartelera, con pel\u00edculas de alto perfil llegando a nuestras salas y con <a href=\"https:\/\/www.hobbyconsolas.com\/reportajes\/stephen-king-biografia-mejores-libros-recomendaciones-rey-terror-1156017\" rel=\"nofollow noopener\" target=\"_blank\">Stephen King<\/a> poniendo el broche de oro a un a\u00f1o especialmente prol\u00edfico para las adaptaciones de su obra.<\/p>\n<p class=\"c-paragraph\">Y siempre nos quedan series con estrenos semanales, claro. Tenemos <a href=\"https:\/\/www.hobbyconsolas.com\/hobbycine\/critica-it-bienvenidos-derry-un-paseo-perturbador-por-las-cloacas-ciudad_6883497_0.html\" title=\"Cr\u00edtica de It: Bienvenidos a Derry - Un paseo perturbador por las cloacas de la ciudad\" rel=\"nofollow noopener\" target=\"_blank\">It: Bienvenidos a Derry<\/a> en <b>HBO Max<\/b>, <a href=\"https:\/\/www.hobbyconsolas.com\/hobbycine\/critica-pluribus-vince-gilligan-nos-ofrece-una-ciencia-ficcion-absorbente-apple-tv_6881539_0.html\" title=\"Cr\u00edtica de Pluribus: Vince Gilligan nos ofrece una ciencia ficci\u00f3n absorbente en Apple TV+\" rel=\"nofollow noopener\" target=\"_blank\">Pluribus <\/a>y el final de la temporada 4 de <a href=\"https:\/\/www.hobbyconsolas.com\/noticias\/morning-show-regresa-hoy-apple-tv-buenas-noticias-ser-renovada-quinta-temporada-1484106\" title=\"The Morning Show regresa hoy a Apple TV+ con buenas noticias tras ser renovada por una quinta temporada\" rel=\"nofollow noopener\" target=\"_blank\">The Morning Show<\/a> en <b>Apple TV<\/b>, <a href=\"https:\/\/www.hobbyconsolas.com\/reviews\/critica-tulsa-king-temporada-3-sylvester-stallone-mundo-bajar-nivel-serie-taylor-sheridan-skyshowtime-1484159\" title=\"Cr\u00edtica de Tulsa King temporada 3: Sylvester Stallone contra el mundo sin bajar el nivel en la serie de Taylor Sheridan para SkyShowtime\" rel=\"nofollow noopener\" target=\"_blank\">Tulsa King<\/a> y <a href=\"https:\/\/www.hobbyconsolas.com\/hobbycine\/critica-mayor-of-kingstown-temporada-4-prometedor-reinicio-suave-thriller-carcelario-taylor-sheridan_6883540_0.html\" title=\"Cr\u00edtica de Mayor of Kingstown temporada 4: prometedor reinicio suave del thriller carcelario de Taylor Sheridan\" rel=\"nofollow noopener\" target=\"_blank\">Mayor of Kingstown<\/a> en <b>SkyShowtime<\/b>\u2026<\/p>\n<p class=\"c-paragraph\">Hoy, en HobbyCine, hablaremos de algunas de las <b>mejores pel\u00edculas y series de estreno que llegan a Espa\u00f1a durante la semana que va del 17 al 23 de noviembre de 2025<\/b>.<\/p>\n<p>The Running Man (viernes 21 de noviembre)<\/p>\n<p class=\"c-paragraph\">Ya que mencion\u00e1bamos antes al bueno de <b>Stephen King<\/b>, empecemos con \u00e9l. La semana pasada ten\u00edamos el estreno en Espa\u00f1a de <a href=\"https:\/\/www.hobbyconsolas.com\/hobbycine\/critica-larga-marcha-una-adaptacion-tan-salvaje-resonante-como-novela-original_6897252_0.html\" title=\"Cr\u00edtica de La larga marcha, una adaptaci\u00f3n tan salvaje y resonante como la novela original\" rel=\"nofollow noopener\" target=\"_blank\">La larga marcha<\/a>, pero el rey del terror regresa esta semana con <a href=\"https:\/\/www.hobbyconsolas.com\/hobbycine\/critica-the-running-man-pura-adrenalina-con-edgar-wright-glen-powell-tope_6897003_0.html\" title=\"Cr\u00edtica de The Running Man: pura adrenalina con Edgar Wright y Glen Powell a tope\" rel=\"nofollow noopener\" target=\"_blank\">The Running Man<\/a>.<\/p>\n<p class=\"c-paragraph\">Basada en la novela dist\u00f3pica <b>El fugitivo<\/b> que King escribi\u00f3 bajo seud\u00f3nimo de <a href=\"https:\/\/www.hobbyconsolas.com\/noticias\/stephen-king-revela-como-implicado-adaptacion-torre-oscura-mike-flanagan-prime-video-1444449\" title=\"Stephen King se involucra a lo grande en la nueva adaptaci\u00f3n de La Torre Oscura que llegar\u00e1 a Prime Video\" rel=\"nofollow noopener\" target=\"_blank\">Richard Bachman<\/a>, la pel\u00edcula nos lleva a una distop\u00eda en la que un hombre se jugar\u00e1 la vida en un concurso letal para conseguir suficiente dinero para el tratamiento que necesitan su esposa e hija.<\/p>\n<p class=\"c-paragraph\">Ben Richards debe sobrevivir durante un mes en la ciudad, mientras todo el mundo, especialmente asesinos profesionales, tratan de cazarlo y liquidarlo. Todo esto mientras sirve de entretenimiento para las masas en un concurso que sirve como \u00abpan y circo\u00bb en esta versi\u00f3n de Estados Unidos.<\/p>\n<p class=\"c-paragraph\"><b>Glen Powell<\/b> encabeza el reparto de The Running Man, acompa\u00f1ado por <b>William H. Macy, Lee Pace, Michael Cera, Emilia Jones, Josh Brolin, Colman Domingo, Jayme Lawson, Sean Hayes, Katy O&#8217;Brian y Karl Glusman<\/b>.<\/p>\n<p>Sisu: Camino a la venganza\u00a0(viernes 21 de noviembre)<\/p>\n<p class=\"c-paragraph\">Si eres de mucha acci\u00f3n y pocas palabras, este viernes tienes una cita con <a href=\"https:\/\/www.hobbyconsolas.com\/reviews\/critica-sisu-gran-vencedora-sitges-llega-cines-accion-memorable-1236532\" title=\"Cr\u00edtica de Sisu, la gran vencedora de Sitges llega a los cines con esp\u00edritu de lucha y acci\u00f3n memorable\" rel=\"nofollow noopener\" target=\"_blank\">Sisu: Camino a la venganza<\/a>, la secuela de la sensacional pel\u00edcula finlandesa donde los nazis lo pasaron fatal a manos de un hombre al que la propia Muerte teme llevarse.<\/p>\n<p class=\"c-paragraph\">Con los nazis despachados, el hombre vuelve a su casa, donde su familia fue masacrada por el Ej\u00e9rcito Rojo. Su comandante ha vuelto para terminar lo que empez\u00f3. S\u00ed, ese ser\u00e1 su primer error, uno del que, probablemente, no salga con vida.<\/p>\n<p class=\"c-paragraph\"><b>Jorma Tommila<\/b> regresa como el inmortal azote de enemigos en Sisu: Camino a la venganza. Lo acompa\u00f1an en esta ocasi\u00f3n <b>Richard Brake, Stephen Lang, Einar Haraldsson,\u00a0 Jaakko Hutchings,\u00a0 Ergo K\u00fcppas y Anton Klink<\/b><\/p>\n<p>Wicked: Parte II\u00a0(viernes 21 de noviembre)<\/p>\n<p class=\"c-paragraph\">Si es ritmo lo que el cuerpo te lleva pidiendo semanas, no te preocupes, ya est\u00e1 aqu\u00ed <b>Wicked: Parte II<\/b> (Wicked For Good) para darte la dosis justa de magia y m\u00fasica que necesitas. Con <b>Ariana Grande y Cynthia Erivo<\/b> a la cabeza, por supuesto.<\/p>\n<p class=\"c-paragraph\"><b>Jon M. Chu<\/b> regresa como director para est segunda parte con la que completaremos el musical inspirado en El Mago de Oz, que contar\u00e1 con la presencia de los protagonistas de la historia original de\u00a0L. Frank Baum.<\/p>\n<p class=\"c-paragraph\">Tras el \u00e9xito de cr\u00edtica y p\u00fablico de la primera parte, Wicked: Parte II se perfila como una de las pel\u00edculas m\u00e1s esperadas de esta recta final de 2025.<\/p>\n<p class=\"c-paragraph\">Adem\u00e1s de Grande y Erivo, la pel\u00edcula contar\u00e1 con <b>Jonathan Bailey, Jeff Goldblum, Michelle Yeoh, Marissa Bode, Ethan Slater, Bowen Yang, Colman Domingo y Adam James<\/b>, entre otros.<\/p>\n<p>La que se avecina temporada 16\u00a0(martes 18 de noviembre)<\/p>\n<p class=\"c-paragraph\">Pasamos a las series, porque <a href=\"https:\/\/www.hobbyconsolas.com\/hobbycine\/prime-video-se-hace-con-una-las-novelas-mas-populares-rebecca-yarros-saga-empireo-tras-disputar-los-derechos-netflix-paramount_6897001_0.html\" title=\"Prime Video se hace con una de las novelas m\u00e1s populares de Rebecca Yarros (saga Emp\u00edreo) tras disputar los derechos a Netflix y Paramount\" rel=\"nofollow noopener\" target=\"_blank\">Prime Video<\/a> est\u00e1 de estreno esta semana con la llegada de la temporada 16 de <a href=\"https:\/\/www.hobbyconsolas.com\/hobbycine\/que-se-avecina-ya-tiene-listado-cines-los-que-se-podra-ver-su-capitulo-200-tematica-western-amplia-fechas_6884812_0.html\" title=\"La que se avecina ya tiene listado de cines en los que se podr\u00e1 ver su cap\u00edtulo 200 de tem\u00e1tica western, y ampl\u00eda fechas\" rel=\"nofollow noopener\" target=\"_blank\">La que se avecina<\/a>, que viene pisando fuerte con las chaladuras de los vecinos de Contubernio 49.<\/p>\n<p class=\"c-paragraph\">Despu\u00e9s de ese estreno especial en salas del episodio 200 que vimos en cines selectos, <b>Recio, Amador, Mayte<\/b> y compa\u00f1\u00eda vuelven a la pantalla peque\u00f1a para otros ocho nuevos episodios a las \u00f3rdenes de los hermanos Caballero, con una temporada 17 ya confirmada.<\/p>\n<p>Landman: Un negocio crudo temporada 2\u00a0(viernes 21 de noviembre)<\/p>\n<p class=\"c-paragraph\">Y terminamos el repaso semanal en <a href=\"https:\/\/www.hobbyconsolas.com\/hobbycine\/fin-yellowstone-movimiento-taylor-sheridan-los-cambios-industria-cambiaran-si-si-este-universo_6881592_0.html\" title=\"\u00bfEl fin de Yellowstone? El movimiento de Taylor Sheridan y los cambios en la industria cambiar\u00e1n s\u00ed o s\u00ed este universo\" rel=\"nofollow noopener\" target=\"_blank\">SkyShowtime<\/a>, donde este viernes tenemos la \u00faltima serie de <a href=\"https:\/\/www.hobbyconsolas.com\/hobbycine\/que-taylor-sheridan-se-vaya-paramount-no-deberia-suponer-un-problema-para-sus-fans-espanoles_6881688_0.html\" title=\"Que Taylor Sheridan se vaya de Paramount no deber\u00eda suponer un problema para sus fans espa\u00f1oles\" rel=\"nofollow noopener\" target=\"_blank\">Taylor Sheridan<\/a> para 2025, la temporada 2 de Landman: Un negocio crudo.<\/p>\n<p class=\"c-paragraph\"><b>Tommy Norris<\/b> (Billy Bob Thornton) va a ver sus problemas aumentar exponencialmente en esta nueva tanda de episodios. Si no ten\u00eda suficiente con el d\u00eda a d\u00eda en M-Tex y su disfuncional familia, la muerte de su amigo y jefe, <b>Morty Miller<\/b>, va a dejar un panorama desolador a su alrededor, con lucha de poderes incluida.<\/p>\n<p class=\"c-paragraph\">Menos mal que Tommy contar\u00e1 con algo de ayuda en casa gracias a su padre (Sam Elliott), que ayudar\u00e1 a que las cosas no se salgan de madre, al menos en uno de los frentes que tiene su hijo.<\/p>\n<p class=\"c-paragraph\">Tengas pensada una visitilla al cine o despanzurrarte en el sof\u00e1, esta semana tendr\u00e1s <b>pel\u00edculas y series de estreno<\/b> para ver y disfrutar mientras te preparas mentalmente para el marat\u00f3n navide\u00f1o.<\/p>\n","protected":false},"excerpt":{"rendered":"Pues nos hemos merendado en un abrir y cerrar de ojos la mitad de noviembre. El ambiente ya&hellip;\n","protected":false},"author":2,"featured_media":241121,"comment_status":"","ping_status":"","sticky":false,"template":"","format":"standard","meta":{"footnotes":""},"categories":[169],"tags":[177,146,147,25,24,1055,176,4207,804,175,753,805,23],"class_list":{"0":"post-241120","1":"post","2":"type-post","3":"status-publish","4":"format-standard","5":"has-post-thumbnail","7":"category-cine","8":"tag-cine","9":"tag-entertainment","10":"tag-entretenimiento","11":"tag-es","12":"tag-espana","13":"tag-estreno","14":"tag-film","15":"tag-las","16":"tag-mejores","17":"tag-movies","18":"tag-peliculas","19":"tag-series","20":"tag-spain"},"share_on_mastodon":{"url":"https:\/\/pubeurope.com\/@es\/115565864306480942","error":""},"_links":{"self":[{"href":"https:\/\/www.europesays.com\/es\/wp-json\/wp\/v2\/posts\/241120","targetHints":{"allow":["GET"]}}],"collection":[{"href":"https:\/\/www.europesays.com\/es\/wp-json\/wp\/v2\/posts"}],"about":[{"href":"https:\/\/www.europesays.com\/es\/wp-json\/wp\/v2\/types\/post"}],"author":[{"embeddable":true,"href":"https:\/\/www.europesays.com\/es\/wp-json\/wp\/v2\/users\/2"}],"replies":[{"embeddable":true,"href":"https:\/\/www.europesays.com\/es\/wp-json\/wp\/v2\/comments?post=241120"}],"version-history":[{"count":0,"href":"https:\/\/www.europesays.com\/es\/wp-json\/wp\/v2\/posts\/241120\/revisions"}],"wp:featuredmedia":[{"embeddable":true,"href":"https:\/\/www.europesays.com\/es\/wp-json\/wp\/v2\/media\/241121"}],"wp:attachment":[{"href":"https:\/\/www.europesays.com\/es\/wp-json\/wp\/v2\/media?parent=241120"}],"wp:term":[{"taxonomy":"category","embeddable":true,"href":"https:\/\/www.europesays.com\/es\/wp-json\/wp\/v2\/categories?post=241120"},{"taxonomy":"post_tag","embeddable":true,"href":"https:\/\/www.europesays.com\/es\/wp-json\/wp\/v2\/tags?post=241120"}],"curies":[{"name":"wp","href":"https:\/\/api.w.org\/{rel}","templated":true}]}}