{"id":241131,"date":"2025-11-17T16:04:11","date_gmt":"2025-11-17T16:04:11","guid":{"rendered":"https:\/\/www.europesays.com\/es\/241131\/"},"modified":"2025-11-17T16:04:11","modified_gmt":"2025-11-17T16:04:11","slug":"concluyen-tras-cuatro-horas-las-declaraciones-de-las-tres-presuntas-acosadoras-de-sandra","status":"publish","type":"post","link":"https:\/\/www.europesays.com\/es\/241131\/","title":{"rendered":"Concluyen tras cuatro horas las declaraciones de las tres presuntas acosadoras de Sandra"},"content":{"rendered":"<p style=\"\">La <strong>Fiscal\u00eda de Menores de Sevilla<\/strong> ha vivido este lunes una nueva jornada de interrogatorios por el presunto caso de bullying de Sandra en el entorno escolar de las<strong> Irlandesas de Loreto<\/strong>, donde estudiaba. Hoy le ha tocado el turno a las  &#8230; tres presuntas acosadoras de la ni\u00f1a de 14 a\u00f1os que el pasado mes de octubre se quitaba la vida tras precipitarse desde la azotea de su casa en la <strong>calle Rafael Laff\u00f3n<\/strong>, ubicada junto al propio centro educativo. <\/p>\n<p class=\"voc-p\" style=\"\">Poco ha trascendido de las declaraciones de las tres menores, que han permanecido por<strong> cuatro horas<\/strong> en las dependencias del <strong>Ministerio P\u00fablico<\/strong>, que sigue adelante con las tres causas abiertas: el presunto caso de bullying, la actuaci\u00f3n del centro ante los episodios denunciados y el acoso en las redes a estas tres menores. Estaban citadas a las 9.30 horas y han salido del garaje de la Fiscal\u00eda, ubicada en la avenida de la Buhaira, sobre la una y media. <\/p>\n<p class=\"voc-p\" style=\"\">La cita de este lunes se produce despu\u00e9s de que la semana pasada comparecieran ante la Fiscal\u00eda en calidad de testigos perjudicados los padres de Sandra, en un encuentro que tambi\u00e9n se prolong\u00f3 durante cuatro horas en el que pidieron <strong>una sanci\u00f3n \u00abcontundente y ejemplarizante\u00bb<\/strong> para el colegio en el que estudiaba, las Irladensas de Loreto. Ese d\u00eda, adem\u00e1s, estaban citados el director del colegio, Francisco Su\u00e1rez, la jefa de estudios, la orientadora y la tutora. Todos ellos, al igual que los padres de la menor, rehusaron entonces hacer declaraciones a los medios.<\/p>\n<p class=\"voc-p\" style=\"\">S\u00ed habl\u00f3 a los periodistas el t\u00edo de la menor y portavoz de la familia, Isaac Villar, quien manifest\u00f3 que los progenitores hab\u00edan asistido \u00abcon la tranquilidad de que contar\u00e1n la verdad; tambi\u00e9n con malestar, por tener que volver a revivirlo todo\u00bb e indic\u00f3 que la familia \u00abse ha sentido siempre muy arropada por la <strong>Junta de Andaluc\u00eda, por la Consejer\u00eda -Desarrollo Formativo y Formaci\u00f3n Profesional-<\/strong>, y muy especialmente por el Defensor del Pueblo\u00bb, por lo que confiaban \u00abplenamente en que la Junta est\u00e9 a la altura y sea contundente a la hora de tomar esta decisi\u00f3n en la comisi\u00f3n de conciliaci\u00f3n para el tema de la sanci\u00f3n administrativa\u00bb.<\/p>\n<p class=\"voc-p\" style=\"\">En opini\u00f3n de la familia, \u00abno puede haber otra sanci\u00f3n que no sea<strong> la m\u00e1s alta<\/strong>, porque los errores que se han cometido en el centro escolar han provocado la decisi\u00f3n que tom\u00f3 mi sobrina de quitarse la vida: es la lucha nuestra o el hecho de estar aqu\u00ed tambi\u00e9n, que es para que esto no se repita\u00bb.<\/p>\n<p class=\"voc-p\" style=\"\">La investigaci\u00f3n del caso sigue abierta tras la entrega por parte de la Polic\u00eda Nacional a la Fiscal\u00eda de Menores del informe sobre acoso escolar que, supuestamente, sufri\u00f3 la joven sevillana en el centro en el que cursaba sus estudios.<\/p>\n","protected":false},"excerpt":{"rendered":"La Fiscal\u00eda de Menores de Sevilla ha vivido este lunes una nueva jornada de interrogatorios por el presunto&hellip;\n","protected":false},"author":2,"featured_media":241132,"comment_status":"","ping_status":"","sticky":false,"template":"","format":"standard","meta":{"footnotes":""},"categories":[8],"tags":[53545,17,18,14734,954,14762,25,24,13,14,11,297,19,20,9,10,15,16,1379,7279,23,12,575,603,21,22],"class_list":{"0":"post-241131","1":"post","2":"type-post","3":"status-publish","4":"format-standard","5":"has-post-thumbnail","7":"category-espana","8":"tag-acosadoras","9":"tag-breaking-news","10":"tag-breakingnews","11":"tag-concluye","12":"tag-cuatro","13":"tag-declaraciones","14":"tag-es","15":"tag-espana","16":"tag-featured-news","17":"tag-featurednews","18":"tag-headlines","19":"tag-horas","20":"tag-latest-news","21":"tag-latestnews","22":"tag-news","23":"tag-noticias","24":"tag-noticias-destacadas","25":"tag-noticiasdestacadas","26":"tag-presuntas","27":"tag-sandra","28":"tag-spain","29":"tag-titulares","30":"tag-tras","31":"tag-tres","32":"tag-ultimas-noticias","33":"tag-ultimasnoticias"},"share_on_mastodon":{"url":"https:\/\/pubeurope.com\/@es\/115565891696556729","error":""},"_links":{"self":[{"href":"https:\/\/www.europesays.com\/es\/wp-json\/wp\/v2\/posts\/241131","targetHints":{"allow":["GET"]}}],"collection":[{"href":"https:\/\/www.europesays.com\/es\/wp-json\/wp\/v2\/posts"}],"about":[{"href":"https:\/\/www.europesays.com\/es\/wp-json\/wp\/v2\/types\/post"}],"author":[{"embeddable":true,"href":"https:\/\/www.europesays.com\/es\/wp-json\/wp\/v2\/users\/2"}],"replies":[{"embeddable":true,"href":"https:\/\/www.europesays.com\/es\/wp-json\/wp\/v2\/comments?post=241131"}],"version-history":[{"count":0,"href":"https:\/\/www.europesays.com\/es\/wp-json\/wp\/v2\/posts\/241131\/revisions"}],"wp:featuredmedia":[{"embeddable":true,"href":"https:\/\/www.europesays.com\/es\/wp-json\/wp\/v2\/media\/241132"}],"wp:attachment":[{"href":"https:\/\/www.europesays.com\/es\/wp-json\/wp\/v2\/media?parent=241131"}],"wp:term":[{"taxonomy":"category","embeddable":true,"href":"https:\/\/www.europesays.com\/es\/wp-json\/wp\/v2\/categories?post=241131"},{"taxonomy":"post_tag","embeddable":true,"href":"https:\/\/www.europesays.com\/es\/wp-json\/wp\/v2\/tags?post=241131"}],"curies":[{"name":"wp","href":"https:\/\/api.w.org\/{rel}","templated":true}]}}