{"id":241135,"date":"2025-11-17T16:10:10","date_gmt":"2025-11-17T16:10:10","guid":{"rendered":"https:\/\/www.europesays.com\/es\/241135\/"},"modified":"2025-11-17T16:10:10","modified_gmt":"2025-11-17T16:10:10","slug":"finales-copa-davis-2025-cruces-equipos-jugadores-y-capitanes","status":"publish","type":"post","link":"https:\/\/www.europesays.com\/es\/241135\/","title":{"rendered":"Finales Copa Davis 2025: cruces, equipos, jugadores y capitanes"},"content":{"rendered":"<p class=\"\">El mundo del tenis ya se prepara para la \u00faltima gran competici\u00f3n oficial del calendario 2025:<b> la Copa Davis,<\/b> el mayor torneo de tenis por pa\u00edses del mundo. Los ocho equipos que lograron superar la \u00faltima ronda de los playoffs se dar\u00e1n cita en Bolonia desde este martes en busca de una Ensaladera que Italia quiere revalidar ante su p\u00fablico.<\/p>\n<p>Cruces de las Finales de la Copa Davis<\/p>\n<p class=\"\"><b>Parte alta<\/b><\/p>\n<p class=\"\">Italia &#8211; Austria (mi\u00e9rcoles 19 de noviembre, a las 16:00 hora espa\u00f1ola y local)<\/p>\n<p class=\"\">Francia &#8211; B\u00e9lgica (martes 18 de noviembre, a las 16:00 hora espa\u00f1ola y local)<\/p>\n<p class=\"\"><b>Parte baja<\/b><\/p>\n<p class=\"\">Espa\u00f1a &#8211; Chequia (jueves 20 de noviembre, a las 10:00 hora espa\u00f1ola y local)<\/p>\n<p class=\"\">Argentina &#8211; Alemania (jueves 19 de noviembre, a las 16:00 hora espa\u00f1ola y local)<\/p>\n<p class=\"\"><b>Semifinales<\/b><\/p>\n<p class=\"\">Ganador del Italia-Austria vs Ganador del Francia-B\u00e9lgica (viernes 21 de noviembre a las 16:00 hora espa\u00f1ola y local)<\/p>\n<p class=\"\">Ganador del Espa\u00f1a-Chequia vs Ganador del Argentina-Alemania (s\u00e1bado 22 de noviembre a las 12:00 hora espa\u00f1ola y local)<\/p>\n<p class=\"\"><b>Final<\/b><\/p>\n<p class=\"\">Ganador de la primera semifinal vs Ganador de la segunda semifinal (domingo 23 de noviembre a las 15:00 hora espa\u00f1ola y local)<\/p>\n<p class=\"\">*Los horarios pueden estar sometidos a modificaciones de \u00faltima hora<\/p>\n<p>Equipos, jugadores y capitanes de las Finales de Copa Davis 2025<\/p>\n<p class=\"\"><b>Alemania:<\/b> Alexander Zverev, Jan-Lennard Struff, Yannick Hanfmann, Kevin Krawietz y Tim Puetz. Capit\u00e1n: Michael Kohlmann<\/p>\n<p class=\"\"><b>Argentina: <\/b>Francisco Cer\u00fandolo, Tom\u00e1s Mart\u00edn Etcheverry, Francisco Comesa\u00f1a, Horacio Zeballos y Andr\u00e9s Molteni. Capit\u00e1n: Javier Frana<\/p>\n<p class=\"\"><b>Austria:<\/b> Filip Misolic, Jurij Riodonov, Lukas Neumayer, Lucas Miedler y Alexander Erler. Capit\u00e1n: J\u00fcrgen Melzer<\/p>\n<p class=\"\"><b>B\u00e9lgica: <\/b>Zizou Bergs, Raphael Collignon, Alexander Blockx, Sander Gille y Joran Vliegen. Capit\u00e1n: Steve Darcis<\/p>\n<p class=\"\"><b>Chequia: <\/b>Jiri Lehecka, Jakub Mensik, Tomas Machac, Vit Kopriva y Adam Pavlisek. Capit\u00e1n: Tomas Berdych<\/p>\n<p class=\"\"><b>Espa\u00f1a: <\/b>Carlos Alcaraz, Jaume Munar, Pablo Carre\u00f1o, Pedro Mart\u00ednez y Marcel Granollers. Capit\u00e1n: David Ferrer<\/p>\n<p class=\"\"><b>Francia: <\/b>Arthur Rinderknech, Corentin Moutet, Giovanni Mpetshi Perricard, Benjamin Bonzi y Pierre-Hugues Herbert. Capit\u00e1n: Paul-Henri Mathieu<\/p>\n<p class=\"\"><b>Italia:<\/b> Flavio Cobolli, Lorenzo Sonego, Matteo Berrettini, Andrea Vavassori y Simone Bolelli. Capit\u00e1n: Filippo Volandri<\/p>\n<p>Noticias relacionadas<\/p>\n<p class=\"\"><b>\u00a1Tus opiniones importan!<\/b> Comenta en los art\u00edculos y suscr\u00edbete gratis a nuestra <a href=\"https:\/\/asfan.as.com\/newsletters\/\" target=\"_blank\" rel=\"nofollow noopener\" title=\"https:\/\/asfan.as.com\/newsletters\/\">newsletter<\/a> y a las alertas informativas en la <a href=\"https:\/\/as.com\/aplicacion-de-as-n\/\" target=\"_blank\" rel=\"nofollow noopener\" title=\"https:\/\/as.com\/aplicacion-de-as-n\/\">App<\/a> o el canal de <a href=\"https:\/\/www.whatsapp.com\/channel\/0029VaAasdA7j6g745nz9M10\" target=\"_blank\" rel=\"nofollow noopener\" title=\"https:\/\/www.whatsapp.com\/channel\/0029VaAasdA7j6g745nz9M10\">WhatsApp<\/a>.<\/p>\n<p class=\"\">\u00bfBuscas licenciar contenido? Haz clic <a href=\"https:\/\/profesional.elpais.com\/soluciones-sindicacion?utm_medium=interno&amp;utm_source=crosslinking&amp;utm_campaign=sindicacion_as_pie_articulos\" target=\"_blank\" rel=\"nofollow noopener\" title=\"https:\/\/profesional.elpais.com\/soluciones-sindicacion?utm_medium=interno&amp;utm_source=crosslinking&amp;utm_campaign=sindicacion_as_pie_articulos\">aqu\u00ed<\/a><\/p>\n","protected":false},"excerpt":{"rendered":"El mundo del tenis ya se prepara para la \u00faltima gran competici\u00f3n oficial del calendario 2025: la Copa&hellip;\n","protected":false},"author":2,"featured_media":241136,"comment_status":"","ping_status":"","sticky":false,"template":"","format":"standard","meta":{"footnotes":""},"categories":[274],"tags":[168,25,24,23,167,327,326],"class_list":{"0":"post-241135","1":"post","2":"type-post","3":"status-publish","4":"format-standard","5":"has-post-thumbnail","7":"category-tenis","8":"tag-deportes","9":"tag-es","10":"tag-espana","11":"tag-spain","12":"tag-sports","13":"tag-tenis","14":"tag-tennis"},"share_on_mastodon":{"url":"https:\/\/pubeurope.com\/@es\/115565915429385525","error":""},"_links":{"self":[{"href":"https:\/\/www.europesays.com\/es\/wp-json\/wp\/v2\/posts\/241135","targetHints":{"allow":["GET"]}}],"collection":[{"href":"https:\/\/www.europesays.com\/es\/wp-json\/wp\/v2\/posts"}],"about":[{"href":"https:\/\/www.europesays.com\/es\/wp-json\/wp\/v2\/types\/post"}],"author":[{"embeddable":true,"href":"https:\/\/www.europesays.com\/es\/wp-json\/wp\/v2\/users\/2"}],"replies":[{"embeddable":true,"href":"https:\/\/www.europesays.com\/es\/wp-json\/wp\/v2\/comments?post=241135"}],"version-history":[{"count":0,"href":"https:\/\/www.europesays.com\/es\/wp-json\/wp\/v2\/posts\/241135\/revisions"}],"wp:featuredmedia":[{"embeddable":true,"href":"https:\/\/www.europesays.com\/es\/wp-json\/wp\/v2\/media\/241136"}],"wp:attachment":[{"href":"https:\/\/www.europesays.com\/es\/wp-json\/wp\/v2\/media?parent=241135"}],"wp:term":[{"taxonomy":"category","embeddable":true,"href":"https:\/\/www.europesays.com\/es\/wp-json\/wp\/v2\/categories?post=241135"},{"taxonomy":"post_tag","embeddable":true,"href":"https:\/\/www.europesays.com\/es\/wp-json\/wp\/v2\/tags?post=241135"}],"curies":[{"name":"wp","href":"https:\/\/api.w.org\/{rel}","templated":true}]}}