{"id":241137,"date":"2025-11-17T16:11:11","date_gmt":"2025-11-17T16:11:11","guid":{"rendered":"https:\/\/www.europesays.com\/es\/241137\/"},"modified":"2025-11-17T16:11:11","modified_gmt":"2025-11-17T16:11:11","slug":"integrantes-y-familiares-del-club-de-jovenes-ciclistas-disfrutan-de-una-jornada-de-convivencia-salamancartv-al-dia","status":"publish","type":"post","link":"https:\/\/www.europesays.com\/es\/241137\/","title":{"rendered":"Integrantes y familiares del Club de J\u00f3venes Ciclistas disfrutan de una jornada de convivencia &#8211; SALAMANCArtv AL D\u00cdA"},"content":{"rendered":"<p class=\"prip\">El<strong> Club J\u00f3venes Ciclistas Mirobrigenses<\/strong> ha llevado a cabo durante este fin de semana su <strong>primera convivencia<\/strong>, con el objetivo de <strong>fortalecer los lazos<\/strong> entre los j\u00f3venes deportistas que integran el Club y sus familiares.<\/p>\n<p>Esta jornada arranc\u00f3 con una <strong>ruta de senderismo por Ciudad Rodrigo<\/strong>, guiando responsables del Club a los participantes por parajes del entorno mirobrigense, combinando ejercicio f\u00edsico, aprendizaje y diversi\u00f3n. Posteriormente, se sentaron a la mesa para compartir una <strong>comida de confraternizaci\u00f3n<\/strong>.<\/p>\n<p>Seg\u00fan se\u00f1alan desde el Club, con iniciativas como esta quieren reafirmar su <strong>\u201ccompromiso\u201d<\/strong> con la promoci\u00f3n del deporte, la convivencia, y la participaci\u00f3n de las familias en la formaci\u00f3n de los j\u00f3venes ciclistas.<\/p>\n","protected":false},"excerpt":{"rendered":"El Club J\u00f3venes Ciclistas Mirobrigenses ha llevado a cabo durante este fin de semana su primera convivencia, con&hellip;\n","protected":false},"author":2,"featured_media":241138,"comment_status":"","ping_status":"","sticky":false,"template":"","format":"standard","meta":{"footnotes":""},"categories":[273],"tags":[313,312,168,1819,1639,25,24,10,4069,3614,23,167],"class_list":{"0":"post-241137","1":"post","2":"type-post","3":"status-publish","4":"format-standard","5":"has-post-thumbnail","7":"category-ciclismo","8":"tag-ciclismo","9":"tag-cycling","10":"tag-deportes","11":"tag-diario","12":"tag-digital","13":"tag-es","14":"tag-espana","15":"tag-noticias","16":"tag-periodico","17":"tag-salamanca","18":"tag-spain","19":"tag-sports"},"share_on_mastodon":{"url":"https:\/\/pubeurope.com\/@es\/115565919125066445","error":""},"_links":{"self":[{"href":"https:\/\/www.europesays.com\/es\/wp-json\/wp\/v2\/posts\/241137","targetHints":{"allow":["GET"]}}],"collection":[{"href":"https:\/\/www.europesays.com\/es\/wp-json\/wp\/v2\/posts"}],"about":[{"href":"https:\/\/www.europesays.com\/es\/wp-json\/wp\/v2\/types\/post"}],"author":[{"embeddable":true,"href":"https:\/\/www.europesays.com\/es\/wp-json\/wp\/v2\/users\/2"}],"replies":[{"embeddable":true,"href":"https:\/\/www.europesays.com\/es\/wp-json\/wp\/v2\/comments?post=241137"}],"version-history":[{"count":0,"href":"https:\/\/www.europesays.com\/es\/wp-json\/wp\/v2\/posts\/241137\/revisions"}],"wp:featuredmedia":[{"embeddable":true,"href":"https:\/\/www.europesays.com\/es\/wp-json\/wp\/v2\/media\/241138"}],"wp:attachment":[{"href":"https:\/\/www.europesays.com\/es\/wp-json\/wp\/v2\/media?parent=241137"}],"wp:term":[{"taxonomy":"category","embeddable":true,"href":"https:\/\/www.europesays.com\/es\/wp-json\/wp\/v2\/categories?post=241137"},{"taxonomy":"post_tag","embeddable":true,"href":"https:\/\/www.europesays.com\/es\/wp-json\/wp\/v2\/tags?post=241137"}],"curies":[{"name":"wp","href":"https:\/\/api.w.org\/{rel}","templated":true}]}}