{"id":241139,"date":"2025-11-17T16:13:10","date_gmt":"2025-11-17T16:13:10","guid":{"rendered":"https:\/\/www.europesays.com\/es\/241139\/"},"modified":"2025-11-17T16:13:10","modified_gmt":"2025-11-17T16:13:10","slug":"todo-el-mundo-lo-sabe-es-un-genio","status":"publish","type":"post","link":"https:\/\/www.europesays.com\/es\/241139\/","title":{"rendered":"Todo el mundo lo sabe, es un genio"},"content":{"rendered":"<p data-gtm-element-container=\"modulo-texto-link\" class=\"paragraph\"><strong>Tornike Shengelia<\/strong> volvi\u00f3 a iluminar al <strong>Bar\u00e7a <\/strong>en el Palau para sumar la tercera victoria consecutiva. La reacci\u00f3n del <strong>Baskonia <\/strong>no fue suficiente y el equipo de <strong>Orellana<\/strong>, liderado por un acertado Clyburn y un luchador Shengelia, se llev\u00f3 el tercer triunfo en Liga Endesa para acercarse a la zona noble.<\/p>\n<p>        Lee tambi\u00e9n<\/p>\n<p>    Eloy Rodellar<\/p>\n<p>             <img loading=\"lazy\" decoding=\"async\" data-full-src=\"https:\/\/www.mundodeportivo.com\/uploads\/2025\/11\/17\/691b19c723fa9.jpeg\" alt=\"Joan Laporta y Xavi Pascual en el acto de firma hasta 2028\" width=\"334\" height=\"164\" src=\"https:\/\/www.europesays.com\/es\/wp-content\/uploads\/2025\/11\/691b19c723fa9.r_d.2220-876.jpeg\" class=\"lazy\"\/><\/p>\n<p data-gtm-element-container=\"modulo-texto-link\" class=\"paragraph\">Con 14 puntos, 7 rebotes y 3 asistencias, Toko <strong>Shengelia <\/strong>se fue hasta los 20 cr\u00e9ditos de valoraci\u00f3n en su en\u00e9sima exhibici\u00f3n con la el\u00e1stica azulgrana. \u00abEra muy importante este partido, sab\u00edamos que en ACB tenemos que rendir mejor. <strong>Hemos hecho un muy buen trabajo porque Baskonia es un equipo muy luchador<\/strong>\u00ab, detall\u00f3 el georgiano en DAZN tras el encuentro.<\/p>\n<p>        Lee tambi\u00e9n<\/p>\n<p>    Eloy Rodellar<\/p>\n<p>             <img loading=\"lazy\" decoding=\"async\" data-full-src=\"https:\/\/www.mundodeportivo.com\/uploads\/2025\/11\/17\/691ae059decb6.jpeg\" alt=\"Horizontal\" width=\"334\" height=\"164\" src=\"https:\/\/www.europesays.com\/es\/wp-content\/uploads\/2025\/11\/691ae059decb6.r_d.2921-1894.jpeg\" class=\"lazy\"\/><\/p>\n<p data-gtm-element-container=\"modulo-texto-link\" class=\"paragraph\">\u00abLlev\u00e1bamos unos partidos dif\u00edciles en el <strong>Palau<\/strong>. Quer\u00edamos aprovechar, ya sea en defensa o en ataque, para que se metiera la gente y nos ayudara, ya que siempre hacen buen trabajo\u00bb, coment\u00f3 un <strong>Shengelia <\/strong>sobre la importancia de sumar como local. \u00abLa gente que viene es muy importante. Nadie quiere ganar los partidos m\u00e1s que nosotros, a veces, por energ\u00eda o concentraci\u00f3n, no podemos, pero nosotros siempre queremos estar con ellos. <strong>No se puede ganar todos los partidos, pero lo importante es que hemos hecho una buena reacci\u00f3n esta semana<\/strong>\u00ab, agreg\u00f3.<\/p>\n<blockquote class=\"twitter-tweet\" data-lang=\"es\"><p>\n<a href=\"https:\/\/twitter.com\/DAZN_ES\/status\/1990150115571478941\" rel=\"nofollow noopener\" target=\"_blank\">\n<\/p><\/blockquote>\n<p data-gtm-element-container=\"modulo-texto-link\" class=\"paragraph\"><strong>Shengelia <\/strong>valor\u00f3 la nueva etapa que arranca este lunes con un Xavi <strong>Pascual <\/strong>que regresa a los banquillos del Bar\u00e7a. \u00ab<strong>Hay muchas ganas. Todo el mundo lo sabe. Su curr\u00edculum habla mucho m\u00e1s de lo que yo puedo decir. Es un genio<\/strong>, t\u00e1cticamente lo hace muy bien\u00bb, recalc\u00f3 el georgiano.<\/p>\n<p>        Lee tambi\u00e9n<\/p>\n<p>    Oriol Falc\u00f3n<\/p>\n<p>             <img loading=\"lazy\" decoding=\"async\" data-full-src=\"https:\/\/www.mundodeportivo.com\/uploads\/2025\/11\/17\/691af2cb7444e.jpeg\" alt=\"Danko Brankovic y su actuaci\u00f3n hist\u00f3rica sin fallos en sus lanzamientos.\" width=\"334\" height=\"164\" src=\"https:\/\/www.europesays.com\/es\/wp-content\/uploads\/2025\/11\/691af2cb7444e.r_d.380-262.jpeg\" class=\"lazy\"\/><\/p>\n<p data-gtm-element-container=\"modulo-texto-link\" class=\"paragraph\">El ala-p\u00edvot del Bar\u00e7a <strong>agreg\u00f3 <\/strong>que \u00abno s\u00e9 que esperar, ya que nunca lo he tenido como entrenador, pero <strong>lo que oigo de otros jugadores es solo positivo<\/strong>\u00ab, concluyendo que \u00abcomo yo, todo el equipo tiene muchas ganas de empezar con \u00e9l\u00bb.<\/p>\n<p><script async src=\"https:\/\/platform.twitter.com\/widgets.js\" charset=\"utf-8\"><\/script><\/p>\n","protected":false},"excerpt":{"rendered":"Tornike Shengelia volvi\u00f3 a iluminar al Bar\u00e7a en el Palau para sumar la tercera victoria consecutiva. La reacci\u00f3n&hellip;\n","protected":false},"author":2,"featured_media":241140,"comment_status":"","ping_status":"","sticky":false,"template":"","format":"standard","meta":{"footnotes":""},"categories":[269],"tags":[299,298,168,25,24,23,167],"class_list":{"0":"post-241139","1":"post","2":"type-post","3":"status-publish","4":"format-standard","5":"has-post-thumbnail","7":"category-baloncesto","8":"tag-baloncesto","9":"tag-basketball","10":"tag-deportes","11":"tag-es","12":"tag-espana","13":"tag-spain","14":"tag-sports"},"share_on_mastodon":{"url":"https:\/\/pubeurope.com\/@es\/115565928040822548","error":""},"_links":{"self":[{"href":"https:\/\/www.europesays.com\/es\/wp-json\/wp\/v2\/posts\/241139","targetHints":{"allow":["GET"]}}],"collection":[{"href":"https:\/\/www.europesays.com\/es\/wp-json\/wp\/v2\/posts"}],"about":[{"href":"https:\/\/www.europesays.com\/es\/wp-json\/wp\/v2\/types\/post"}],"author":[{"embeddable":true,"href":"https:\/\/www.europesays.com\/es\/wp-json\/wp\/v2\/users\/2"}],"replies":[{"embeddable":true,"href":"https:\/\/www.europesays.com\/es\/wp-json\/wp\/v2\/comments?post=241139"}],"version-history":[{"count":0,"href":"https:\/\/www.europesays.com\/es\/wp-json\/wp\/v2\/posts\/241139\/revisions"}],"wp:featuredmedia":[{"embeddable":true,"href":"https:\/\/www.europesays.com\/es\/wp-json\/wp\/v2\/media\/241140"}],"wp:attachment":[{"href":"https:\/\/www.europesays.com\/es\/wp-json\/wp\/v2\/media?parent=241139"}],"wp:term":[{"taxonomy":"category","embeddable":true,"href":"https:\/\/www.europesays.com\/es\/wp-json\/wp\/v2\/categories?post=241139"},{"taxonomy":"post_tag","embeddable":true,"href":"https:\/\/www.europesays.com\/es\/wp-json\/wp\/v2\/tags?post=241139"}],"curies":[{"name":"wp","href":"https:\/\/api.w.org\/{rel}","templated":true}]}}