{"id":24114,"date":"2025-08-04T02:22:11","date_gmt":"2025-08-04T02:22:11","guid":{"rendered":"https:\/\/www.europesays.com\/es\/24114\/"},"modified":"2025-08-04T02:22:11","modified_gmt":"2025-08-04T02:22:11","slug":"durara-al-menos-hasta-el-proximo-domingo","status":"publish","type":"post","link":"https:\/\/www.europesays.com\/es\/24114\/","title":{"rendered":"durar\u00e1 al menos hasta el pr\u00f3ximo domingo"},"content":{"rendered":"<p class=\"article-text\">\n        La ola de calor durar\u00e1 m\u00e1s tiempo del esperado. La Agencia Estatal de Meteorolog\u00eda (Aemet) ha vuelto a afinar su pron\u00f3stico y prolonga el aviso hasta el pr\u00f3ximo domingo 10 de agosto. El episodio de altas temperaturas durar\u00e1, \u201cal menos\u201d, una semana.\n    <\/p>\n<p>    <a href=\"https:\/\/www.eldiario.es\/sociedad\/mapa-calor-record-espana-2025-compara-temperatura-dia-media-historica-provincia_1_12419246.html\" data-mrf-recirculation=\"saber-mas\" data-dl-event=\"saber-mas\" rel=\"nofollow noopener\" target=\"_blank\"><\/p>\n<p class=\"know-more__title\">El mapa del calor en Espa\u00f1a: compara la temperatura de cada d\u00eda con la media hist\u00f3rica de tu provincia<\/p>\n<p>            <\/a><\/p>\n<p class=\"article-text\">\n        \u201cEs probable que la ola de calor sea larga\u201d, ha informado el organismo p\u00fablico en su perfil de X (antes Twitter). Una estimaci\u00f3n que ya vari\u00f3 el pasado viernes, pasando de tres d\u00edas (de domingo a martes) a, m\u00ednimo, una semana. Sin embargo, el ascenso \u201ccasi generalizado\u201d de las temperaturas iniciado el 3 de agosto continuar\u00e1 \u201cde manera menos extensa\u201d en las jornadas venideras.\n    <\/p>\n<blockquote class=\"twitter-tweet\" data-lang=\"es\"><p><a href=\"https:\/\/twitter.com\/X\/status\/1951966189691015308?ref_src=twsrc%5Etfw\" rel=\"nofollow noopener\" target=\"_blank\"><\/p><\/blockquote>\n<p class=\"article-text\">\n        Esta consideraci\u00f3n de ola de calor, explica la Aemet, se debe, por un lado, a la amplia extensi\u00f3n del fen\u00f3meno, que abarcar\u00e1 gran parte del territorio nacional, debido a la entrada de una masa de aire c\u00e1lido y seco proveniente de \u00c1frica. Junto a ello, \u201cla elevada insolaci\u00f3n de la \u00e9poca\u201d, que provocar\u00e1 unos valores t\u00e9rmicos \u201cm\u00e1s altos que los habituales\u201d al comienzo del mes de agosto.\n    <\/p>\n<p>    La incertidumbre aumenta a partir del jueves<\/p>\n<p class=\"article-text\">\n        El comienzo de este episodio ha registrado m\u00e1ximas que han sobrepasado los 40 grados en los valles del Guadiana, el Guadalquivir y el Tajo, con unas temperaturas que han superado los 38 grados \u201cde forma bastante generalizada\u201d en el cuadrante suroeste y sur de Galicia.\n    <\/p>\n<p class=\"article-text\">\n        A partir del lunes 4, persistir\u00e1 el crecimiento de los valores valores y se extender\u00e1n de forma significativa al interior de la fachada cant\u00e1brica, \u201cdonde ser\u00e1n notables\u201d, matiza la agencia. Ser\u00e1 en las regiones que circundan a las depresiones del suroeste peninsular donde volver\u00e1n a registrarse m\u00e1ximas en torno a los 40 grados.\n    <\/p>\n<p class=\"article-text\">\n        El martes 5 y mi\u00e9rcoles 6 persistir\u00e1 esta situaci\u00f3n \u201canormalmente c\u00e1lida\u201d en las zonas mencionadas. El norte peninsular, por su parte, experimentar\u00e1 el martes un descenso \u201csignificativo\u201d, que se corregir\u00e1 el mi\u00e9rcoles con un nuevo incremento.\n    <\/p>\n<p class=\"article-text\">\n        Ser\u00e1 a partir del pr\u00f3ximo jueves 7 cuando aumente la incertidumbre, con unas temperaturas que la Aemet espera que \u201csigan subiendo, de manera m\u00e1s probable en el tercio oriental peninsular\u201d: \u201cCon la informaci\u00f3n actual [a 3 de agosto], el escenario m\u00e1s probable es que las temperaturas desciendan en el Cant\u00e1brico, pero que volvieran a subir por el oeste peninsular, de manera que este episodio de ola de calor se mantendr\u00eda, al menos, hasta el pr\u00f3ximo fin de semana\u201d.\n    <\/p>\n<p class=\"article-text\">\n        En lo relativo a las temperaturas nocturnas, se espera que estas se mantengan por encima de los 23-25 grados en zonas del centro y sur peninsular. El archipi\u00e9lago canario, pese a que experimentar\u00e1 un ascenso de las temperaturas desde el lunes 4 al mi\u00e9rcoles 6, ser\u00e1 el \u00fanico territorio espa\u00f1ol que no cumpla el criterio de ola de calor.\n    <\/p>\n<p>    El calor, por encima de lo habitual en estas fechas<\/p>\n<p class=\"article-text\">\n        Las olas de calor en Espa\u00f1a se est\u00e1n convirtiendo en un fen\u00f3meno extremo cada vez m\u00e1s frecuente y severo debido al calentamiento global que altera el clima provocado por las emisiones de CO2 de origen humano. Estas temperaturas an\u00f3malas suponen un riesgo para la salud, no solo por un potencial golpe de calor, sino por c\u00f3mo empeora problemas m\u00e9dicos ya existentes. Entre ellos, afecciones cardiol\u00f3gicas o respiratorias.\n    <\/p>\n<p class=\"article-text\">\n        La Aemet, en una secuencia de publicaciones (hilo) compartido en la red social mencionada anteriormente, hizo balance del mes de julio: fue, en conjunto, c\u00e1lido, con una temperatura media de 23,8 grados. Esto es, 0,7 grados por encima del promedio registrado entre 1991 y 2020. Este s\u00e9ptimo mes, no obstante, super\u00f3 por solo una d\u00e9cima de grado a junio que fue \u201can\u00f3malamente c\u00e1lido\u201d.\n    <\/p>\n<blockquote class=\"twitter-tweet\" data-lang=\"es\"><p><a href=\"https:\/\/twitter.com\/X\/status\/1951405998591156653?ref_src=twsrc%5Etfw\" rel=\"nofollow noopener\" target=\"_blank\"><\/p><\/blockquote>\n<p class=\"article-text\">\n        La propia Agencia Estatal de Meteorolog\u00eda advierte de que los d\u00edas frescos registrados a partir del 21 de julio \u201chan podido dar la sensaci\u00f3n de que julio ha sido fresco, pero su car\u00e1cter ha sido c\u00e1lido\u201d. \u201cEl an\u00f3malo calor de las primeras dos semanas ha tenido m\u00e1s peso en el balance mensual que el fresco de las dos \u00faltimas\u201d.\n    <\/p>\n<p class=\"article-text\">\n        Esta apreciaci\u00f3n trata de hacer frente a los comentarios negacionistas que enfrenta la Aemet diariamente, con afirmaciones como <a href=\"https:\/\/www.eldiario.es\/sociedad\/el-tiempo\/aemet-desmonta-datos-frase-repetida-negacionistas-cambio-climatico-hecho-calor-verano-pm_1_12415584.html\" target=\"_blank\" data-mrf-recirculation=\"links-noticia\" class=\"link\" rel=\"nofollow noopener\">\u201cel calor siempre ha existido\u201d<\/a>.  \u201cNo hay precedentes de un junio tan c\u00e1lido como el actual\u201d, lleg\u00f3 a publicar el pasado mes, en respuesta a las insinuaciones contrarias a la ciencia.\n    <\/p>\n<p>    <a href=\"https:\/\/www.eldiario.es\/sociedad\/el-tiempo\/aemet-desmonta-datos-frase-repetida-negacionistas-cambio-climatico-hecho-calor-verano-pm_1_12415584.html\" data-mrf-recirculation=\"saber-mas-abajo\" data-dl-event=\"saber-mas-abajo\" rel=\"nofollow noopener\" target=\"_blank\"><\/p>\n<p class=\"know-more__title\">No, no siempre ha hecho el mismo calor en verano: los datos de la Aemet que desmontan esa idea\n<\/p>\n<p>            <img decoding=\"async\" class=\"lazy\" loading=\"lazy\" data-src=\"https:\/\/static.eldiario.es\/clip\/40364d5f-6ec5-43e4-812c-3b842c2d5bce_16-9-aspect-ratio_default_0.jpg\" src=\"data:image\/svg+xml,%3Csvg xmlns=\" http:=\"\" viewbox=\"0 0 880 495\" alt=\"No, no siempre ha hecho el mismo calor en verano: los datos de la Aemet que desmontan esa idea\"\/><\/p>\n<p>                        <\/a><\/p>\n<p class=\"article-text\">\n        Ram\u00f3n Nogueras, psic\u00f3logo y autor de Por qu\u00e9 creemos en mierdas, matiz\u00f3 en una entrevista concedida a elDiario.es con motivo del <a href=\"https:\/\/www.eldiario.es\/sociedad\/dime-frase-dire-tipo-negacionista-cambio-climatico_1_11927478.html\" target=\"_blank\" data-mrf-recirculation=\"links-noticia\" class=\"link\" rel=\"nofollow noopener\">negacionismo del cambio clim\u00e1tico<\/a> la diferencia entre aquellas personas que se conciben a s\u00ed mismas como &#8216;esc\u00e9pticas&#8217; pero que, en cambio, eran negacionistas: \u201cObvian que una verdadera persona esc\u00e9ptica atiende a la evidencia y cambia sus percepciones y sus creencias seg\u00fan la evidencia va haci\u00e9ndolo necesario. En cambio, un negacionista, cuando se le presentan evidencias de que est\u00e1 equivocado, no va a abandonar sus creencias: lo que va a hacer es buscar la forma de retorcer esas creencias para poder justificar sus discursos\u201d.\n    <\/p>\n<p>                                    <script async src=\"https:\/\/platform.twitter.com\/widgets.js\" charset=\"utf-8\"><\/script><\/p>\n","protected":false},"excerpt":{"rendered":"La ola de calor durar\u00e1 m\u00e1s tiempo del esperado. La Agencia Estatal de Meteorolog\u00eda (Aemet) ha vuelto a&hellip;\n","protected":false},"author":2,"featured_media":24115,"comment_status":"","ping_status":"","sticky":false,"template":"","format":"standard","meta":{"footnotes":""},"categories":[8],"tags":[2980,2977,17,18,4922,13729,25,24,13691,13,14,11,19,20,9,10,15,16,524,3007,773,23,12,21,22],"class_list":{"0":"post-24114","1":"post","2":"type-post","3":"status-publish","4":"format-standard","5":"has-post-thumbnail","7":"category-espana","8":"tag-aemet","9":"tag-aviso","10":"tag-breaking-news","11":"tag-breakingnews","12":"tag-calor","13":"tag-durara","14":"tag-es","15":"tag-espana","16":"tag-extiende","17":"tag-featured-news","18":"tag-featurednews","19":"tag-headlines","20":"tag-latest-news","21":"tag-latestnews","22":"tag-news","23":"tag-noticias","24":"tag-noticias-destacadas","25":"tag-noticiasdestacadas","26":"tag-nuevo","27":"tag-ola","28":"tag-semana","29":"tag-spain","30":"tag-titulares","31":"tag-ultimas-noticias","32":"tag-ultimasnoticias"},"share_on_mastodon":{"url":"","error":""},"_links":{"self":[{"href":"https:\/\/www.europesays.com\/es\/wp-json\/wp\/v2\/posts\/24114","targetHints":{"allow":["GET"]}}],"collection":[{"href":"https:\/\/www.europesays.com\/es\/wp-json\/wp\/v2\/posts"}],"about":[{"href":"https:\/\/www.europesays.com\/es\/wp-json\/wp\/v2\/types\/post"}],"author":[{"embeddable":true,"href":"https:\/\/www.europesays.com\/es\/wp-json\/wp\/v2\/users\/2"}],"replies":[{"embeddable":true,"href":"https:\/\/www.europesays.com\/es\/wp-json\/wp\/v2\/comments?post=24114"}],"version-history":[{"count":0,"href":"https:\/\/www.europesays.com\/es\/wp-json\/wp\/v2\/posts\/24114\/revisions"}],"wp:featuredmedia":[{"embeddable":true,"href":"https:\/\/www.europesays.com\/es\/wp-json\/wp\/v2\/media\/24115"}],"wp:attachment":[{"href":"https:\/\/www.europesays.com\/es\/wp-json\/wp\/v2\/media?parent=24114"}],"wp:term":[{"taxonomy":"category","embeddable":true,"href":"https:\/\/www.europesays.com\/es\/wp-json\/wp\/v2\/categories?post=24114"},{"taxonomy":"post_tag","embeddable":true,"href":"https:\/\/www.europesays.com\/es\/wp-json\/wp\/v2\/tags?post=24114"}],"curies":[{"name":"wp","href":"https:\/\/api.w.org\/{rel}","templated":true}]}}