{"id":241141,"date":"2025-11-17T16:14:10","date_gmt":"2025-11-17T16:14:10","guid":{"rendered":"https:\/\/www.europesays.com\/es\/241141\/"},"modified":"2025-11-17T16:14:10","modified_gmt":"2025-11-17T16:14:10","slug":"fernando-vaquero-pintor-del-cartel-de-la-cabalgata-de-sevilla-denuncia-acoso-e-insultos","status":"publish","type":"post","link":"https:\/\/www.europesays.com\/es\/241141\/","title":{"rendered":"Fernando Vaquero, pintor del cartel de la Cabalgata de Sevilla, denuncia acoso e insultos"},"content":{"rendered":"\n<p>M\u00e1s noticias<\/p>\n<p><a class=\"info_masnoticias\" href=\"https:\/\/www.eldesmarque.com\/futbol\/real-betis\/\" rel=\"nofollow noopener\" target=\"_blank\"><br \/>\nM\u00e1s de<br \/>\nM\u00e1s noticias de<br \/>\nReal Betis<br \/>\n<\/a><\/p>\n<p>El pasado fin de semana se present\u00f3 <strong>el cartel de la <\/strong><a href=\"https:\/\/www.eldesmarque.com\/noticias\/andalucia\/20250105\/labor-lipasam-cabalgata-reyes-magos-sevilla-2025_300545775.html\" rel=\"nofollow noopener\" target=\"_blank\">Cabalgata de Sus Majestades los Reyes Magos<\/a><strong> de Sevilla<\/strong>, organizada por el Ateneo, un lienzo pintado <a href=\"https:\/\/www.eldesmarque.com\/futbol\/real-betis\/20251114\/cartel-cabalgatas-camiseta-betis_300809924.html\" rel=\"nofollow noopener\" target=\"_blank\">por Fernando Vaquero<\/a> que ha despertado gran pol\u00e9mica en los dos bandos futbol\u00edsticos sevillanos. La culpa la tiene una camiseta del Real Betis Balompi\u00e9 que aparece en el cuadro, como regalo al protagonista de la obra, y que no ha sentado nada bien a muchos aficionados del Sevilla FC, que entienden que en este tipo de carteles no tienen cabida las referencias a solo uno de los equipos de la ciudad.<\/p>\n<p>En esas, Fernando Vaquero ha lanzado un comunicado en el que denuncia haber recibido \u201c<strong>acoso cibern\u00e9tico\u201d, \u201cinsultos\u201d, y \u201camenazas telef\u00f3nicas de madrugada<\/strong>\u201d. El reconocido pintor sevillano, autor prol\u00edfico especialmente en los carteles de tem\u00e1tica cofrade, asegura que no quer\u00eda \u201cexcluir a nadie ni dividir a nadie\u201d en esta obra, titulada &#8216;La ilusi\u00f3n&#8217;, en la que ha representado un recuerdo de su infancia en la que le regalaron una camiseta del Betis.<\/p>\n<p>Sin embargo, parte del sevillismo en redes sociales ha ido m\u00e1s all\u00e1 de la pura indignaci\u00f3n, y el pintor denuncia un \u201c<strong>ciberacoso agresivo, desproporcionado e intencionado<\/strong> de algunas personas est\u00e1 totalmente fuera de lugar\u201d.<\/p>\n<p><img decoding=\"async\" src=\"https:\/\/www.europesays.com\/es\/wp-content\/uploads\/2025\/11\/europapress_7103794_imagen_publicada_ateneo_sevilla_red_social_cartel_seleccionado_rep_001.jpg\" width=\"660\" height=\"904.11\" alt=\"Cartel de la Cabalgata de Reyes Magos del Ateneo de Sevilla.\"\/><br \/>\nCartel de la Cabalgata de Reyes Magos del Ateneo de Sevilla.<\/p>\n<p>El comunicado de Fernando Vaquero<\/p>\n<p>Ante el acoso cibern\u00e9tico, los insultos, las amenazas telef\u00f3nicas de madrugada y otros tipos de bullying que estoy sufriendo, he decidido no hacer ning\u00fan tipo de declaraci\u00f3n a ning\u00fan medio ni responder a ning\u00fan comentario en redes. En ning\u00fan momento se ha pretendido excluir a nadie ni dividir a nadie en esta obra. <\/p>\n<p>He querido plasmar simplemente como los ni\u00f1os en sus cartas de reyes piden entre otras cosas camisetas de f\u00fatbol y para representar esta idea he recurrido a un recuerdo de mi infancia en el que me regalaron una camiseta del Betis. <\/p>\n<p>Tambi\u00e9n quiero aclarar algo que se est\u00e1 comentando: no he cobrado absolutamente nada por realizar el cartel. Lo hice como un regalo sincero a mi ciudad, un gesto de cari\u00f1o que, por desgracia, algunas personas han querido interpretar como un regalo envenenado. Entiendo que una obra pueda ser criticada, pero lo que estoy sufriendo va mucho m\u00e1s all\u00e1: el ciberacoso agresivo, desproporcionado e intencionado de algunas personas est\u00e1 totalmente fuera de lugar.<\/p>\n<blockquote class=\"twitter-tweet\" data-width=\"500\" data-dnt=\"true\">\n<p lang=\"zxx\" dir=\"ltr\"><a href=\"https:\/\/t.co\/fqcEGCFDJP\" rel=\"nofollow\">pic.twitter.com\/fqcEGCFDJP<\/a><\/p>\n<p>\u2014 Fernando Vaquero (@VaqueroValeroF) <a href=\"https:\/\/twitter.com\/VaqueroValeroF\/status\/1990360196720517584?ref_src=twsrc%5Etfw\" rel=\"nofollow noopener\" target=\"_blank\">November 17, 2025<\/a><\/p>\n<\/blockquote>\n<p><script async src=\"https:\/\/platform.twitter.com\/widgets.js\" charset=\"utf-8\"><\/script><\/p>\n","protected":false},"excerpt":{"rendered":"M\u00e1s noticias M\u00e1s de M\u00e1s noticias de Real Betis El pasado fin de semana se present\u00f3 el cartel&hellip;\n","protected":false},"author":2,"featured_media":241142,"comment_status":"","ping_status":"","sticky":false,"template":"","format":"standard","meta":{"footnotes":""},"categories":[268],"tags":[168,25,24,280,282,281,23,167],"class_list":{"0":"post-241141","1":"post","2":"type-post","3":"status-publish","4":"format-standard","5":"has-post-thumbnail","7":"category-futbol","8":"tag-deportes","9":"tag-es","10":"tag-espana","11":"tag-football","12":"tag-futbol","13":"tag-soccer","14":"tag-spain","15":"tag-sports"},"share_on_mastodon":{"url":"https:\/\/pubeurope.com\/@es\/115565931084787678","error":""},"_links":{"self":[{"href":"https:\/\/www.europesays.com\/es\/wp-json\/wp\/v2\/posts\/241141","targetHints":{"allow":["GET"]}}],"collection":[{"href":"https:\/\/www.europesays.com\/es\/wp-json\/wp\/v2\/posts"}],"about":[{"href":"https:\/\/www.europesays.com\/es\/wp-json\/wp\/v2\/types\/post"}],"author":[{"embeddable":true,"href":"https:\/\/www.europesays.com\/es\/wp-json\/wp\/v2\/users\/2"}],"replies":[{"embeddable":true,"href":"https:\/\/www.europesays.com\/es\/wp-json\/wp\/v2\/comments?post=241141"}],"version-history":[{"count":0,"href":"https:\/\/www.europesays.com\/es\/wp-json\/wp\/v2\/posts\/241141\/revisions"}],"wp:featuredmedia":[{"embeddable":true,"href":"https:\/\/www.europesays.com\/es\/wp-json\/wp\/v2\/media\/241142"}],"wp:attachment":[{"href":"https:\/\/www.europesays.com\/es\/wp-json\/wp\/v2\/media?parent=241141"}],"wp:term":[{"taxonomy":"category","embeddable":true,"href":"https:\/\/www.europesays.com\/es\/wp-json\/wp\/v2\/categories?post=241141"},{"taxonomy":"post_tag","embeddable":true,"href":"https:\/\/www.europesays.com\/es\/wp-json\/wp\/v2\/tags?post=241141"}],"curies":[{"name":"wp","href":"https:\/\/api.w.org\/{rel}","templated":true}]}}