{"id":241143,"date":"2025-11-17T16:15:14","date_gmt":"2025-11-17T16:15:14","guid":{"rendered":"https:\/\/www.europesays.com\/es\/241143\/"},"modified":"2025-11-17T16:15:14","modified_gmt":"2025-11-17T16:15:14","slug":"voz-puesta-en-escena-y-un-viejo-secreto-de-folclorica","status":"publish","type":"post","link":"https:\/\/www.europesays.com\/es\/241143\/","title":{"rendered":"voz, puesta en escena y un viejo secreto de folcl\u00f3rica"},"content":{"rendered":"<p class=\"c-paragraph\">Nos ha magnetizado. Existe una sobreexplicaci\u00f3n de todo lo que hace <b>Rosal\u00eda<\/b>, lo que puede convertirse en un efecto boomerang para su \u00e9xito. Aunque qu\u00e9 m\u00e1s da: entre tanta pompa quedar\u00e1 la emoci\u00f3n de su m\u00fasica. Pero<b> hasta la emoci\u00f3n se fabrica<\/b>. M\u00e1s a\u00fan en la \u00e9poca de la sociedad hiperconectada donde todo pasa y poco queda.<\/p>\n<p class=\"c-paragraph\">Para trascender, los\u00a0pasos que est\u00e1 dando Rosal\u00eda para promocionar\u00a0Lux\u00a0est\u00e1n siendo precisos.\u00a0<a href=\"https:\/\/www.20minutos.es\/musica\/rosalia-colapsa-callao-claves-una-tactica-publicitaria-redonda-para-tiempos-histeria-tiktok_6530841_3.html\" target=\"_blank\" rel=\"nofollow noopener\">Correteando por Gran V\u00eda azuz\u00f3 la expectativa<\/a>\u00a0de su nuevo disco, despu\u00e9s convoc\u00f3 a influyentes de la sociedad para un recital privado en el que <b>s<\/b><b>e sintieran protagonistas de un hecho hist\u00f3rico y que, de esta forma, fueran ellos los que marcaran el relato de \u00abobra maestra\u00bb<\/b>\u00a0antes de que nadie de la calle hubiera podido escuchar el disco. Y ya, como remate, cuando\u00a0Lux\u00a0estaba publicado, acudi\u00f3 a<a href=\"https:\/\/www.20minutos.es\/television\/rosalia-revuelta-como-hacer-television-vibrante-tres-emocionantes-pasos_6880767_3.html\" target=\"_blank\" rel=\"nofollow noopener\">\u00a0La Revuelta,\u00a0donde la conchabanza de la reuni\u00f3n de amigos adelanta al interrogatorio de la entrevista<\/a>. As\u00ed la audiencia conoci\u00f3 su espontaneidad m\u00e1s relajada. La intensidad de\u00a0Lux, tras tanto sobrean\u00e1lisis, se tradujo en naturalidad.<b>\u00a0Todos queremos ser amigos de Rosal\u00eda y que nos haga bizcochos nevados con bien de az\u00facar glass.<\/b><\/p>\n<p class=\"c-paragraph\">Sin embargo, faltaba poner en escena su trabajo: la m\u00fasica. Y Rosal\u00eda se lo ha reservado para<b> The Tonight Show <\/b>de Jimmy Fallon. En los hist\u00f3ricos estudios de Rockefeller Center, en el meollo de Nueva York, se lleva setenta a\u00f1os creando actuaciones en<b> donde no solo se canta, sobre todo se cuenta a trav\u00e9s de la imagen<\/b>. Un plat\u00f3 peque\u00f1o pero que se saca partido con la potencia de la calidez de la buena luz. Ah\u00ed<a href=\"https:\/\/www.20minutos.es\/noticia\/5108893\/0\/shakira-y-la-felicidad-del-chupa-plano\/\" target=\"_blank\" rel=\"nofollow noopener\">, en el mismo set donde <b>Shakira<\/b> cant\u00f3 a su desamor<\/a>, Rosal\u00eda ha hecho lo propio cantando <b>La Perla<\/b> en espa\u00f1ol. La NBC pone subt\u00edtulos en ingl\u00e9s para que el espectador norteamericano se enterara de la miga.<\/p>\n<p class=\"c-paragraph\">Pero no bastaba con actuar, hay que narrar una historia con su inicio, cl\u00edmax y desenlace. As\u00ed<b>\u00a0Rosal\u00eda aparece en una cama que, a priori, da la sensaci\u00f3n de normal. Relax. Ella y el p\u00fablico\u00a0<\/b><b>a<\/b>\u00a0<b>solas<\/b>. El juego de seducci\u00f3n introduce en una canci\u00f3n que quiere ser himno. De repente, el plano se abre y descubrimos que<b>\u00a0Rosal\u00eda, en realidad, est\u00e1 en un torre\u00f3n de colchones, como princesa encerrada en una colmena de telas y rel\u00e1mpagos<\/b>. Con el suspense como motor, la realizaci\u00f3n va mostrando poco a poco el escenario para que no se haga mon\u00f3tona una puesta en escena \u00abest\u00e1tica\u00bb de colchones. Y, a los pies de la torre, que tambi\u00e9n podr\u00eda ser una tarta nupcial a punto de desmoronarse, un ej\u00e9rcito de m\u00fasicos la est\u00e1 liberando. Rosal\u00eda salta con ellos.<\/p>\n<p class=\"c-paragraph\">La realizaci\u00f3n de <a href=\"https:\/\/www.20minutos.es\/television\/mejor-gag-historia-late-show-5510070\/\" target=\"_blank\" rel=\"nofollow noopener\">Tonight Show no ha cambiado demasiado desde los a\u00f1os de Johnny\u00a0Carson<\/a>, el maestro de la comedia en la tele norteamericana. La coreograf\u00eda de planos de c\u00e1mara, iluminaci\u00f3n y la interpretaci\u00f3n de los artistas suelen estar calculados. Todos juntos van hacia el mismo lugar con<b> una limpieza visual que recuerda la fuerza de la televisi\u00f3n en tiempos de tantas grabaciones sucias con nuestros tel\u00e9fonos m\u00f3viles.\u00a0<\/b><\/p>\n<p class=\"c-paragraph\">La <b>elaboraci\u00f3n creativa que propicia una experiencia audiovisual es el plus que debe continuar aportando la tele.<\/b>\u00a0Rosal\u00eda lo ha aprovechado para que la puesta de largo de La Perla traspasara la pantalla en estos tres actos a remarcar: el suspense a contraluz de su aparici\u00f3n tirada en la cama de noventa, la aparici\u00f3n de la iconograf\u00eda en forma de rascacielos de colchones y, de repente, <b>el silencio&#8230; donde siempre toma impulso la sensibilidad.\u00a0<\/b><\/p>\n<p class=\"c-paragraph\">Ya con los pies en el suelo del estudio de la NBC, Rosal\u00eda encuentra una perla tirada (m\u00e1s iconograf\u00eda) y comienza el colof\u00f3n de la canci\u00f3n listo para dejarnos con ganas de m\u00e1s. Entonces, hay una c\u00e1mara que empieza a danzar muy cerca de ella. Y ella no deja de mirarla con actitud esc\u00e9nica. Como las folcl\u00f3ricas espa\u00f1olas que iban en los a\u00f1os sesenta a actuar a la tele norteamericana. Mujeres que hab\u00edan aprendido del cine y la revista musical que<b> en la vida hay que saber cu\u00e1ndo romper la cuarta pared para conversar de t\u00fa a t\u00fa con la gente, con tu gente. <\/b>Rosal\u00eda lo ha logrado. No ha enviado sus ojos al vac\u00edo como los que se hacen los interesantes y sobreact\u00faan. <b>Rosal\u00eda nos ha cantado a nosotros en primera persona.<\/b>\u00a0Porque, al final, entre todas las cosas, el arte de Rosal\u00eda es el arte de cantar. Y c\u00f3mo canta.\u00a0\u00a0<\/p>\n","protected":false},"excerpt":{"rendered":"Nos ha magnetizado. Existe una sobreexplicaci\u00f3n de todo lo que hace Rosal\u00eda, lo que puede convertirse en un&hellip;\n","protected":false},"author":2,"featured_media":241144,"comment_status":"","ping_status":"","sticky":false,"template":"","format":"standard","meta":{"footnotes":""},"categories":[174],"tags":[255,3972,146,147,25,24,256,4147,526,23,3498,62064],"class_list":{"0":"post-241143","1":"post","2":"type-post","3":"status-publish","4":"format-standard","5":"has-post-thumbnail","7":"category-famosos","8":"tag-celebrities","9":"tag-conquista","10":"tag-entertainment","11":"tag-entretenimiento","12":"tag-es","13":"tag-espana","14":"tag-famosos","15":"tag-rosalia","16":"tag-show","17":"tag-spain","18":"tag-the","19":"tag-tonight"},"share_on_mastodon":{"url":"https:\/\/pubeurope.com\/@es\/115565935123165196","error":""},"_links":{"self":[{"href":"https:\/\/www.europesays.com\/es\/wp-json\/wp\/v2\/posts\/241143","targetHints":{"allow":["GET"]}}],"collection":[{"href":"https:\/\/www.europesays.com\/es\/wp-json\/wp\/v2\/posts"}],"about":[{"href":"https:\/\/www.europesays.com\/es\/wp-json\/wp\/v2\/types\/post"}],"author":[{"embeddable":true,"href":"https:\/\/www.europesays.com\/es\/wp-json\/wp\/v2\/users\/2"}],"replies":[{"embeddable":true,"href":"https:\/\/www.europesays.com\/es\/wp-json\/wp\/v2\/comments?post=241143"}],"version-history":[{"count":0,"href":"https:\/\/www.europesays.com\/es\/wp-json\/wp\/v2\/posts\/241143\/revisions"}],"wp:featuredmedia":[{"embeddable":true,"href":"https:\/\/www.europesays.com\/es\/wp-json\/wp\/v2\/media\/241144"}],"wp:attachment":[{"href":"https:\/\/www.europesays.com\/es\/wp-json\/wp\/v2\/media?parent=241143"}],"wp:term":[{"taxonomy":"category","embeddable":true,"href":"https:\/\/www.europesays.com\/es\/wp-json\/wp\/v2\/categories?post=241143"},{"taxonomy":"post_tag","embeddable":true,"href":"https:\/\/www.europesays.com\/es\/wp-json\/wp\/v2\/tags?post=241143"}],"curies":[{"name":"wp","href":"https:\/\/api.w.org\/{rel}","templated":true}]}}