{"id":241145,"date":"2025-11-17T16:16:15","date_gmt":"2025-11-17T16:16:15","guid":{"rendered":"https:\/\/www.europesays.com\/es\/241145\/"},"modified":"2025-11-17T16:16:15","modified_gmt":"2025-11-17T16:16:15","slug":"al-hacer-una-casa-pienso-en-su-sonido-a-mi-me-gustaba-el-de-mi-madre-en-la-cocina","status":"publish","type":"post","link":"https:\/\/www.europesays.com\/es\/241145\/","title":{"rendered":"\u201cAl hacer una casa, pienso en su sonido. A m\u00ed me gustaba el de mi madre en la cocina\u00bb"},"content":{"rendered":"<p>En la obra del <strong>arquitecto suizo Peter Zumthor <\/strong>siempre ha habido algo dif\u00edcil de nombrar, pero f\u00e1cil de sentir. Esa cualidad que hace que uno cruce un umbral y perciba, sin pensarlo, que est\u00e1 ante un espacio distinto. No habla de estilo, tampoco de elementos arquitect\u00f3nicos. Zumthor <strong>prefiere hablar de sensaciones<\/strong>: de esa chispa f\u00edsica que aparece antes de que la mente empiece a analizar lo que sucede. Quiz\u00e1 por eso<a href=\"https:\/\/www.arquitecturaydiseno.es\/casas\/cocina-esta-casa-san-cugat-es-mejor-cocina-interior-exterior-ano_9271\" rel=\"nofollow noopener\" target=\"_blank\"> su arquitectura ha terminado convertida en un punto de referencia<\/a> para quienes buscan casas y edificios que se vivan con los sentidos m\u00e1s que con los ojos.<\/p>\n<p><strong>A sus 82 a\u00f1os, sigue confiando en su instinto<\/strong>, que aprendi\u00f3 mucho antes de estudiar arquitectura. De ni\u00f1o, en la casa familiar, hab\u00eda un sonido que funcionaba como un ancla emocional. <strong>El ruido cotidiano de su madre en la cocina que marcaba el ritmo del hogar.<\/strong> Ese recuerdo se convirti\u00f3 en una especie de br\u00fajula sensorial y, con los a\u00f1os, en una declaraci\u00f3n de principios: para \u00e9l, un <a href=\"https:\/\/www.arquitecturaydiseno.es\/arquitectura\/locales-reconvertidos-viviendas_12571\" rel=\"nofollow noopener\" target=\"_blank\">edificio<\/a> comienza siempre por lo que se oye.<\/p>\n<p>Peter Zumthor, el arquitecto que escucha primero&#13;<img loading=\"lazy\" decoding=\"async\"   src=\"https:\/\/www.europesays.com\/es\/wp-content\/uploads\/2025\/11\/el-arquitecto-suizo-peter-zumthor-premio-pritzker-2009-ejercio-de-mentor-de-la-arquitecta-paraguaya-.webp\" alt=\"El arquitecto suizo Peter Zumthor, premio Pritzker 2009, ejerci\u00f3 de mentor de la arquitecta paraguaya Gloria Cabral en la edici\u00f3n 2014-2015.\" class=\"lazyload\" width=\"1500\" height=\"1000\" data-aspectratio=\"1500\/1000\"\/> <\/p>\n<p>Zumthor no concibe la arquitectura como un objeto que se contempla sino como u<strong>na atm\u00f3sfera que te recibe. Y para recibir, dice, hay que escuchar. <\/strong>En un mundo saturado de est\u00edmulos visuales, digitales, emocionales, \u00e9l insiste en depurar el entorno para<strong> que s\u00f3lo queden los sonidos que pertenecen a la experiencia<\/strong>. El resto, lo llama directamente \u201cbasura\u201d.<\/p>\n<p><a href=\"https:\/\/www.arquitecturaydiseno.es\/arquitectura\/ren-ito-arquitecto-japones-japon-todo-es-muy-rapido-europa-aprendi-a-valorar-tiempo-necesario-para-mantener-calidad_12653\" data-ga4_event=\"custom_event\" data-ga4_event_name=\"click_intext\" data-ga4_link_url=\"https:\/\/www.arquitecturaydiseno.es\/arquitectura\/ren-ito-arquitecto-japones-japon-todo-es-muy-rapido-europa-aprendi-a-valorar-tiempo-necesario-para-mantener-calidad_12653\" data-ga4_link_text=\"ren_ito_arquitecto_japones_\u201cen_europa_aprendi_a_ir_mas_lento_para_mantener_calidad\u201d\" data-ga4_content_type=\"photo\" data-ga4_element=\"related\" rel=\"nofollow noopener\" target=\"_blank\">&#13;&#13;<img loading=\"lazy\" decoding=\"async\" src=\"https:\/\/www.europesays.com\/es\/wp-content\/uploads\/2025\/11\/ren-ito_e0bb9e79_558689_251114111732_600x600.webp.webp\" alt=\"Ren Ito\" class=\"lazyload\" width=\"600\" height=\"600\" data-aspectratio=\"600\/600\"\/>&#13;&#13;<\/p>\n<p class=\"epigraph\">&#13;Noticia relacionada<\/p>\n<p class=\"title\">Ren Ito, arquitecto japon\u00e9s: \u201cEn Europa aprend\u00ed a ir m\u00e1s lento para mantener calidad\u201d<\/p>\n<p><\/a>La arquitectura empieza con la emoci\u00f3n&#13;<img loading=\"lazy\" decoding=\"async\"   src=\"https:\/\/www.europesays.com\/es\/wp-content\/uploads\/2025\/11\/secular-retreat-de-peter-zumthor-para-living-architecture_00000000_c2a90d97_251116110343_2000x1333.w.webp\" alt=\"Secular Retreat, de Peter Zumthor para Living Architecture.\" class=\"lazyload\" width=\"2000\" height=\"1333\" data-aspectratio=\"2000\/1333\"\/> <\/p>\n<p>Su m\u00e9todo arranca mucho antes del plano, del boceto o del c\u00e1lculo. Empieza, dice, con una reacci\u00f3n f\u00edsica. <strong>\u201cLo importante es que se empieza por la emoci\u00f3n\u201d, afirma.<\/strong> Esa emoci\u00f3n no es abstracta: tiene peso, temperatura y memoria. <strong>Su infancia en un taller de carpinter\u00eda marc\u00f3 su manera de enfrentarse a los materiales<\/strong>: toc\u00e1ndolos, escuch\u00e1ndolos, dej\u00e1ndolos demostrar qu\u00e9 son capaces. De ah\u00ed que <a href=\"https:\/\/www.arquitecturaydiseno.es\/casas\/refugio-peter-zumthor-campina-inglesa_2161\" rel=\"nofollow noopener\" target=\"_blank\">sus proyectos<\/a> no busquen impresionar, sino acompa\u00f1ar.<\/p>\n<p>&#13;<\/p>\n<p>My Player placeholder<\/p>\n<p>\u00a1Haz clic en el v\u00eddeo!<\/p>\n<p class=\"by\">RBA<\/p>\n<p>Los arquitectos ma\u0301s ico\u0301nicos que marcaron una era<\/p>\n<p>En sus palabras, las cosas \u201cdeben sonar como se ven\u201d. Esa <strong>coherencia entre materia, luz, proporci\u00f3n y sonido<\/strong> define la cualidad \u00edntima de sus proyectos. Peter Zumthor trata de dise\u00f1ar permitiendo que <strong>cada elemento aporte su propio car\u00e1cter ac\u00fastico<\/strong>: el paso suave sobre un <a href=\"https:\/\/www.arquitecturaydiseno.es\/decoracion\/por-que-parque-es-suelo-preferido-para-casa-2025_11666\" rel=\"nofollow noopener\" target=\"_blank\">suelo de madera<\/a>, la manera en que un espacio amplio respira, el leve murmullo que llega desde fuera. Son matices que no se controlan del todo, pero s\u00ed se afinan.<\/p>\n<p>Dise\u00f1ar bienestar, crear placer&#13;<img loading=\"lazy\" decoding=\"async\"   src=\"https:\/\/www.europesays.com\/es\/wp-content\/uploads\/2025\/11\/peter-zumthor-thermes-de-vals_00000000_c018151b_251116110522_1500x930.webp.webp\" alt=\"Peter Zumthor Thermes de Vals\" class=\"lazyload\" width=\"1500\" height=\"930\" data-aspectratio=\"1500\/930\"\/> <a href=\"https:\/\/www.arquitecturaydiseno.es\/arquitectura\/entrevista-kengo-kuma_12558\" data-ga4_event=\"custom_event\" data-ga4_event_name=\"click_intext\" data-ga4_link_url=\"https:\/\/www.arquitecturaydiseno.es\/arquitectura\/entrevista-kengo-kuma_12558\" data-ga4_link_text=\"kengo_kuma_arquitecto_si_fuese_profesor_en_barcelona_me_iria_a_tomar_algo_con_los_alumnos_y_hablaria_con_ellos_sobre_todo_lo_que_quieren_aprender\" data-ga4_content_type=\"photo\" data-ga4_element=\"related\" rel=\"nofollow noopener\" target=\"_blank\">&#13;&#13;<img loading=\"lazy\" decoding=\"async\" src=\"https:\/\/www.europesays.com\/es\/wp-content\/uploads\/2025\/10\/retrato-de-kengo-kuma_6d408d72_251023111459_600x600.webp.webp\" alt=\"Retrato de Kengo Kuma\" class=\"lazyload\" width=\"600\" height=\"600\" data-aspectratio=\"600\/600\"\/>&#13;&#13;<\/p>\n<p class=\"epigraph\">&#13;Noticia relacionada<\/p>\n<p class=\"title\">Kengo Kuma, arquitecto: \u00abSi fuese profesor en Barcelona, me ir\u00eda a tomar algo con los alumnos y hablar\u00eda con ellos sobre todo lo que quieren aprender\u00bb<\/p>\n<p><\/a><\/p>\n<p>Tras escucharle, resulta evidente que <strong>Zumthor no persigue el orden ni la perfecci\u00f3n. Persigue otra cosa: bienestar. <\/strong>Habla de arquitectura como quien <a href=\"https:\/\/www.arquitecturaydiseno.es\/decoracion\/menos-segundo-para-impactar-por-que-recibidor-es-puerta-entrada-bienestar-segun-maria-gil-experta-neuroarquitectura_12302\" rel=\"nofollow noopener\" target=\"_blank\">habla de hospitalidad<\/a>. De ofrecer a los dem\u00e1s un lugar donde puedan ser, sin interferencias. Donde la belleza no asome como un espect\u00e1culo sino como una compa\u00f1\u00eda.<\/p>\n<p>Esa atenci\u00f3n al detalle, a lo que no se ve pero se siente, convierte sus obras en <strong>espacios donde uno entra y autom\u00e1ticamente baja el ritmo. <\/strong>Donde la atm\u00f3sfera hace su trabajo sin imponerse. Donde un sonido m\u00ednimo basta para situarte. Como aquel que \u00e9l escuchaba de ni\u00f1o en la cocina familiar. <strong>Ese hilo \u00edntimo, casi imperceptible, que todav\u00eda hoy gu\u00eda a uno de los arquitectos m\u00e1s influyentes del mundo <\/strong>cada vez que empieza una casa.<\/p>\n","protected":false},"excerpt":{"rendered":"En la obra del arquitecto suizo Peter Zumthor siempre ha habido algo dif\u00edcil de nombrar, pero f\u00e1cil de&hellip;\n","protected":false},"author":2,"featured_media":241146,"comment_status":"","ping_status":"","sticky":false,"template":"","format":"standard","meta":{"footnotes":""},"categories":[173],"tags":[229,233,231,230,232,234,146,147,25,24,23],"class_list":{"0":"post-241145","1":"post","2":"type-post","3":"status-publish","4":"format-standard","5":"has-post-thumbnail","7":"category-arte-y-diseno","8":"tag-arte","9":"tag-arte-y-diseno","10":"tag-arts","11":"tag-arts-and-design","12":"tag-design","13":"tag-diseno","14":"tag-entertainment","15":"tag-entretenimiento","16":"tag-es","17":"tag-espana","18":"tag-spain"},"share_on_mastodon":{"url":"https:\/\/pubeurope.com\/@es\/115565939135188935","error":""},"_links":{"self":[{"href":"https:\/\/www.europesays.com\/es\/wp-json\/wp\/v2\/posts\/241145","targetHints":{"allow":["GET"]}}],"collection":[{"href":"https:\/\/www.europesays.com\/es\/wp-json\/wp\/v2\/posts"}],"about":[{"href":"https:\/\/www.europesays.com\/es\/wp-json\/wp\/v2\/types\/post"}],"author":[{"embeddable":true,"href":"https:\/\/www.europesays.com\/es\/wp-json\/wp\/v2\/users\/2"}],"replies":[{"embeddable":true,"href":"https:\/\/www.europesays.com\/es\/wp-json\/wp\/v2\/comments?post=241145"}],"version-history":[{"count":0,"href":"https:\/\/www.europesays.com\/es\/wp-json\/wp\/v2\/posts\/241145\/revisions"}],"wp:featuredmedia":[{"embeddable":true,"href":"https:\/\/www.europesays.com\/es\/wp-json\/wp\/v2\/media\/241146"}],"wp:attachment":[{"href":"https:\/\/www.europesays.com\/es\/wp-json\/wp\/v2\/media?parent=241145"}],"wp:term":[{"taxonomy":"category","embeddable":true,"href":"https:\/\/www.europesays.com\/es\/wp-json\/wp\/v2\/categories?post=241145"},{"taxonomy":"post_tag","embeddable":true,"href":"https:\/\/www.europesays.com\/es\/wp-json\/wp\/v2\/tags?post=241145"}],"curies":[{"name":"wp","href":"https:\/\/api.w.org\/{rel}","templated":true}]}}