{"id":241149,"date":"2025-11-17T16:19:08","date_gmt":"2025-11-17T16:19:08","guid":{"rendered":"https:\/\/www.europesays.com\/es\/241149\/"},"modified":"2025-11-17T16:19:08","modified_gmt":"2025-11-17T16:19:08","slug":"nueve-dias-de-carcel-para-el-australiano-que-se-abalanzo-sobre-ariana-grande-en-el-estreno-de-wicked-2%e2%80%b2-en-singapur-gente","status":"publish","type":"post","link":"https:\/\/www.europesays.com\/es\/241149\/","title":{"rendered":"Nueve d\u00edas de c\u00e1rcel para el australiano que se abalanz\u00f3 sobre Ariana Grande en el estreno de \u2018Wicked 2\u2032 en Singapur | Gente"},"content":{"rendered":"<p class=\"\">En un juicio celebrado este lunes 17 de noviembre en Singapur, el australiano Johnson Wen, de 26 a\u00f1os, ha sido condenado a nueve d\u00edas de c\u00e1rcel por alteraci\u00f3n del orden p\u00fablico <a href=\"https:\/\/elpais.com\/gente\/2025-11-14\/acusado-de-desorden-publico-el-bromista-sin-gracia-que-agarro-a-ariana-grande-en-el-estreno-de-wicked-en-singapur.html\" target=\"_blank\" rel=\"noreferrer nofollow noopener\" title=\"https:\/\/elpais.com\/gente\/2025-11-14\/acusado-de-desorden-publico-el-bromista-sin-gracia-que-agarro-a-ariana-grande-en-el-estreno-de-wicked-en-singapur.html\">despu\u00e9s de abalanzarse sobre la cantante y actriz Ariana Grande<\/a>. El viral incidente ocurri\u00f3 el pasado 13 de noviembre, en el estreno de la pel\u00edcula Wicked: For Good en la isla. El joven, que previamente hab\u00eda declarado en sus redes sociales que se dispon\u00eda a conocer a \u201csu mejor amiga Ariana Grande\u201d, salt\u00f3 las barreras de seguridad para abrazar a la artista, en un v\u00eddeo que se hizo viral y en el que tambi\u00e9n se pudo ver a la actriz <a href=\"https:\/\/elpais.com\/gente\/2024-11-24\/cynthia-erivo-la-orgullosa-actriz-negra-calva-y-bisexual-convertida-en-la-bruja-malvada-de-wicked-el-gran-musical-del-ano.html\" target=\"_blank\" rel=\"noreferrer nofollow noopener\" title=\"https:\/\/elpais.com\/gente\/2024-11-24\/cynthia-erivo-la-orgullosa-actriz-negra-calva-y-bisexual-convertida-en-la-bruja-malvada-de-wicked-el-gran-musical-del-ano.html\">Cynthia Erivo<\/a> \u2014coprotagonista de la cinta\u2014 forcejeando con el intruso. <\/p>\n<p class=\"\">Seg\u00fan la BBC, tras el incidente, en el que Wen fue reducido por los guardias de seguridad y despu\u00e9s pudo marcharse \u2014se le vio en sus redes sociales jact\u00e1ndose de estar libre a las pocas horas\u2014, la polic\u00eda de la ciudad-Estado lo arrest\u00f3 al d\u00eda siguiente y lo acus\u00f3 de alteraci\u00f3n del orden p\u00fablico, de lo que \u00e9l se declar\u00f3 culpable. En un pacto con el acusado, los fiscales solicitaron una semana de c\u00e1rcel, argumentando que era un \u201cintruso en serie\u201d que publicitaba su comportamiento para ganar popularidad en internet. <\/p>\n<p>M\u00e1s informaci\u00f3n<\/p>\n<p class=\"\">Wen ya hab\u00eda protagonizado episodios de este tipo en el pasado, como cuando invadi\u00f3 el escenario de artistas como la estadounidense <a href=\"https:\/\/elpais.com\/gente\/2025-10-26\/katy-perry-y-justin-trudeau-confirman-su-relacion-agarrados-de-la-mano-tras-una-cena-en-paris.html\" target=\"_blank\" rel=\"noreferrer nofollow noopener\" title=\"https:\/\/elpais.com\/gente\/2025-10-26\/katy-perry-y-justin-trudeau-confirman-su-relacion-agarrados-de-la-mano-tras-una-cena-en-paris.html\">Katy Perry<\/a> o el canadiense The Weeknd, o cuando salt\u00f3 al campo durante la final del Mundial Femenino de f\u00fatbol de 2023. Sobre estos antecedentes, el diario local The Straits Times ha informado de que el magistrado Christopher Goh ha valorado que el acusado es \u201creincidente\u201d y que con su acto planeado \u201cbuscaba llamar la atenci\u00f3n\u201d, por lo que ha estimado que era adecuado un \u201cpeque\u00f1o aumento\u201d de dos d\u00edas de c\u00e1rcel a la condena pactada previamente, para que Wen pusiera fin a su comportamiento \u201cpor siempre\u201d. \u201cQuiz\u00e1s pensabas que aqu\u00ed ocurrir\u00eda lo mismo, pero, se\u00f1or Wen, te equivocas. Debes tener en cuenta que siempre hay consecuencias para nuestros actos\u201d, ha declarado el magistrado, tambi\u00e9n seg\u00fan el citado medio. <\/p>\n<p class=\"\">Singapur es una isla semiautocr\u00e1tica con estrictas leyes que restringen las manifestaciones y preservan el orden p\u00fablico y que castiga su alteraci\u00f3n con hasta tres meses de prisi\u00f3n y multas de un m\u00e1ximo de 2.000 d\u00f3lares singapurenses (unos 1.324 euros), seg\u00fan el C\u00f3digo Penal.<\/p>\n<p class=\"\">Ariana Grande no se ha pronunciado sobre el caso y este fin de semana ha continuado apareciendo en p\u00fablico en eventos en Los \u00c1ngeles. La artista, <a href=\"https:\/\/elpais.com\/elpais\/2019\/09\/03\/gente\/1567507821_393793.html\" rel=\"nofollow noopener\" title=\"https:\/\/elpais.com\/elpais\/2019\/09\/03\/gente\/1567507821_393793.html\" target=\"_blank\">que ha admitido tener estr\u00e9s postraum\u00e1tico y depresi\u00f3n<\/a> tras el atentado del 22 de mayo de 2017 en M\u00e1nchester, que tuvo lugar a la salida de uno de sus conciertos y que caus\u00f3 22 v\u00edctimas mortales y m\u00e1s de un centenar de heridos, fue vista en estado de shock tras el asalto de Wen y consolada por sus compa\u00f1eras de reparto, Erivo y la oscarizada Michelle Yeoh. Por su parte, dos d\u00edas despu\u00e9s del incidente, la actriz brit\u00e1nica que interpreta a la bruja Elphaba <a href=\"https:\/\/elpais.com\/cultura\/2025-10-02\/wicked-el-poder-verde-conquista-espana-con-mucho-brilli-brilli-y-un-mensaje-antifascista.html\" target=\"_blank\" rel=\"noreferrer nofollow noopener\" title=\"https:\/\/elpais.com\/cultura\/2025-10-02\/wicked-el-poder-verde-conquista-espana-con-mucho-brilli-brilli-y-un-mensaje-antifascista.html\">en Wicked<\/a> s\u00ed aludi\u00f3 al incidente cuando habl\u00f3 p\u00fablicamente de su relaci\u00f3n con Grande durante el rodaje: \u201cHemos pasado por algunas cosas en nuestras vidas, en nuestro trabajo diario&#8230; incluso esta \u00faltima semana, seamos honestas\u201d, dijo Erivo.<\/p>\n<p class=\"\"><a href=\"https:\/\/elpais.com\/cultura\/cine\/2025-11-06\/wicked-zootropolis-lo-nuevo-de-yorgos-lanthimos-y-otras-de-las-peliculas-de-estreno-mas-esperadas-de-noviembre.html\" target=\"_blank\" rel=\"noreferrer nofollow noopener\" title=\"https:\/\/elpais.com\/cultura\/cine\/2025-11-06\/wicked-zootropolis-lo-nuevo-de-yorgos-lanthimos-y-otras-de-las-peliculas-de-estreno-mas-esperadas-de-noviembre.html\">Wicked: For Good<\/a> llega a las salas el pr\u00f3ximo 21 de noviembre, tras el \u00e9xito de su primera entrega. El centro de la historia seguir\u00e1n siendo las dos amigas brujas, ahora separadas por un r\u00e9gimen de mentiras.<\/p>\n","protected":false},"excerpt":{"rendered":"En un juicio celebrado este lunes 17 de noviembre en Singapur, el australiano Johnson Wen, de 26 a\u00f1os,&hellip;\n","protected":false},"author":2,"featured_media":241150,"comment_status":"","ping_status":"","sticky":false,"template":"","format":"standard","meta":{"footnotes":""},"categories":[170],"tags":[1015,30465,3061,146,147,25,24,629,256,260,184,185,753,6478,1748,23],"class_list":{"0":"post-241149","1":"post","2":"type-post","3":"status-publish","4":"format-standard","5":"has-post-thumbnail","7":"category-musica","8":"tag-actrices","9":"tag-ariana-grande","10":"tag-cantantes","11":"tag-entertainment","12":"tag-entretenimiento","13":"tag-es","14":"tag-espana","15":"tag-estados-unidos","16":"tag-famosos","17":"tag-gente","18":"tag-music","19":"tag-musica","20":"tag-peliculas","21":"tag-sentencias","22":"tag-singapur","23":"tag-spain"},"share_on_mastodon":{"url":"https:\/\/pubeurope.com\/@es\/115565951155108309","error":""},"_links":{"self":[{"href":"https:\/\/www.europesays.com\/es\/wp-json\/wp\/v2\/posts\/241149","targetHints":{"allow":["GET"]}}],"collection":[{"href":"https:\/\/www.europesays.com\/es\/wp-json\/wp\/v2\/posts"}],"about":[{"href":"https:\/\/www.europesays.com\/es\/wp-json\/wp\/v2\/types\/post"}],"author":[{"embeddable":true,"href":"https:\/\/www.europesays.com\/es\/wp-json\/wp\/v2\/users\/2"}],"replies":[{"embeddable":true,"href":"https:\/\/www.europesays.com\/es\/wp-json\/wp\/v2\/comments?post=241149"}],"version-history":[{"count":0,"href":"https:\/\/www.europesays.com\/es\/wp-json\/wp\/v2\/posts\/241149\/revisions"}],"wp:featuredmedia":[{"embeddable":true,"href":"https:\/\/www.europesays.com\/es\/wp-json\/wp\/v2\/media\/241150"}],"wp:attachment":[{"href":"https:\/\/www.europesays.com\/es\/wp-json\/wp\/v2\/media?parent=241149"}],"wp:term":[{"taxonomy":"category","embeddable":true,"href":"https:\/\/www.europesays.com\/es\/wp-json\/wp\/v2\/categories?post=241149"},{"taxonomy":"post_tag","embeddable":true,"href":"https:\/\/www.europesays.com\/es\/wp-json\/wp\/v2\/tags?post=241149"}],"curies":[{"name":"wp","href":"https:\/\/api.w.org\/{rel}","templated":true}]}}